{"id":3561,"date":"2011-12-09T17:50:09","date_gmt":"2011-12-09T16:50:09","guid":{"rendered":"https:\/\/intelligent-friend-7861.standoutwp.com\/?p=3561"},"modified":"2014-09-26T13:44:04","modified_gmt":"2014-09-26T12:44:04","slug":"kris-vision-pa-stadsmuseet-och-arbetets-museum","status":"publish","type":"post","link":"https:\/\/www.kultursidan.nu\/?p=3561","title":{"rendered":"Kris &#038; Vision p\u00e5 Stadsmuseet och Arbetets museum"},"content":{"rendered":"<p><iframe loading=\"lazy\" src=\"https:\/\/www.flickr.com\/photos\/kultursidan\/6482377491\/in\/set-72157628346925311\/player\/\" width=\"500\" height=\"336\" frameborder=\"0\" allowfullscreen=\"allowfullscreen\"><\/iframe><\/p>\n<p><em>Elever fr\u00e5n flera skolor har medverkat som referensgrupp\u00a0 \u2013 och bidragit med egna filmer om staden.<\/em><\/p>\n<p><iframe loading=\"lazy\" src=\"http:\/\/www.youtube.com\/embed\/lU492LLsIzY\" width=\"640\" height=\"360\" frameborder=\"0\"><\/iframe><br \/>\n<em>Intervjuer med\u00a0<\/em> <em>utst\u00e4llningsproducenten Matilda Bengtsson, <\/em><em>Arbetets museums chef Niklas Cserhalmi och<br \/>\n<\/em><em>stadsmuseets chef Peter Carelli.<\/em><\/p>\n<p>&nbsp;<\/p>\n<h1><span style=\"color: #ff0000;\">Parutst\u00e4llning vill spegla Norrk\u00f6pings 1900-tal<\/span><\/h1>\n<p>&nbsp;<\/p>\n<p><strong>L\u00f6rdag den 10 december \u00f6ppnade dubbelsatsningen <em>Kris &amp; Vision \u2013 v\u00e5ga \u00e4lska Norrk\u00f6ping<\/em> p\u00e5 Norrk\u00f6pings stadsmuseum och Arbetets museum.<\/strong> Invigningstalade g\u00f6r f\u00f6rre Norrk\u00f6pingsbon Marcus Birro, en man med b\u00e5de kriser och visioner. Cirkus Cirk\u00f6r gav minishow med smatterjacka, huvudsnurra och visselvajer-raketer och kommunens kulturstipendiat Pixie Kamfjord Karlsson tog med gitarren till Stadsmuseet.<\/p>\n<p>Den gemensamt finansierade. planerade och byggda urst\u00e4llningen <em>Kris &amp; Vision<\/em> ska h\u00e5lla f\u00f6r museibes\u00f6karna i fyra \u00e5r och skolornas unga \u00e4r en viktig m\u00e5lgrupp. Men ocks\u00e5 vuxna bes\u00f6kare ska f\u00e5 ut n\u00e5got av utst\u00e4llningen som allts\u00e5 best\u00e5r av tv\u00e5 delar med tv\u00e5 skilda uttryck.<\/p>\n<p><strong>P\u00e5 Stadsmuseet m\u00f6ter <em>Kris &amp; Vision<\/em> som en storstadsdjungel i den stora salen rakt fram. <\/strong>Gl\u00e4nsande huskroppar v\u00e4xer smala och h\u00f6ga med gl\u00e4nsande fasader av bilder, f\u00e4rger, tidningsklipp. I st\u00e4llet f\u00f6r f\u00f6nster \u00e4r d\u00e4r ett och annat h\u00e5l, en liten monter med n\u00e5gra kaffekoppar, en fotbollstr\u00f6ja, en hatt vars tyg v\u00e4vts av det randiga Norrk\u00f6pings-N:et n\u00e5gra plastp\u00e5sar.<\/p>\n<p>Det \u00e4r det n\u00e4rmaste man kommer begreppet nostalgi, och det \u00e4r knappt. Utst\u00e4llningen f\u00f6rmedlar mer viljan att ber\u00e4tta stadens historia i korta drag \u00e4n att stanna upp vid gemensamma h\u00e5llplatser som biografer eller dansst\u00e4llen.<\/p>\n<p>Det \u00e4r f\u00f6rsta g\u00e5ngen Stadsmuseet tar ett s\u00e5dant grepp kring hela \u00e5rhundradet, tidigare utst\u00e4llningar har stannat vid 1980-talet.<\/p>\n<p><strong>Tar man sig in i storstadens gr\u00e4nder \u00f6ppnar den sig f\u00f6r nedslag i viktiga \u00f6gonblick i stadens 1900-talshistoria.<\/strong> Fattiga textilarbetare i d\u00e5liga bost\u00e4der, 1940-talets nazistinfluenser, fabriksd\u00f6den som tog fart under 1950-talet, de statliga verkens ankomst under 1970-talet, 1980-talets rivna kvarter. Men ocks\u00e5 v\u00e4ndningen med b\u00e5de Campus och stadens stolthet: Industrilandskapet som \u00f6ppnats f\u00f6r en ny framtid.<\/p>\n<p>I n\u00e5gra h\u00f6rn \u00f6ppnar sig f\u00f6rdjupningar: en om stadens inv\u00e5nare, representerad av tre kvinnoliv 1911, 1961 och 2001; andra tar upp andra \u00e4mnen, som arbete och stadens liv.<\/p>\n<p>Och l\u00e4ngst in kommer vi fram till ett r\u00f6dm\u00e5lat plank, inte olikt det i V\u00e4stg\u00f6tebacken mitt emot museet och Kn\u00e4ppingen. Affischering \u00e4r f\u00f6rbjuden men sitt g\u00e4rna p\u00e5 b\u00e4nkarna.<\/p>\n<p><strong>Arbetets museum l\u00e5ter <em>Kris &amp; Vision<\/em> bli en inledande, men avsk\u00e4rmad del till den stora fasta utst\u00e4llningen Industriland.<\/strong> Om Stadsmuseets utst\u00e4llning velat skildra verkligheten s\u00e5 handlar Arbetets museums del mer om visionerna, de som kom som svar p\u00e5 kriserna. Vi f\u00e5r p\u00e5 m\u00e5nga s\u00e4tt se samma historia igen, men ur ett nytt perspektiv.<\/p>\n<p>Vi m\u00f6ter framsidan \u2013 Konst- och Industriutst\u00e4llningen 1906, den f\u00e4rgglada affischen d\u00e4r unionsflaggor och skorstensr\u00f6k bl\u00e5ser \u00e5t h\u00f6ger \u2013 mot framtiden. Om h\u00f6rnet v\u00e4ntar fabrikernas baksida.<\/p>\n<p>Det tidiga 1900-talets n\u00f6d, beskriven av Moa Martinsson, f\u00e5r s\u00e5 sm\u00e5ningom svar i nya bost\u00e4der och barnav\u00e5rd \u00e4ven om det tar n\u00e5gra decennier.<\/p>\n<p>N\u00e4sta kris: fabriksnedl\u00e4ggningarna som gjorde att kommunens tungviktare reste till Stockholm f\u00f6r att tala med regeringen ledde till verksflytt med SMHI i topp.<\/p>\n<p>Utst\u00e4llningen visar flera av de restaurerade reklamfilmer kommunen l\u00e5tit g\u00f6ra genom \u00e5ren och som har setts p\u00e5 grannmuseets Filmhyllan under de senaste \u00e5ren. Nu placeras de sitt sammanhang.<\/p>\n<p><strong>L\u00e4ngst in, efter karnevalen som drar upp Norrk\u00f6ping ur rivningstr\u00e4sket, m\u00f6ter vi de ungas bilder av Norrk\u00f6ping.<\/strong> I den pedagogiska verksamheten kommer skolelever att f\u00e5 g\u00f6ra sina egna filmer om staden och om framtiden. Museichefen lovar att spara dem, kanske de hamnar p\u00e5 nya utst\u00e4llningar om Norrk\u00f6ping \u2013 om kanske 50 \u00e5r.<\/p>\n<p><strong>Missa inte den lilla modellen av Holmen<\/strong>, ett arkitektf\u00f6rslag fr\u00e5n mitten av 1980-talet, som l\u00e5ter Holmen \u00e5terf\u00e5 sina ursprungliga konturer, omfamnad av Str\u00f6mmens vatten.<\/p>\n<p><em>Text: Ann-Charlotte Sandelin<br \/>\nFoto: Sven \u00c5ke Molund<\/em><\/p>\n<p>&nbsp;<\/p>\n<ul>\n<li>\n<h3>ARBETETS MUSEUM Norrk\u00f6ping<\/h3>\n<h3>STADSMUSEET Norrk\u00f6ping<\/h3>\n<\/li>\n<li><em>Vernissage 10 december 2011<br \/>\n<\/em><strong>Kris &amp; vision<br \/>\n<\/strong>Utst\u00e4llningsproducent: Matilda Bengtsson<\/li>\n<\/ul>\n<p>&nbsp;<\/p>\n<p>UTST\u00c4LLNINGEN P\u00c5 STADSMUSEET \u2013 BILDSPEL (FLASH) \u2013 KLICKA P\u00c5 BILDEN<br \/>\n<em>ALT\/MOBIL: SE BILDSPELET <a title=\"Bildspel\" href=\"https:\/\/www.flickr.com\/photos\/kultursidan\/sets\/72157628346925311\/show\/\" target=\"_blank\">H\u00c4R<\/a><\/em><br \/>\n<object width=\"400\" height=\"300\"><param name=\"flashvars\" value=\"offsite=true&amp;lang=en-us&amp;page_show_url=%2Fphotos%2Fkultursidan%2Fsets%2F72157628346925311%2Fshow%2F&amp;page_show_back_url=%2Fphotos%2Fkultursidan%2Fsets%2F72157628346925311%2F&amp;set_id=72157628346925311&amp;jump_to=\" \/><param name=\"movie\" value=\"https:\/\/www.flickr.com\/apps\/slideshow\/show.swf?v=1811922554\" \/><param name=\"allowFullScreen\" value=\"true\" \/><\/object><\/p>\n<p>UTST\u00c4LLNINGEN P\u00c5 ARBETETS MUSEUM \u2013 BILDSPEL (FLASH) \u2013 KLICKA P\u00c5 BILDEN<br \/>\n<em>ALT\/MOBIL: SE BILDSPELET <a title=\"Bildspel\" href=\"https:\/\/www.flickr.com\/photos\/kultursidan\/sets\/72157628346981603\/show\/\" target=\"_blank\">H\u00c4R<\/a><\/em><br \/>\n<object width=\"400\" height=\"300\"><param name=\"flashvars\" value=\"offsite=true&amp;lang=en-us&amp;page_show_url=%2Fphotos%2Fkultursidan%2Fsets%2F72157628346981603%2Fshow%2F&amp;page_show_back_url=%2Fphotos%2Fkultursidan%2Fsets%2F72157628346981603%2F&amp;set_id=72157628346981603&amp;jump_to=\" \/><param name=\"movie\" value=\"https:\/\/www.flickr.com\/apps\/slideshow\/show.swf?v=1811922554\" \/><param name=\"allowFullScreen\" value=\"true\" \/><\/object><\/p>\n","protected":false},"excerpt":{"rendered":"<p>NORRK\u00d6PING Norrk\u00f6pings 1900-tal \u2013 tv\u00e5 g\u00e5nger om. Arbetets museum och Norrk\u00f6pings stadsmuseum har slagit sina p\u00e5sar ihop f\u00f6r att gestalta en stad vars 1900-tal karakt\u00e4riseras av tv\u00e5 saker: kriser och visioner.<br \/>\n <a class=\"continue-reading-link\" href=\"https:\/\/www.kultursidan.nu\/?p=3561\">L\u00e4s mer <span class=\"meta-nav\">&rarr; <\/span><\/a><\/p>\n","protected":false},"author":1001006,"featured_media":0,"comment_status":"closed","ping_status":"closed","sticky":false,"template":"","format":"standard","meta":{"_jetpack_memberships_contains_paid_content":false,"footnotes":""},"categories":[7],"tags":[47],"class_list":["post-3561","post","type-post","status-publish","format-standard","hentry","category-norrkoping","tag-utstallning"],"jetpack_featured_media_url":"","jetpack_sharing_enabled":true,"_links":{"self":[{"href":"https:\/\/www.kultursidan.nu\/index.php?rest_route=\/wp\/v2\/posts\/3561","targetHints":{"allow":["GET"]}}],"collection":[{"href":"https:\/\/www.kultursidan.nu\/index.php?rest_route=\/wp\/v2\/posts"}],"about":[{"href":"https:\/\/www.kultursidan.nu\/index.php?rest_route=\/wp\/v2\/types\/post"}],"author":[{"embeddable":true,"href":"https:\/\/www.kultursidan.nu\/index.php?rest_route=\/wp\/v2\/users\/1001006"}],"replies":[{"embeddable":true,"href":"https:\/\/www.kultursidan.nu\/index.php?rest_route=%2Fwp%2Fv2%2Fcomments&post=3561"}],"version-history":[{"count":0,"href":"https:\/\/www.kultursidan.nu\/index.php?rest_route=\/wp\/v2\/posts\/3561\/revisions"}],"wp:attachment":[{"href":"https:\/\/www.kultursidan.nu\/index.php?rest_route=%2Fwp%2Fv2%2Fmedia&parent=3561"}],"wp:term":[{"taxonomy":"category","embeddable":true,"href":"https:\/\/www.kultursidan.nu\/index.php?rest_route=%2Fwp%2Fv2%2Fcategories&post=3561"},{"taxonomy":"post_tag","embeddable":true,"href":"https:\/\/www.kultursidan.nu\/index.php?rest_route=%2Fwp%2Fv2%2Ftags&post=3561"}],"curies":[{"name":"wp","href":"https:\/\/api.w.org\/{rel}","templated":true}]}}