{"id":35692,"date":"2018-04-03T18:13:40","date_gmt":"2018-04-03T17:13:40","guid":{"rendered":"https:\/\/intelligent-friend-7861.standoutwp.com\/?p=35692"},"modified":"2018-04-04T08:16:04","modified_gmt":"2018-04-04T07:16:04","slug":"ostgotateatern-fornyar-pelikanen","status":"publish","type":"post","link":"https:\/\/www.kultursidan.nu\/?p=35692","title":{"rendered":"\u00d6stg\u00f6tateatern f\u00f6rnyar Pelikanen"},"content":{"rendered":"<p><img loading=\"lazy\" decoding=\"async\" class=\"alignnone size-medium wp-image-35693\" src=\"https:\/\/www.kultursidan.nu\/wp-content\/uploads\/2018\/04\/DSCF9791-567x378.jpg\" alt=\"\" width=\"567\" height=\"378\" srcset=\"https:\/\/www.kultursidan.nu\/wp-content\/uploads\/2018\/04\/DSCF9791-567x378.jpg 567w, https:\/\/www.kultursidan.nu\/wp-content\/uploads\/2018\/04\/DSCF9791-768x512.jpg 768w, https:\/\/www.kultursidan.nu\/wp-content\/uploads\/2018\/04\/DSCF9791-1024x682.jpg 1024w, https:\/\/www.kultursidan.nu\/wp-content\/uploads\/2018\/04\/DSCF9791-150x100.jpg 150w, https:\/\/www.kultursidan.nu\/wp-content\/uploads\/2018\/04\/DSCF9791-500x333.jpg 500w, https:\/\/www.kultursidan.nu\/wp-content\/uploads\/2018\/04\/DSCF9791.jpg 1280w\" sizes=\"auto, (max-width: 567px) 100vw, 567px\" \/><br \/>\n<em>Nypremi\u00e4r. Sk\u00e5despelaren Ann-Sofie Andersson Kern spelar dottern Gerda i Strindbergs Pelikanen. \u00d6stg\u00f6tateatern kliver in p\u00e5 Teater Br\u00e5ddgatan 34.<\/em><\/p>\n<p>&nbsp;<\/p>\n<h1><span style=\"color: #ff0000;\">\u201dVi ville os\u00e4kra oss sj\u00e4lva\u201d<\/span><\/h1>\n<p>&nbsp;<\/p>\n<p>NORRK\u00d6PING <strong>Barnteater och de gamla grekerna.<\/strong> Sk\u00e5despelaren Ann-Sofie Andersson Kern \u00f6verraskades av att texten satt s\u00e5 v\u00e4l sedan \u00d6stg\u00f6tateatern satte upp <em>Pelikanen<\/em> \u00e5r 2012. N\u00e4r den nu g\u00f6rs i samarbete med Strindbergs Intima Teater \u00e4r inte mycket sig likt. Nypremi\u00e4r p\u00e5 Teater Br\u00e5ddgatan 34 p\u00e5 <del>onsdag<\/del> torsdag.<\/p>\n<p><strong>Ann-Sofie Andersson Kern och jag har talat om Strindbergs <em>Pelikanen<\/em> f\u00f6rr.<\/strong> \u00d6stg\u00f6tateatern satte n\u00e4mligen upp pj\u00e4sen om familjen som v\u00e5ndas och gr\u00e4lar i samband med ett arvskifte 2012. N\u00e4r den nu spelas igen \u00e4r det minst av allt en repris \u00e4ven om replikerna satt kvar i minnet, faktiskt alldeles f\u00f6r bra.<\/p>\n<p>Hon tar hellre avstamp i den skolteaterf\u00f6rest\u00e4llning hon repeterade i och spelade n\u00e4stan samtidigt. <em>Om vi g\u00e5r hem till mig<\/em> var en poetisk och lekfull interaktiv f\u00f6rest\u00e4llning kring fr\u00e5gan om vad ett hem kan vara. Den spelades f\u00f6r mycket sm\u00e5 grupper, halvklasser, och var en speciell upplevelse b\u00e5de f\u00f6r den unga publiken (jag s\u00e5g den ocks\u00e5) och f\u00f6r sk\u00e5despelarna.<\/p>\n<p>\u2013 Det var f\u00f6rsta g\u00e5ngen jag var med i en demokratisk process. Det var roligt att m\u00f6ta barnen i den interaktiva teatern, minns Ann-Sofie Andersson Kern.<\/p>\n<p>&nbsp;<\/p>\n<p><a title=\"Anna Pettersson\" href=\"https:\/\/www.flickr.com\/photos\/kultursidan\/39786161902\/in\/album-72157665360722717\/\"><img loading=\"lazy\" decoding=\"async\" src=\"https:\/\/farm5.staticflickr.com\/4658\/39786161902_e35ba0ee5e.jpg\" alt=\"Anna Pettersson\" width=\"500\" height=\"328\" \/><\/a><br \/>\n<em> Modernare teaterkonst. Regiss\u00f6ren Anna Pettersson g\u00e4stade f\u00f6rel\u00e4sningsf\u00f6reningen Nyfiken p\u00e5\u2026 i S\u00f6derk\u00f6ping i b\u00f6rjan av \u00e5ret och ber\u00e4ttade om hur teaterkonsten utvecklas och om sitt arbete med Pelikanen.<\/em><\/p>\n<p>&nbsp;<\/p>\n<p><strong>Regiss\u00f6ren och dramaforskaren Anna Pettersson kallades in som ensembleutvecklare till \u00d6stg\u00f6tateatern h\u00e4rom\u00e5ret.<\/strong> Hon forskar om hur man kan skapa ett st\u00f6rre utrymme f\u00f6r sk\u00e5despelarnas kroppsliga impulser och hade samtal och workshops med sk\u00e5despelarna.<\/p>\n<p>Fr\u00e5n b\u00f6rjan var det t\u00e4nkt att leda till en st\u00f6rre produktion. Men n\u00e4r Anna Pettersson kallades till tj\u00e4nsten som konstn\u00e4rlig ledare f\u00f6r Strindbergs Intima Teater r\u00e4ckte tiden inte till. Valet f\u00f6ll i st\u00e4llet p\u00e5 en samproduktion i det mindre formatet, p\u00e5 August Strindbergs kammarspel <em>Pelikanen<\/em>.<\/p>\n<p>\u2013 Jag och William Wahlstedt blev tillfr\u00e5gade om vi ville vara med. Och sedan \u00e4ven Stina von Sydow, ber\u00e4ttar Ann-Sofie Andersson Kern som omedelbart tackade ja.<\/p>\n<p><strong>Arbetsmetoderna skiljer sig.<\/strong> Det vanliga har varit att ensemblen inleder med kollationering, att manus ligger p\u00e5 bordet, att det l\u00e4ses h\u00f6gt. Att sk\u00e5despelarna g\u00e5r med manus i handen och mumlar texten, smakar p\u00e5 orden.<\/p>\n<p>\u2013 Alla svaren finns i texten, beskriver hon.<\/p>\n<p><strong>Den h\u00e4r g\u00e5ngen b\u00f6rjade de s\u00f6kandet p\u00e5 ett helt annat st\u00e4lle.<\/strong> Inte i <em>Pelikanen<\/em> utan i de antika grekiska dramerna, Ann-Sofie Andersson Kern n\u00e4mner <em>Medea<\/em>, men d\u00e4r var fler.<\/p>\n<p>\u2013 Det var f\u00f6r att komma \u00e5t de stora uttrycken, andra uttryck och komma ifr\u00e5n den realistiska spelstilen. Vi ville os\u00e4kra oss sj\u00e4lva.<\/p>\n<p>Vissa dagar har repetitionsarbetet var intensivt och utmattande. \u00c4nd\u00e5 har de fortsatt och kunnat forts\u00e4tta arbeta i den utmattade k\u00e4nslan.<\/p>\n<p>\u2013 Sedan har vi improviserat hela v\u00e4gen en vecka fram till premi\u00e4ren.<\/p>\n<p>Nu har de lagt fast \u201dvissa grejer\u201d, som Ann-Sofie s\u00e4ger, men d\u00e4r \u00e4r fortfarande \u00f6ppet f\u00f6r det improvisatoriska momentet under f\u00f6rest\u00e4llningarna.<\/p>\n<p>&nbsp;<\/p>\n<p><a title=\"Ann-Sofie Andersson Kern\" href=\"https:\/\/www.flickr.com\/photos\/kultursidan\/41210782721\/in\/album-72157665360722717\/\"><img loading=\"lazy\" decoding=\"async\" src=\"https:\/\/farm1.staticflickr.com\/897\/41210782721_900df6499a.jpg\" alt=\"Ann-Sofie Andersson Kern\" width=\"500\" height=\"333\" \/><\/a><br \/>\n<em>Risktagare. Ann-Sofie Andersson Kern har varit med om en sp\u00e4nnande resa i arbetet med Strindbergs Pelikanen. <\/em><\/p>\n<p>&nbsp;<\/p>\n<p><strong>\u2013 Vi har talat om olika typer av n\u00e4rvaro.<\/strong> Att vi befinner oss i samma rum som publiken. Oftast l\u00e5tsas vi som att vi inte g\u00f6r det, det som kallas den fj\u00e4rde v\u00e4ggen.<\/p>\n<p>I upps\u00e4ttningen av <em>Pelikanen<\/em> tar sk\u00e5despelarna allts\u00e5 in publikens n\u00e4rvaro. Det blir en stor skillnad och det har de f\u00e5tt positiv respons p\u00e5 under publiksamtal p\u00e5 Strindbergs Intima Teater i Stockholm d\u00e4r pj\u00e4sen spelats p\u00e5 v\u00e5rvintern. Nu \u00e4r det Norrk\u00f6pingspublikens tur, men inte p\u00e5 Stora teatern utan p\u00e5 mer intima Teater Br\u00e5ddgatan 34, tv\u00e5 kvarter bort.<\/p>\n<p><strong>Under spelperioden i Stockholm har Ann-Sofie Andersson Kern bes\u00f6kt Strindbergsmuseet p\u00e5 Drottninggatan,<\/strong> d\u00e4r f\u00f6rfattaren och dramatikern levde de sista \u00e5ren. Bl\u00e5 tornet kallas det.<\/p>\n<p>\u2013 I sovrummet st\u00e5r hans tofflor kvar nedanf\u00f6r s\u00e4ngen. Han levde d\u00e4r, han dog d\u00e4r. Han k\u00e4nns v\u00e4ldigt n\u00e4rvarande.<\/p>\n<p>Den realism och naturalism som de nu g\u00f6r avsteg ifr\u00e5n \u00e4r starkt f\u00f6rknippad med August Strindbergs teatersyn. Men Ann-Sofie tror att han varit \u00f6ppen f\u00f6r deras s\u00e4tt att ta sig an Pelikanen och tycker att Anna Pettersson arbetat i hans anda.<\/p>\n<p>\u2013 N\u00e4r han skrev sina dramer s\u00e5 var de farliga p\u00e5 sin tid. Han var experimentell. Det hade varit roligt att veta vad han tyckte. Det \u00e4r en svindlande tanke att han skulle g\u00e5 omkring h\u00e4r.<\/p>\n<p><strong>Ann-Sofie Andersson Kern hoppas p\u00e5 en forts\u00e4ttning, att f\u00e5 arbeta fler g\u00e5nger med Anna Pettersson.<\/strong><\/p>\n<p>\u2013 Vi tre sk\u00e5despelare har tillsammans pratat om att f\u00f6rs\u00f6ka beh\u00e5lla tankarna p\u00e5 det h\u00e4r.<\/p>\n<p>\u00c4r det inte en farlig arbetsmetod? Som h\u00f6jer ribban f\u00f6r riskniv\u00e5n?<\/p>\n<p>\u2013 Ja, det \u00e4r farligt. Men jag har ocks\u00e5 k\u00e4nt att jag l\u00e4ngtat efter det h\u00e4r.<\/p>\n<p><em>\u00a9 Text: Ann-Charlotte Sandelin<\/em><br \/>\n<em>\u00a9 Foto: Ann-Charlotte Sandelin och Christina Wernersson<\/em><\/p>\n<blockquote>\n<h4>TEATER BR\u00c5DDGATAN 34 Norrk\u00f6ping<\/h4>\n<p><em>5\u201319 april 2018<\/em><\/p>\n<h4>ELSAS HUS Link\u00f6ping<\/h4>\n<p><em>30 maj \u2013 3 juni 2018<\/em><\/p>\n<p><strong>Pelikanen<\/strong><br \/>\nav August Strindberg<br \/>\nRegi och bearbetning: Anna Pettersson<br \/>\nScenografi: Anna Pettersson och Julia Herskovits (student p\u00e5 Stockholms dramatiska h\u00f6gskola)<br \/>\nLjusdesign: Max Mitle<br \/>\nVideodesign: Erik Rosales<br \/>\nLjuddesign: Gustave Lund<br \/>\nKostym: Julia Herskovits<br \/>\nMask: Birgitta Stenqvist<br \/>\nProd: \u00d6stg\u00f6tateater och Strindbergs Intima Teater<\/p>\n<p style=\"padding-left: 30px;\">SK\u00c5DESPELARE<br \/>\nStina von Sydow<br \/>\nAnn-Sofie Andersson Kern<br \/>\nWilliam Wahlstedt<\/p>\n<\/blockquote>\n<p>L\u00c4NKAR<br \/>\nStrindbergs intima teater <a href=\"http:\/\/strindbergsintimateater.se\" target=\"_blank\" rel=\"noopener\">hemsida<\/a><br \/>\n\u00d6stg\u00f6tateatern <a href=\"http:\/\/www.ostgotateatern.se\" target=\"_blank\" rel=\"noopener\">hemsida<\/a> <a href=\"https:\/\/www.facebook.com\/ostgotateatern?fref=ts\" target=\"_blank\" rel=\"noopener\">Facebook<\/a> <a href=\"http:\/\/www.ostgotateatern.se\/pa-scen\/pelikanen\" target=\"_blank\" rel=\"noopener\">Pelikanen<\/a><br \/>\nNyfiken p\u00e5\u2026 moderna teaterkonsten <a href=\"https:\/\/www.kultursidan.nu\/?p=34383\" target=\"_blank\" rel=\"noopener\">reportage<\/a> Kultursidan.nu 21\/1 2018<br \/>\nHeml\u00f6s lek i klassrummen med Ung scen \u00f6st <a href=\"https:\/\/www.kultursidan.nu\/?p=9205\" target=\"_blank\" rel=\"noopener\">reportage<\/a> Kultursidan.nu 2\/3 2013<br \/>\nPelikanen st\u00e4ller b\u00e5de modern och 1900-talet inf\u00f6r r\u00e4tta <a href=\"https:\/\/www.kultursidan.nu\/?p=8243\" target=\"_blank\" rel=\"noopener\">recension<\/a> Kultursidan.nu 25\/11 2012<br \/>\n\u00d6stg\u00f6tateatern brottas med Strindbergs Pelikanen <a href=\"https:\/\/www.kultursidan.nu\/?p=8161\" target=\"_blank\" rel=\"noopener\">reportage<\/a> Kultursidan.nu 19\/11 2012<\/p>\n","protected":false},"excerpt":{"rendered":"<p>NORRK\u00d6PING Barnteater och de gamla grekerna. Sk\u00e5despelaren Ann-Sofie Andersson Kern \u00f6verraskades av att texten satt s\u00e5 v\u00e4l sedan \u00d6stg\u00f6tateatern satte upp Pelikanen \u00e5r 2012. N\u00e4r den nu g\u00f6rs i samarbete med Strindbergs Intima Teater \u00e4r inte mycket sig likt. Nypremi\u00e4r p\u00e5 Teater Br\u00e5ddgatan 34 p\u00e5 (onsdag) torsdag. <a class=\"continue-reading-link\" href=\"https:\/\/www.kultursidan.nu\/?p=35692\">L\u00e4s mer <span class=\"meta-nav\">&rarr; <\/span><\/a><\/p>\n","protected":false},"author":1001006,"featured_media":0,"comment_status":"closed","ping_status":"open","sticky":false,"template":"","format":"standard","meta":{"_jetpack_memberships_contains_paid_content":false,"footnotes":""},"categories":[55,7],"tags":[12],"class_list":["post-35692","post","type-post","status-publish","format-standard","hentry","category-linkoping","category-norrkoping","tag-teater"],"jetpack_featured_media_url":"","jetpack_sharing_enabled":true,"_links":{"self":[{"href":"https:\/\/www.kultursidan.nu\/index.php?rest_route=\/wp\/v2\/posts\/35692","targetHints":{"allow":["GET"]}}],"collection":[{"href":"https:\/\/www.kultursidan.nu\/index.php?rest_route=\/wp\/v2\/posts"}],"about":[{"href":"https:\/\/www.kultursidan.nu\/index.php?rest_route=\/wp\/v2\/types\/post"}],"author":[{"embeddable":true,"href":"https:\/\/www.kultursidan.nu\/index.php?rest_route=\/wp\/v2\/users\/1001006"}],"replies":[{"embeddable":true,"href":"https:\/\/www.kultursidan.nu\/index.php?rest_route=%2Fwp%2Fv2%2Fcomments&post=35692"}],"version-history":[{"count":5,"href":"https:\/\/www.kultursidan.nu\/index.php?rest_route=\/wp\/v2\/posts\/35692\/revisions"}],"predecessor-version":[{"id":35700,"href":"https:\/\/www.kultursidan.nu\/index.php?rest_route=\/wp\/v2\/posts\/35692\/revisions\/35700"}],"wp:attachment":[{"href":"https:\/\/www.kultursidan.nu\/index.php?rest_route=%2Fwp%2Fv2%2Fmedia&parent=35692"}],"wp:term":[{"taxonomy":"category","embeddable":true,"href":"https:\/\/www.kultursidan.nu\/index.php?rest_route=%2Fwp%2Fv2%2Fcategories&post=35692"},{"taxonomy":"post_tag","embeddable":true,"href":"https:\/\/www.kultursidan.nu\/index.php?rest_route=%2Fwp%2Fv2%2Ftags&post=35692"}],"curies":[{"name":"wp","href":"https:\/\/api.w.org\/{rel}","templated":true}]}}