{"id":35764,"date":"2018-04-06T15:46:28","date_gmt":"2018-04-06T14:46:28","guid":{"rendered":"https:\/\/intelligent-friend-7861.standoutwp.com\/?p=35764"},"modified":"2018-04-06T16:40:31","modified_gmt":"2018-04-06T15:40:31","slug":"darfor-blir-kulturen-ingen-valfraga","status":"publish","type":"post","link":"https:\/\/www.kultursidan.nu\/?p=35764","title":{"rendered":"D\u00e4rf\u00f6r blir kulturen ingen valfr\u00e5ga"},"content":{"rendered":"<p><img loading=\"lazy\" decoding=\"async\" class=\"alignnone size-medium wp-image-35766\" src=\"https:\/\/www.kultursidan.nu\/wp-content\/uploads\/2018\/04\/DSCF9811-567x372.jpg\" alt=\"\" width=\"567\" height=\"372\" srcset=\"https:\/\/www.kultursidan.nu\/wp-content\/uploads\/2018\/04\/DSCF9811-567x372.jpg 567w, https:\/\/www.kultursidan.nu\/wp-content\/uploads\/2018\/04\/DSCF9811-768x504.jpg 768w, https:\/\/www.kultursidan.nu\/wp-content\/uploads\/2018\/04\/DSCF9811-1024x672.jpg 1024w, https:\/\/www.kultursidan.nu\/wp-content\/uploads\/2018\/04\/DSCF9811-150x98.jpg 150w, https:\/\/www.kultursidan.nu\/wp-content\/uploads\/2018\/04\/DSCF9811-508x333.jpg 508w, https:\/\/www.kultursidan.nu\/wp-content\/uploads\/2018\/04\/DSCF9811.jpg 1200w\" sizes=\"auto, (max-width: 567px) 100vw, 567px\" \/><br \/>\n<em>Analytiker. &#8221;Nu \u00e4r samh\u00e4llsdebatten bortkopplad fr\u00e5n partipolitiken. Politikerna och traditionella media f\u00f6rs\u00f6ker springa ifatt&#8221;, sade Lars Anders Johansson.<\/em><\/p>\n<p>&nbsp;<\/p>\n<h1><span style=\"color: #ff0000;\">Ge konstn\u00e4rer m\u00f6jlighet att arbeta<\/span><\/h1>\n<p>&nbsp;<\/p>\n<p>NORRK\u00d6PING <strong>En relativt enig kultursyn \u00e4r orsaken till att kulturen inte blir n\u00e5gon valfr\u00e5ga.<\/strong> Torsdagens kulturdebatt p\u00e5 Arbetets museum baxade in Marika Lagercrantz i v\u00e4nster ringh\u00f6rna och Lars Anders Johansson i h\u00f6ger. De fann varandra men Marika vann p\u00e5 slagf\u00e4rdighet.<\/p>\n<p><strong>Sk\u00e5debanan i \u00d6sterg\u00f6tland och Riksteatern i \u00d6sterg\u00f6tland gjorde gemensam sak n\u00e4r de anordnade kulturdebatten i Folksamsalen p\u00e5 torsdagskv\u00e4llen.<\/strong> Teaterf\u00f6reningens ordf\u00f6rande Lena Lundman h\u00e4lsade v\u00e4lkommen och Sk\u00e5debanans ordf\u00f6rande G\u00f6ran Sarring st\u00e4llde fr\u00e5gorna. Det handlade om bildningsideal kontra instrumentell kultursyn, om tillg\u00e4nglighet och demokratisering och n\u00e5got om stad, \u00f6vergiven stad och om landsbygd.<\/p>\n<p><strong>Fr\u00e5gan om politiska partiers kultursyn sj\u00f6nk snabbt.<\/strong> De har ingen s\u00e4rpr\u00e4glad kulturpolitik och d\u00e4rf\u00f6r blir kulturfr\u00e5gor inte n\u00e5got som avg\u00f6r hur svenska folket r\u00f6star.<\/p>\n<p>\u2013 Det beror p\u00e5 att det r\u00e5der konsensus kring kulturpolitiken, det \u00e4r ett problem. Nu har det blivit heta fr\u00e5gor om identitet, som Milj\u00f6partiet och Sverigedemokraterna driver, f\u00f6rklarade Lars Anders Johansson.<\/p>\n<p>Slagp\u00e5sen Sverigedemokraterna kunde d\u00e4rmed l\u00e4mnas d\u00e4rh\u00e4n. Den fick sitt i blivande teaterchefen Nils Polettis f\u00f6rkl\u00e4dnad vid val\u00e5rsupptakten p\u00e5 Arbetets museum arrangerad av \u00d6stg\u00f6tateatern tidigt i februari.<\/p>\n<p>&nbsp;<\/p>\n<p><a title=\"G\u00f6ran Sarring\" href=\"https:\/\/www.flickr.com\/photos\/kultursidan\/40561449634\/in\/album-72157692213201102\/\"><img loading=\"lazy\" decoding=\"async\" src=\"https:\/\/farm1.staticflickr.com\/888\/40561449634_63e91bd2ff.jpg\" alt=\"G\u00f6ran Sarring\" width=\"500\" height=\"333\" \/><\/a><br \/>\n<em> Fr\u00e5gvis. G\u00f6ran Sarring st\u00e4llde fr\u00e5gor om bildning, tillg\u00e4nglighet, kulturpolitiker, teaterbes\u00f6kare och politik i valr\u00f6relsen.<\/em><\/p>\n<p>&nbsp;<\/p>\n<p><strong>Inledningsvis r\u00f6rde sig samtalet kring begreppet bildning.<\/strong> Moderatorn G\u00f6ran Sarring framh\u00f6ll Sk\u00e5debanans syfte f\u00f6r demokrati och bildning.<\/p>\n<p>\u2013 Man kan vara utbildad utan att ha bildning. Och bildad utan att vara utbildad, svarade Lars Anders Johansson.<\/p>\n<p>Han lyfte fram bildningens motsats, det instrumentella kunskapsidealet, allts\u00e5 utbildning f\u00f6r ekonomisk nytta. Marika Lagercrantz nickade medh\u00e5ll och gick ig\u00e5ng.<\/p>\n<p>\u2013 Den synen har pr\u00e4glat det h\u00e4r landet redan fr\u00e5n 1920-talet, till skillnad fr\u00e5n andra l\u00e4nder, sade hon och exemplifierade inte bara fr\u00e5n kontinenten utan \u00e4ven fr\u00e5n Sveriges n\u00e4ra grannar.<\/p>\n<p><strong>Att poeten, journalisten och tidigare punkmusikern Lars Anders Johansson i sin egenskap av redaktionschef p\u00e5 Timbro h\u00f6r till h\u00f6gern i svensk politisk debatt<\/strong> och sk\u00e5despelaren, regiss\u00f6ren och tidigare svenska kulturattach\u00e9n i Berlin Marika Lagercrantz, ordf\u00f6rande f\u00f6r KLYS, r\u00e4knas som v\u00e4nster m\u00e4rktes knappt. De var snarare ett radarpar som fyllde i och f\u00f6rst\u00e4rkte varandra, med nyanser och utvikningar.<\/p>\n<p><strong>Och som v\u00e4nde p\u00e5 fr\u00e5gorna.<\/strong> som n\u00e4r Lars Anders Johansson ifr\u00e5gasatte G\u00f6rans Sarrings p\u00e5st\u00e5ende att m\u00e5let om tillg\u00e4nglighet till kulturen misslyckats.<\/p>\n<p>\u2013 Tr\u00f6skeln \u00e4r v\u00e4l snarast konkav. Det finns ju inget tuggmotst\u00e5nd. F\u00f6rr kunde folk cykla fem mil till en studiecirkel. Nu \u00e4r det f\u00f6r mycket kultur, dr\u00e4mde han till.<\/p>\n<p><strong>Det \u00e4r v\u00e4l det fr\u00e5gor \u00e4r till f\u00f6r.<\/strong> Att inte vara s\u00e5 viktiga i sig men att s\u00e4tta ig\u00e5ng n\u00e5got. Som tankar om kvalitet, och demokratisering. Som n\u00e4r Marika Lagercrantz gjorde skillnad mellan tillg\u00e4nglighet och personliga val.<\/p>\n<p>\u2013 Varf\u00f6r m\u00e5ste alla g\u00e5r p\u00e5 konstmuseet eller teatern? Jag \u00e4r glad att Norrk\u00f6ping har ett Konstmuseum. Men min kompis som f\u00f6redrar ishockey f\u00f6rs\u00f6ker inte f\u00e5 med mig.<\/p>\n<p>&nbsp;<\/p>\n<p><a title=\"Lars Anders Johansson och Marika Lagercrantz\" href=\"https:\/\/www.flickr.com\/photos\/kultursidan\/40561449404\/in\/album-72157692213201102\/\"><img loading=\"lazy\" decoding=\"async\" src=\"https:\/\/farm1.staticflickr.com\/783\/40561449404_56ec76c691.jpg\" alt=\"Lars Anders Johansson och Marika Lagercrantz\" width=\"500\" height=\"358\" \/><\/a><br \/>\n<em> &#8221;Ibland sl\u00e5r den unga generationen lite v\u00e4l h\u00e5rt. Men det \u00e4r ofta n\u00f6dv\u00e4ndigt&#8221;, resonerade Marika Lagercrantz.<\/em><\/p>\n<p>&nbsp;<\/p>\n<p><strong>Marikas slagf\u00e4rdighet \u00e4r ett n\u00f6je att lyssna till.<\/strong> Hon beskriver hur hon l\u00e4ste <em>Pollyanna<\/em> med ficklampa under t\u00e4cket f\u00f6r att ungflicksboken inte ans\u00e5gs tillr\u00e4ckligt kvalitativ i det lagercrantzka hemmet. Fem po\u00e4ng f\u00f6r hennes fr\u00e5ga efter komplexitet, tr\u00f6tthet p\u00e5 f\u00f6renkling och polaritet.<\/p>\n<p>Dags att dra det d\u00e4r om fin- och fulkultur. En fr\u00e5ga som kulturut\u00f6varna i sig sl\u00e4ppt f\u00f6r hundra \u00e5r sedan, men inte samh\u00e4llet i stort.<\/p>\n<p>\u2013 Och nu dog Lill-Babs, och i f\u00f6rra veckan Jerry Williams. Det \u00e4r en stark uppdelning mellan fin och ful kultur i Sverige, det g\u00f6r att m\u00e5nga framst\u00e5ende politiker inte har n\u00e5gon stark relation till kulturen. Vi har v\u00e5r identitet i det instrumentala, konstaterade Marika Lagercrantz, som gladdes \u00f6ver att det \u00e4r p\u00e5 v\u00e4g att f\u00f6r\u00e4ndras.<\/p>\n<p><strong>Att politiker inte ska l\u00e4gga sig i vad som skrivs, spelas, skapas konstn\u00e4rligt \u00e4r en viktig grundsten i svensk politik.<\/strong> Men det hindrar inte att kulturpolitik \u00e4r viktig, att ge m\u00f6jlighet till konstn\u00e4rer inom alla genrer leva p\u00e5 sitt arbete oavsett hur g\u00e5ngbart det \u00e4r p\u00e5 den instrumentella marknaden.<\/p>\n<p>\u2013 Att en konstn\u00e4rspolitisk utredning har tillsatts idag \u00e4r en stor h\u00e4ndelse. Fantastiskt att det \u00e4ntligen diskuteras hur vi ska st\u00f6dja v\u00e5ra konstn\u00e4rer. Det \u00e4r en katastrof att leva som konstn\u00e4r eller journalist i dag. Upphovsr\u00e4tten har exploderat p\u00e5 n\u00e4tet n\u00e4r Netflix och Facebook talar om \u201dv\u00e5rt inneh\u00e5ll\u201d \u2013 det \u00e4r ju andra m\u00e4nniskor som skapat det, utbrast Marika Lagercrantz.<\/p>\n<p><strong>H\u00e4r n\u00e4rmade sig samtalet \u00e4ntligen det politiska och h\u00e4r kanske skiljelinjerna mellan h\u00f6ger och v\u00e4nster skulle tydliggjorts.<\/strong> Men d\u00e5 blev det paus och jag hade en teaterf\u00f6rest\u00e4llning att cykla vidare till.<\/p>\n<p><em>\u00a9 Text och foto: Ann-Charlotte Sandelin<\/em><\/p>\n<blockquote>\n<h4>ARBETETS MUSEUM Norrk\u00f6ping<\/h4>\n<p><em>5 april 2018<\/em><br \/>\n<strong>Inf\u00f6r valet \u2013 samtal om kulturpolitik<\/strong><br \/>\nModerator: G\u00f6ran Sarring<br \/>\nMedverkande: Marika Lagercrantz och Lars Anders Johansson<br \/>\nArr: Sk\u00e5debanan \u00d6sterg\u00f6tland och Riksteatern \u00d6sterg\u00f6tland<\/p>\n<p style=\"padding-left: 30px;\">NATIONELLA KULTURPOLITISKA M\u00c5L<br \/>\nantagna av Sveriges Riksdag 2009<\/p>\n<p style=\"padding-left: 30px;\">Kulturen ska vara en dynamisk, utmanande och obunden kraft med yttrandefriheten som grund. Alla ska ha m\u00f6jlighet att delta i kulturlivet. Kreativitet, m\u00e5ngfald och konstn\u00e4rlig kvalitet ska pr\u00e4gla samh\u00e4llets utveckling.<\/p>\n<\/blockquote>\n<p>L\u00c4NKAR<br \/>\nKLYS \u2013 Konstn\u00e4rliga och Litter\u00e4ra Yrkesut\u00f6vares Samarbetsn\u00e4mnd <a href=\"http:\/\/www.klys.se\" target=\"_blank\" rel=\"noopener\">hemsida<\/a><br \/>\nTimbro \u2013 marknadsekonomisk tankesmedja <a href=\"https:\/\/timbro.se\" target=\"_blank\" rel=\"noopener\">hemsida<\/a><br \/>\nRiksteatern \u00d6sterg\u00f6tland <a href=\"http:\/\/ostergotland.riksteatern.se\" target=\"_blank\" rel=\"noopener\">hemsida<\/a> <a href=\"https:\/\/www.facebook.com\/riksteaternostergotland\/\" target=\"_blank\" rel=\"noopener\">Facebook<\/a><br \/>\nSk\u00e5debanan \u00d6sterg\u00f6tland <a href=\"http:\/\/www.skadebanan.nu\" target=\"_blank\" rel=\"noopener\">hemsida<\/a> <a href=\"https:\/\/www.facebook.com\/skadebananostergotland\/\" target=\"_blank\" rel=\"noopener\">Facebook<\/a><br \/>\nVal\u00e5rsupptakt med satir och samtal <a href=\"https:\/\/www.kultursidan.nu\/?p=34715\" target=\"_blank\" rel=\"noopener\">reportage<\/a> Kultursidan.nu 11\/2 2018<\/p>\n","protected":false},"excerpt":{"rendered":"<p>NORRK\u00d6PING En relativt enig kultursyn \u00e4r orsaken till att kulturen inte blir n\u00e5gon valfr\u00e5ga. Torsdagens kulturdebatt p\u00e5 Arbetets museum baxade in Marika Lagercrantz i v\u00e4nster ringh\u00f6rna och Lars Anders Johansson i h\u00f6ger. De fann varandra men Marika vann p\u00e5 slagf\u00e4rdighet. <a class=\"continue-reading-link\" href=\"https:\/\/www.kultursidan.nu\/?p=35764\">L\u00e4s mer <span class=\"meta-nav\">&rarr; <\/span><\/a><\/p>\n","protected":false},"author":1001006,"featured_media":0,"comment_status":"closed","ping_status":"open","sticky":false,"template":"","format":"standard","meta":{"_jetpack_memberships_contains_paid_content":false,"footnotes":""},"categories":[7],"tags":[15,56],"class_list":["post-35764","post","type-post","status-publish","format-standard","hentry","category-norrkoping","tag-debatt","tag-politik"],"jetpack_featured_media_url":"","jetpack_sharing_enabled":true,"_links":{"self":[{"href":"https:\/\/www.kultursidan.nu\/index.php?rest_route=\/wp\/v2\/posts\/35764","targetHints":{"allow":["GET"]}}],"collection":[{"href":"https:\/\/www.kultursidan.nu\/index.php?rest_route=\/wp\/v2\/posts"}],"about":[{"href":"https:\/\/www.kultursidan.nu\/index.php?rest_route=\/wp\/v2\/types\/post"}],"author":[{"embeddable":true,"href":"https:\/\/www.kultursidan.nu\/index.php?rest_route=\/wp\/v2\/users\/1001006"}],"replies":[{"embeddable":true,"href":"https:\/\/www.kultursidan.nu\/index.php?rest_route=%2Fwp%2Fv2%2Fcomments&post=35764"}],"version-history":[{"count":5,"href":"https:\/\/www.kultursidan.nu\/index.php?rest_route=\/wp\/v2\/posts\/35764\/revisions"}],"predecessor-version":[{"id":35780,"href":"https:\/\/www.kultursidan.nu\/index.php?rest_route=\/wp\/v2\/posts\/35764\/revisions\/35780"}],"wp:attachment":[{"href":"https:\/\/www.kultursidan.nu\/index.php?rest_route=%2Fwp%2Fv2%2Fmedia&parent=35764"}],"wp:term":[{"taxonomy":"category","embeddable":true,"href":"https:\/\/www.kultursidan.nu\/index.php?rest_route=%2Fwp%2Fv2%2Fcategories&post=35764"},{"taxonomy":"post_tag","embeddable":true,"href":"https:\/\/www.kultursidan.nu\/index.php?rest_route=%2Fwp%2Fv2%2Ftags&post=35764"}],"curies":[{"name":"wp","href":"https:\/\/api.w.org\/{rel}","templated":true}]}}