{"id":35862,"date":"2018-04-12T15:42:15","date_gmt":"2018-04-12T14:42:15","guid":{"rendered":"https:\/\/intelligent-friend-7861.standoutwp.com\/?p=35862"},"modified":"2018-04-12T20:15:58","modified_gmt":"2018-04-12T19:15:58","slug":"alexandra-boutros-skapar-dans-for-livet","status":"publish","type":"post","link":"https:\/\/www.kultursidan.nu\/?p=35862","title":{"rendered":"Alexandra Boutros skapar dans f\u00f6r livet"},"content":{"rendered":"<p><img loading=\"lazy\" decoding=\"async\" class=\"alignnone size-medium wp-image-35863\" src=\"https:\/\/www.kultursidan.nu\/wp-content\/uploads\/2018\/04\/DSCF9852-567x378.jpg\" alt=\"\" width=\"567\" height=\"378\" srcset=\"https:\/\/www.kultursidan.nu\/wp-content\/uploads\/2018\/04\/DSCF9852-567x378.jpg 567w, https:\/\/www.kultursidan.nu\/wp-content\/uploads\/2018\/04\/DSCF9852-768x512.jpg 768w, https:\/\/www.kultursidan.nu\/wp-content\/uploads\/2018\/04\/DSCF9852-1024x683.jpg 1024w, https:\/\/www.kultursidan.nu\/wp-content\/uploads\/2018\/04\/DSCF9852-150x100.jpg 150w, https:\/\/www.kultursidan.nu\/wp-content\/uploads\/2018\/04\/DSCF9852-500x333.jpg 500w, https:\/\/www.kultursidan.nu\/wp-content\/uploads\/2018\/04\/DSCF9852.jpg 1200w\" sizes=\"auto, (max-width: 567px) 100vw, 567px\" \/><br \/>\n<em>Berusande. En sekvens ur koreografin Gift, en av tolv danser i f\u00f6rest\u00e4llningen Tellus som har premi\u00e4r torsdag 19 april p\u00e5 Lennings.<\/em><\/p>\n<p>&nbsp;<\/p>\n<h1><span style=\"color: #ff0000;\">&#8221;Dans f\u00f6r alla kroppar och hj\u00e4rnor&#8221;<\/span><\/h1>\n<p>&nbsp;<\/p>\n<p>NORRK\u00d6PING <strong>Alexandra Boutros \u00e4r van att ta i.<\/strong> Som med den l\u00e5nga titeln <em>Tellus \u2013 en dansf\u00f6rest\u00e4llning om planeten vi kallar f\u00f6r v\u00e4rlden<\/em>. 12 koreografier i ett f\u00f6rs\u00f6k att gestalta s\u00e5 m\u00e5nga problem som m\u00f6jligt. Dansen ger henne styrka.<\/p>\n<p><strong>\u2013 Shit!,<\/strong> s\u00e4ger ljusteknikern Lizette Melin tv\u00e5 starka koreografier och en kvart senare.<\/p>\n<p>En kvart tidigare har l\u00e4raren Johan Wahlqvist l\u00e4mnat Lennings stora svarta scen med orden \u201dEn dansare m\u00e5ste kunna ljus och det \u00e4r h\u00e4r det b\u00f6rjar\u201d. Det \u00e4r teaterl\u00e4raren som satt ljuset efter koreografens \u00f6nskem\u00e5l. Men nu \u00e4r det Lizette som rattar ljusbordet.<\/p>\n<p><strong>Fokus flyttar \u00f6ver till dansarna p\u00e5 golvet.<\/strong> Koreografen Alexandra Boutros ger n\u00e5gra korta instruktioner den f\u00f6rsta av de tv\u00e5 danser jag f\u00e5r se rullar ig\u00e5ng. Jag \u00f6verraskas av att hon inte kliver av golvet utan g\u00e5r in med en r\u00f6d mugg som hon l\u00e5tsas dricka ur. Hon b\u00e5de skapar koreografierna och dansar med.<\/p>\n<p>Jag fotograferar. Mitt fokus \u00e4r i kameran \u2013 kollar snabbt hur ljusa eller snarare hur m\u00f6rka bilderna blir. M\u00e4rker en snygg upptrappning av antalet dansare med effektfullt lysande muggar. Musik, undrar vem som sjunger. Mest ser jag gestaltningen av \u00f6kande berusning, fr\u00e5n festlig gemenskap till fall av fylla. Jag flyttar mig till sidan, f\u00f6r att f\u00e5 mer av det fl\u00f6dande bakljuset, lite mer kroppsdetaljer.<\/p>\n<p>&nbsp;<\/p>\n<p><a title=\"Tellus \u2013 en dansf\u00f6rest\u00e4llning om planeten vi kallar f\u00f6r v\u00e4rlden \u2013 av Alexandra Boutros\" href=\"https:\/\/www.flickr.com\/photos\/kultursidan\/40514276155\/in\/album-72157667722174568\/\"><img loading=\"lazy\" decoding=\"async\" src=\"https:\/\/farm1.staticflickr.com\/812\/40514276155_ea7e4e625b.jpg\" alt=\"Tellus \u2013 en dansf\u00f6rest\u00e4llning om planeten vi kallar f\u00f6r v\u00e4rlden \u2013 av Alexandra Boutros\" width=\"500\" height=\"333\" \/><\/a><br \/>\n<em>Gift. Ett inl\u00e4gg mot alkoholkonsumtion.<\/em><\/p>\n<p>&nbsp;<\/p>\n<p><strong>\u2013 <em>Gift<\/em> heter den, s\u00e4ger Alexandra Boutros efter\u00e5t.<\/strong>\u2013 Alkohol \u00e4r ett gift som f\u00f6rst\u00f6r. Men kan ha roligt utan att dricka alkohol.<\/p>\n<p>D\u00e5 sitter vi i soffan teater- och danselevernas uppeh\u00e5llsrum i deras del av Lennings, byggnaden d\u00e4r flera av De Geergymnasiets estetelever studerar.<\/p>\n<p>\u2013 Redan i ettan visste jag att jag ville g\u00f6ra en dansf\u00f6rest\u00e4llning som mitt gymnasiearbete.<\/p>\n<p><strong>Alexandra Boutros var sju \u00e5r n\u00e4r hon m\u00f6tte dansen och blev f\u00f6r\u00e4lskad.<\/strong> B\u00e4sta kompisen gick p\u00e5 dansskola och blev p\u00e5 s\u00e5 s\u00e4tt Alexandras f\u00f6rsta dansl\u00e4rare. Hon visade vad hon l\u00e4rt sig och de tv\u00e5 tjejerna upptr\u00e4dde i skolan. N\u00e4r hon var tio \u00e5r fick hon sj\u00e4lv b\u00f6rja i dansskola.<\/p>\n<p>\u2013 Jag dansade showdans, street, jazz. Testade en massa workshops f\u00f6r att l\u00e4ra mig s\u00e5 mycket som m\u00f6jligt.<\/p>\n<p>Hon s\u00f6kte De Geers Danslinje och kom in. H\u00e4r har hon l\u00e4rt sig mycket och f\u00e5tt en stadig grund. Eleverna tr\u00e4nar balett, jazz och modern samtida dans.<\/p>\n<p>\u2013 Jag har blivit stark rent tekniskt.<\/p>\n<p>&nbsp;<\/p>\n<p><a title=\"Alexandra Boutros\" href=\"https:\/\/www.flickr.com\/photos\/kultursidan\/41367375202\/in\/album-72157667722174568\/\"><img loading=\"lazy\" decoding=\"async\" src=\"https:\/\/farm1.staticflickr.com\/810\/41367375202_97ca5d718f.jpg\" alt=\"Alexandra Boutros\" width=\"500\" height=\"333\" \/><\/a><br \/>\n<em> Kraftpaket. Dansen \u00e4r livet f\u00f6r Alexandra Boutros.<\/em><\/p>\n<p>&nbsp;<\/p>\n<p><strong>Under sommarlovet inf\u00f6r trean b\u00f6rjade id\u00e9erna komma.<\/strong> Sedan skolan b\u00f6rjade har hon i princip jobbat varje dag. Hon inte bara koreograferar, hon tar ansvar f\u00f6r hela produktionen.<\/p>\n<p>\u2013 Jag t\u00e4nkte att jag ville utmana mig sj\u00e4lv med n\u00e5got jag inte gjort f\u00f6rut. N\u00e5got som egentligen \u00e4r f\u00f6r sv\u00e5rt. Jag ville utveckla mig sj\u00e4lv dansm\u00e4ssigt och som person.<\/p>\n<p>Att skapa 12 koreografier och leda gruppen med \u00e5tta dansare har gett henne sj\u00e4lvf\u00f6rtroende. Alexandra Boutros \u00e4r minst lika glad n\u00e4r hon ser hur dansarna utvecklats, de flesta g\u00e5r i ettan, n\u00e5gra i tv\u00e5an.<\/p>\n<p>\u2013 Jag vill inte bara utveckla mig sj\u00e4lv. Jag vill utveckla dem ocks\u00e5.<\/p>\n<p><strong>Titeln \u00e4r l\u00e5ng:<em> Tellus \u2013 en dansf\u00f6rest\u00e4llning om planeten vi kallar f\u00f6r v\u00e4rlden.<\/em><\/strong> Alexandra Boutros f\u00e5ngar \u00e4mnet fr\u00e5n olika h\u00e5ll. Som att varje person \u00e4r sin egen v\u00e4rld, allts\u00e5 ryms 7 miljarder v\u00e4rldar p\u00e5 v\u00e5rt jordklot.<\/p>\n<p>\u2013 <em>Kvinnokraft<\/em> handlar om girl power. <em>Mobilepidemin<\/em> om att teknologin g\u00e5tt f\u00f6r l\u00e5ngt \u2013 vi m\u00e5ste se varandra och inte sk\u00e4rmarna. <em>Psykfall<\/em> om hur samh\u00e4llet ser p\u00e5 psykisk oh\u00e4lsa och om hj\u00e4rnsp\u00f6ken.<\/p>\n<p>En av koreografierna ingick i Danslinjens Vinterf\u00f6rest\u00e4llning <em>Audite<\/em> med temat flickors r\u00e4ttigheter. Bara det bidraget hade r\u00e4ckt f\u00f6r att knyta ihop s\u00e4cken om examensarbetet med dess planering och produktion. Men Alexandra Boutros ville g\u00f6ra en komplett dansf\u00f6rest\u00e4llning.<\/p>\n<p>\u2013 St\u00f6rsta m\u00e5let \u00e4r att f\u00e5 publiken att ta del av \u00e4mnena. Men ocks\u00e5 att f\u00e5 med sig budskapet att man kan g\u00f6ra mer \u00e4n vad man tror.<\/p>\n<p>&nbsp;<\/p>\n<p><a title=\"Tellus \u2013 en dansf\u00f6rest\u00e4llning om planeten vi kallar f\u00f6r v\u00e4rlden \u2013 av Alexandra Boutros\" href=\"https:\/\/www.flickr.com\/photos\/kultursidan\/39600748080\/in\/album-72157667722174568\/\"><img loading=\"lazy\" decoding=\"async\" src=\"https:\/\/farm1.staticflickr.com\/895\/39600748080_2b4c7a3746.jpg\" alt=\"Tellus \u2013 en dansf\u00f6rest\u00e4llning om planeten vi kallar f\u00f6r v\u00e4rlden \u2013 av Alexandra Boutros\" width=\"500\" height=\"333\" \/><\/a><br \/>\n<em>Attack. Koreografin Psykfall gestaltar mobbning och utanf\u00f6rskap.<\/em><\/p>\n<p>&nbsp;<\/p>\n<p><strong>Drivkraften heter f\u00f6rst och fr\u00e4mst k\u00e4rlek till dansen, men ocks\u00e5 ADHD.<\/strong> Den diagnos som st\u00e4ller till det ibland f\u00f6r henne, men oftast inte. Det kanske mer handlar om omgivningens r\u00e4dsla inf\u00f6r den som inte f\u00f6ljer str\u00f6mmen. Alexandra har haft sin besk\u00e4rda del av utanf\u00f6rskap och av att tappa alla kartans k\u00e4nda platser, l\u00e4rare, v\u00e4nner n\u00e4r hon b\u00f6rjade p\u00e5 gymnasiet.<\/p>\n<p>\u2013 ADHD \u00e4r ingen sjukdom. Jag kan hela tiden bli b\u00e4ttre. Jag f\u00e5r bara k\u00e4mpa extra h\u00e5rt.<\/p>\n<p>Och faktiskt, allra mest, \u00e4r det som ett extra kraftpaket n\u00e4r Alexandra Boutros f\u00e5r sl\u00e4ppa loss sin kreativitet och k\u00e4nner att hon har kontrollen.<\/p>\n<p><strong>Jag fotograferar <em>Psykfall<\/em>.<\/strong> Alexandra p\u00e5 kn\u00e4 inf\u00f6r anonyma sylfider i svartvita masker. Grupptryck och utanf\u00f6rskap. En vilja att fly, k\u00e4nslan att springa i kvicksand. H\u00e4nder som str\u00e4cker sig efter henne.<\/p>\n<p>\u2013 Jag ser bilder i huvudet. <em>Psykfall<\/em> gjorde jag i huvudet en kv\u00e4ll p\u00e5 mitt rum.<\/p>\n<p><strong>\u2013 Jag vill bidra till en mer \u00f6ppen dansv\u00e4rld.<\/strong> F\u00f6r alla sorter kroppar, alla sorters hj\u00e4rnor. Dansen och jag h\u00f6r ihop, s\u00e4ger Alexandra Boutros.<\/p>\n<p><em>\u00a9 Text och foto: Ann-Charlotte Sandelin\u2028<\/em><\/p>\n<p>BILDSPEL \u2013 KLICKA P\u00c5 BILDENS PILAR<\/p>\n<p><a data-flickr-embed='true' href='https:\/\/www.flickr.com\/photos\/kultursidan\/albums\/72157667722174568' title='Alexandra Boutros F\u00d6RH, Lennings, De Geergymnasiet 2018 by Kultursidan, on Flickr'><img src='https:\/\/live.staticflickr.com\/900\/40514276335_2803307f9e_z.jpg' width='800' height='600' alt='Lizette Melin, ljustekniker'><\/a><script async src='https:\/\/embedr.flickr.com\/assets\/client-code.js' charset='utf-8'><\/script><\/p>\n<blockquote>\n<h4>LENNINGS Norrk\u00f6ping<\/h4>\n<p><em>19\u201322 april 2018<\/em><br \/>\n<strong>Tellus \u2013 en dansf\u00f6rest\u00e4llning om planeten vi kallar f\u00f6r v\u00e4rlden<\/strong><br \/>\nDansf\u00f6rest\u00e4llning<br \/>\nKoreografi\/produktion: Alexandra Boutros, De Geergymnasiet \u00e5k 3<br \/>\nKonferencier under f\u00f6rest\u00e4llningen: Lovisa Mercurio<br \/>\nLjusdesign: Johan Wahlqvist<br \/>\nLjud och ljus: Lizette Melin<\/p>\n<p style=\"padding-left: 30px;\">DANSARE<br \/>\nAlexandra Boutros, Jennifer Pettersson, Moa Klungseth<br \/>\nNatasha Olivos Nordh, Julia Svennberg, Agnes Eriksson<br \/>\nTuva Adolphson, Tilde Jakobsson och Michelle Engsmark<\/p>\n<\/blockquote>\n<p>L\u00c4NKAR<br \/>\nDe Geergymnasiet <a href=\"http:\/\/www.degeer.norrkoping.se\" target=\"_blank\" rel=\"noopener noreferrer\">hemsida<\/a>\u00a0 <a href=\"https:\/\/www.facebook.com\/DeGeergymnasiet\/?fref=ts\" target=\"_blank\" rel=\"noopener noreferrer\">Facebook<\/a> <a href=\"https:\/\/www.facebook.com\/events\/1952023555126365\/\" target=\"_blank\" rel=\"noopener\"> FB-evenemang<\/a><br \/>\nDe Geers dansare p\u00e5 spr\u00e5ng f\u00f6r Audite <a href=\"https:\/\/www.kultursidan.nu\/?p=33941\" target=\"_blank\" rel=\"noopener\">reportage<\/a> Kultursidan.nu 13\/12 2017<\/p>\n","protected":false},"excerpt":{"rendered":"<p>NORRK\u00d6PING Alexandra Boutros \u00e4r van att ta i. Som med den l\u00e5nga titeln Tellus \u2013 en dansf\u00f6rest\u00e4llning om planeten vi kallar f\u00f6r v\u00e4rlden. 12 koreografier i ett f\u00f6rs\u00f6k att gestalta s\u00e5 m\u00e5nga problem som m\u00f6jligt. Dansen ger henne styrka. <a class=\"continue-reading-link\" href=\"https:\/\/www.kultursidan.nu\/?p=35862\">L\u00e4s mer <span class=\"meta-nav\">&rarr; <\/span><\/a><\/p>\n","protected":false},"author":1001006,"featured_media":0,"comment_status":"closed","ping_status":"open","sticky":false,"template":"","format":"standard","meta":{"_jetpack_memberships_contains_paid_content":false,"footnotes":""},"categories":[7],"tags":[41,12],"class_list":["post-35862","post","type-post","status-publish","format-standard","hentry","category-norrkoping","tag-dans","tag-teater"],"jetpack_featured_media_url":"","jetpack_sharing_enabled":true,"_links":{"self":[{"href":"https:\/\/www.kultursidan.nu\/index.php?rest_route=\/wp\/v2\/posts\/35862","targetHints":{"allow":["GET"]}}],"collection":[{"href":"https:\/\/www.kultursidan.nu\/index.php?rest_route=\/wp\/v2\/posts"}],"about":[{"href":"https:\/\/www.kultursidan.nu\/index.php?rest_route=\/wp\/v2\/types\/post"}],"author":[{"embeddable":true,"href":"https:\/\/www.kultursidan.nu\/index.php?rest_route=\/wp\/v2\/users\/1001006"}],"replies":[{"embeddable":true,"href":"https:\/\/www.kultursidan.nu\/index.php?rest_route=%2Fwp%2Fv2%2Fcomments&post=35862"}],"version-history":[{"count":8,"href":"https:\/\/www.kultursidan.nu\/index.php?rest_route=\/wp\/v2\/posts\/35862\/revisions"}],"predecessor-version":[{"id":35871,"href":"https:\/\/www.kultursidan.nu\/index.php?rest_route=\/wp\/v2\/posts\/35862\/revisions\/35871"}],"wp:attachment":[{"href":"https:\/\/www.kultursidan.nu\/index.php?rest_route=%2Fwp%2Fv2%2Fmedia&parent=35862"}],"wp:term":[{"taxonomy":"category","embeddable":true,"href":"https:\/\/www.kultursidan.nu\/index.php?rest_route=%2Fwp%2Fv2%2Fcategories&post=35862"},{"taxonomy":"post_tag","embeddable":true,"href":"https:\/\/www.kultursidan.nu\/index.php?rest_route=%2Fwp%2Fv2%2Ftags&post=35862"}],"curies":[{"name":"wp","href":"https:\/\/api.w.org\/{rel}","templated":true}]}}