{"id":35898,"date":"2018-04-15T15:11:26","date_gmt":"2018-04-15T14:11:26","guid":{"rendered":"https:\/\/intelligent-friend-7861.standoutwp.com\/?p=35898"},"modified":"2018-04-15T15:11:26","modified_gmt":"2018-04-15T14:11:26","slug":"100-aringen-ewk-hyllas-pa-stinsen","status":"publish","type":"post","link":"https:\/\/www.kultursidan.nu\/?p=35898","title":{"rendered":"100-\u00e5ringen EWK hyllas p\u00e5 Stinsen"},"content":{"rendered":"<p><img loading=\"lazy\" decoding=\"async\" class=\"alignnone size-medium wp-image-35899\" src=\"https:\/\/www.kultursidan.nu\/wp-content\/uploads\/2018\/04\/2M8A1406-567x369.jpg\" alt=\"\" width=\"567\" height=\"369\" srcset=\"https:\/\/www.kultursidan.nu\/wp-content\/uploads\/2018\/04\/2M8A1406-567x369.jpg 567w, https:\/\/www.kultursidan.nu\/wp-content\/uploads\/2018\/04\/2M8A1406-768x499.jpg 768w, https:\/\/www.kultursidan.nu\/wp-content\/uploads\/2018\/04\/2M8A1406-1024x666.jpg 1024w, https:\/\/www.kultursidan.nu\/wp-content\/uploads\/2018\/04\/2M8A1406-150x98.jpg 150w, https:\/\/www.kultursidan.nu\/wp-content\/uploads\/2018\/04\/2M8A1406-512x333.jpg 512w, https:\/\/www.kultursidan.nu\/wp-content\/uploads\/2018\/04\/2M8A1406.jpg 1200w\" sizes=\"auto, (max-width: 567px) 100vw, 567px\" \/><br \/>\n<em>Kunskapens frukt fr\u00e5n 1984. Designern Margareta van den Bosch \u00f6ppnade sin pappas utst\u00e4llning.<\/em><\/p>\n<p>&nbsp;<\/p>\n<h1><span style=\"color: #ff0000;\">F\u00f6runderligt aktuella teckningar<br \/>\n<\/span><\/h1>\n<p>&nbsp;<\/p>\n<p>S\u00d6DERK\u00d6PING <strong>Vad skulle han ritat om krisen i Svenska Akademien?<\/strong> I \u00e5r \u00e4r det 100 \u00e5r sedan EWK f\u00f6ddes i Mogata. I l\u00f6rdags invigdes <em>EWK 100 \u00e5r \u2013 en ber\u00e4ttelse fr\u00e5n ig\u00e5r och idag,<\/em> en stor utst\u00e4llning med teckningar av S\u00f6derk\u00f6pings och Sveriges mest ber\u00f6mda penna.<\/p>\n<p><strong>G\u00f6ran Persson i gestalt av en mallgroda.<\/strong> Mona Sahlin som en kr\u00e5mande p\u00e5f\u00e5gel och giraffen Carl Bildt som str\u00e4cker sin l\u00e5nga hals h\u00f6gt ovanf\u00f6r de kritiska molnen.\u00a0Det \u00e4r n\u00e5gra av de satiriska politikerteckningar av EWK som nu finns att se p\u00e5 Stinsen i S\u00f6derk\u00f6ping.<\/p>\n<p><strong>P\u00e5 l\u00f6rdagen invigdes en utst\u00e4llning med verk av\u00a0Evert Karlsson, mera k\u00e4nd som EWK.<\/strong> Den invigdes av konstn\u00e4rens dotter designern Margareta van den Bosch. Innan dess h\u00e4lsade\u00a0 kommunfullm\u00e4ktiges ordf\u00f6rande i S\u00f6derk\u00f6ping Gerd Aronsson v\u00e4lkommen.<\/p>\n<p>EWK-s\u00e4llskapets ordf\u00f6rande Lars-Olof Johansson ber\u00e4ttade n\u00e5got om s\u00e4llskapets historia och Carina Milde som \u00e4r intendent f\u00f6r EWK-museet i Arbetets Museum i Norrk\u00f6ping gav en bild av konstn\u00e4ren och hans verk.<\/p>\n<p>&nbsp;<\/p>\n<p><a title=\"Bilden t v har ingen titel men skulle kunna heta Me too. I mitten en tidig utg\u00e5va av Moder jord och t h Flykting fr\u00e5n 1987.\" href=\"https:\/\/www.flickr.com\/photos\/kultursidan\/39663751480\/in\/album-72157695675040255\/\"><img loading=\"lazy\" decoding=\"async\" src=\"https:\/\/farm1.staticflickr.com\/790\/39663751480_932417ef0c.jpg\" alt=\"Bilden t v har ingen titel men skulle kunna heta Me too. I mitten en tidig utg\u00e5va av Moder jord och t h Flykting fr\u00e5n 1987.\" width=\"500\" height=\"249\" \/><\/a><br \/>\n<em>Bilden till v\u00e4nster har ingen titel men skulle kunna heta Me too. I mitten en tidig utg\u00e5va av Moder Jord och till h\u00f6ger Flykting fr\u00e5n 1987.<\/em><\/p>\n<p>&nbsp;<\/p>\n<p><strong>EWK har kallats Sveriges st\u00f6rsta politiska illustrat\u00f6r.<\/strong> Det finns ingen som s\u00e5 p\u00e5 kornet kan f\u00e5nga en politikerkarakt\u00e4r som han. Som med \u201dj\u00e4rnladyn\u201d Margaret Thatcher liksom &#8221;inbyggd&#8221; i Winston Churchills konturer, USA:s tidigare utrikesminister Henry Kissinger som h\u00f6k f\u00f6rkl\u00e4dd till fredsduva, eller finansminister Gunnar Str\u00e4ng som popmusiker med den ber\u00f6mda sv\u00e5ngremmen som instrument.<\/p>\n<p>Teckningarna \u00e4r f\u00f6runderligt aktuella. Jag kan inte l\u00e5ta bli att fundera \u00f6ver vad EWK hade kunnat f\u00e5 ut av den p\u00e5g\u00e5ende krisen i Svenska Akademien.<\/p>\n<p><strong>Att han var en m\u00e4stare p\u00e5 mer \u00e4n politik framg\u00e5r av bilderna i utst\u00e4llningsrummet.<\/strong> Ett urval som l\u00e5nats och valts ut bland EWK-museets \u00f6ver 3.000 verk.<\/p>\n<p>Den kanske mest k\u00e4nda bilden \u00e4r den av <em>Moder Jord,<\/em> den gravida kvinnan med alla barnen p\u00e5 ryggen. Den kom till \u00e5r 1967 och publicerades ursprungligen i Aftonbladet f\u00f6r att illustrera v\u00e4rldens befolknings\u00f6kning.<\/p>\n<p>EWK engagerade sig i j\u00e4mst\u00e4lldhetsfr\u00e5gor och flyktingproblem och, kanske mest av allt, milj\u00f6fr\u00e5gor. Bilder som fastnar p\u00e5 n\u00e4thinnan \u00e4r <em>Kalhygget<\/em>, d\u00e4r f\u00e5glarna tr\u00e4ngs i det enda tr\u00e4d som st\u00e5r kvar efter en skogsavverkning och <em>\u00d6stersj\u00f6fiske<\/em> d\u00e4r fiskaren i b\u00e5ten f\u00e5r ett f\u00e5gelskelett i n\u00e4tet.<\/p>\n<p>&nbsp;<\/p>\n<p><a title=\"mallgrodan Persson, p\u00e5f\u00e5geln Sahlin och giraffen Bildt. 1994.\" href=\"https:\/\/www.flickr.com\/photos\/kultursidan\/27600881918\/in\/album-72157695675040255\/\"><img loading=\"lazy\" decoding=\"async\" src=\"https:\/\/farm1.staticflickr.com\/811\/27600881918_23b9e196ee.jpg\" alt=\"mallgrodan Persson, p\u00e5f\u00e5geln Sahlin och giraffen Bildt. 1994.\" width=\"500\" height=\"263\" \/><\/a><br \/>\n<em> Fauna. H\u00e4r har vi mallgrodan Persson, p\u00e5f\u00e5geln Sahlin och giraffen Bildt. Karikatyrerna ing\u00e5r i en serie d\u00e4r EWK 1994 tecknade svenska politiker som djur.<\/em><\/p>\n<p>&nbsp;<\/p>\n<p><strong>Utst\u00e4llningen har f\u00e5tt namnet <em>EWK 100 \u00e5r \u2013 en ber\u00e4ttelse fr\u00e5n ig\u00e5r och idag.<\/em><\/strong> Det \u00e4r i \u00e5r 100 \u00e5r sedan konstn\u00e4ren f\u00f6ddes i Mogata. Han avled 2004. Det var givet att han skulle bli bonde men i st\u00e4llet blev han en v\u00e4rldsber\u00f6md tecknare, publicerad inte bara i svenska tidningar utan \u00e4ven i\u00a0 <em>Le Monde, Der Spiegel, The Observer <\/em>och<em> New York Times<\/em>. Tre g\u00e5nger har han tilldelats\u00a0 titeln \u201dv\u00e4rldsm\u00e4stare\u201d i sin genre.<\/p>\n<p>Om detta st\u00e5r att l\u00e4sa i ett blad som i samband med utst\u00e4llningen ges ut\u00a0 av EWK-s\u00e4llskapet, som \u00e4ven det jubilerar genom att ha funnits i 25 \u00e5r. \u00c5r 2000 instiftades EWK-priset p\u00e5 10.000 kronor f\u00f6r att uppmuntra konstn\u00e4rer som arbetar i Ewert Karlssons anda.<\/p>\n<p><strong>EWK-museet i Arbetets museum har funnits sedan 2009.<\/strong> M\u00e5nga hade hellre sett ett museum i S\u00f6derk\u00f6ping. Diskussionerna gick p\u00e5 h\u00f6gvarv n\u00e4r det begav sig.Varf\u00f6r det inte blev s\u00e5 \u00e4r en alltf\u00f6r l\u00e5ng historia f\u00f6r att g\u00e5 in p\u00e5 h\u00e4r. Nu finns utst\u00e4llningen p\u00e5 den plats som d\u00e5 var aktuell f\u00f6r ett museum.<\/p>\n<p>\u2013\u00a0 Pappa skulle ha varit n\u00f6jd om han sett hur bra det blev till slut, summerar\u00a0 Margareta van den Bosch.<\/p>\n<p><strong>Bilderna h\u00e4nger kvar p\u00e5 Stinsen till den 12 maj.<\/strong> Utst\u00e4llningen \u00e4r absolut v\u00e4rd ett bes\u00f6k.\u00a0Passa d\u00e5 ocks\u00e5 p\u00e5 att ta en titt p\u00e5 de EWK-bilder som har sin plats permanent i biblioteket p\u00e5 nedre v\u00e5ningen.<\/p>\n<p><em>\u00a9 Text: Bibi Friedrichsen<br \/>\n\u00a9 Foto: Boy Svedberg<\/em><\/p>\n<p>BILDSPEL \u2013 KLICKA P\u00c5 BILDENS PILAR<\/p>\n<p><a data-flickr-embed='true' href='https:\/\/www.flickr.com\/photos\/kultursidan\/albums\/72157695675040255' title='EWK 100 \u00e5r, Stinsen S\u00f6derk\u00f6ping 2018 by Kultursidan, on Flickr'><img src='https:\/\/live.staticflickr.com\/868\/26600452397_6a74d9b552_z.jpg' width='800' height='600' alt='Margareta van den Bosch, Lars-Olof Johansson, Gerd Aronsson och Carina Milde'><\/a><script async src='https:\/\/embedr.flickr.com\/assets\/client-code.js' charset='utf-8'><\/script><\/p>\n<blockquote>\n<h4>STINSEN S\u00f6derk\u00f6ping<\/h4>\n<p><em>14 april \u2013 12 maj 2018\u2028<\/em><br \/>\n<strong>EWK 100 \u00e5r \u2013 en ber\u00e4ttelse fr\u00e5n ig\u00e5r och idag<\/strong><br \/>\nMedarr: EWK-s\u00e4llskapet och EWK-museet<\/p><\/blockquote>\n<p>L\u00c4NKAR<br \/>\nEWK-s\u00e4llskapet <a href=\"http:\/\/web.ewk.se\/ewk\/index.asp\" target=\"_blank\" rel=\"noopener\">hemsida<\/a><br \/>\nEWK-museet\/Arbetets museum <a href=\"http:\/\/www.arbetetsmuseum.se\/ewk-museet\/\" target=\"_blank\" rel=\"noopener\">hemsida<\/a> <a href=\"https:\/\/www.facebook.com\/arbetetsmuseum\" target=\"_blank\" rel=\"noopener\">Facebook<\/a><br \/>\nStinsen\/S\u00f6derk\u00f6pings bibliotek <a href=\"https:\/\/www.facebook.com\/soderkopingsstadsbibliotek\/\" target=\"_blank\" rel=\"noopener\">Facebook<\/a><\/p>\n","protected":false},"excerpt":{"rendered":"<p>S\u00d6DERK\u00d6PING Vad skulle han ritat om krisen i Svenska Akademien? I \u00e5r \u00e4r det 100 \u00e5r sedan EWK f\u00f6ddes i Mogata. I l\u00f6rdags invigdes en stor utst\u00e4llning med teckningar av S\u00f6derk\u00f6pings och Sveriges mest ber\u00f6mda penna p\u00e5 Stinsen. <a class=\"continue-reading-link\" href=\"https:\/\/www.kultursidan.nu\/?p=35898\">L\u00e4s mer <span class=\"meta-nav\">&rarr; <\/span><\/a><\/p>\n","protected":false},"author":1001006,"featured_media":0,"comment_status":"closed","ping_status":"open","sticky":false,"template":"","format":"standard","meta":{"_jetpack_memberships_contains_paid_content":false,"footnotes":""},"categories":[6],"tags":[43,47],"class_list":["post-35898","post","type-post","status-publish","format-standard","hentry","category-soderkoping","tag-satir","tag-utstallning"],"jetpack_featured_media_url":"","jetpack_sharing_enabled":true,"_links":{"self":[{"href":"https:\/\/www.kultursidan.nu\/index.php?rest_route=\/wp\/v2\/posts\/35898","targetHints":{"allow":["GET"]}}],"collection":[{"href":"https:\/\/www.kultursidan.nu\/index.php?rest_route=\/wp\/v2\/posts"}],"about":[{"href":"https:\/\/www.kultursidan.nu\/index.php?rest_route=\/wp\/v2\/types\/post"}],"author":[{"embeddable":true,"href":"https:\/\/www.kultursidan.nu\/index.php?rest_route=\/wp\/v2\/users\/1001006"}],"replies":[{"embeddable":true,"href":"https:\/\/www.kultursidan.nu\/index.php?rest_route=%2Fwp%2Fv2%2Fcomments&post=35898"}],"version-history":[{"count":6,"href":"https:\/\/www.kultursidan.nu\/index.php?rest_route=\/wp\/v2\/posts\/35898\/revisions"}],"predecessor-version":[{"id":35905,"href":"https:\/\/www.kultursidan.nu\/index.php?rest_route=\/wp\/v2\/posts\/35898\/revisions\/35905"}],"wp:attachment":[{"href":"https:\/\/www.kultursidan.nu\/index.php?rest_route=%2Fwp%2Fv2%2Fmedia&parent=35898"}],"wp:term":[{"taxonomy":"category","embeddable":true,"href":"https:\/\/www.kultursidan.nu\/index.php?rest_route=%2Fwp%2Fv2%2Fcategories&post=35898"},{"taxonomy":"post_tag","embeddable":true,"href":"https:\/\/www.kultursidan.nu\/index.php?rest_route=%2Fwp%2Fv2%2Ftags&post=35898"}],"curies":[{"name":"wp","href":"https:\/\/api.w.org\/{rel}","templated":true}]}}