{"id":35929,"date":"2018-04-17T12:33:29","date_gmt":"2018-04-17T11:33:29","guid":{"rendered":"https:\/\/intelligent-friend-7861.standoutwp.com\/?p=35929"},"modified":"2018-04-20T12:34:43","modified_gmt":"2018-04-20T11:34:43","slug":"johan-perwe-fordjupar-med-livraddare","status":"publish","type":"post","link":"https:\/\/www.kultursidan.nu\/?p=35929","title":{"rendered":"Johan Perwe f\u00f6rdjupar med Livr\u00e4ddare"},"content":{"rendered":"<p><img loading=\"lazy\" decoding=\"async\" class=\"alignnone size-medium wp-image-35930\" src=\"https:\/\/www.kultursidan.nu\/wp-content\/uploads\/2018\/04\/DSCF9966-567x382.jpg\" alt=\"\" width=\"567\" height=\"382\" srcset=\"https:\/\/www.kultursidan.nu\/wp-content\/uploads\/2018\/04\/DSCF9966-567x382.jpg 567w, https:\/\/www.kultursidan.nu\/wp-content\/uploads\/2018\/04\/DSCF9966-768x517.jpg 768w, https:\/\/www.kultursidan.nu\/wp-content\/uploads\/2018\/04\/DSCF9966-1024x689.jpg 1024w, https:\/\/www.kultursidan.nu\/wp-content\/uploads\/2018\/04\/DSCF9966-150x101.jpg 150w, https:\/\/www.kultursidan.nu\/wp-content\/uploads\/2018\/04\/DSCF9966-495x333.jpg 495w, https:\/\/www.kultursidan.nu\/wp-content\/uploads\/2018\/04\/DSCF9966.jpg 1200w\" sizes=\"auto, (max-width: 567px) 100vw, 567px\" \/><br \/>\n<em>Gr\u00e4vare. Johan Perwe har f\u00f6rdjupat bilden av morfadern Erik Perwe och f\u00e5tt veta mer om m\u00e4nniskorna runtomkring honom under de tv\u00e5 \u00e5ren i Berlin. I torsdags sl\u00e4ppte han boken Livr\u00e4ddare \u2013 Bombpr\u00e4sten Erik Perwe p\u00e5 uppdrag i krigets Berlin p\u00e5 Antikvariatet i Norrk\u00f6ping.<\/em><\/p>\n<p>&nbsp;<\/p>\n<h1><span style=\"color: #ff0000;\">&#8221;Vad f\u00e5r m\u00e4nniskor att g\u00f6ra gott?&#8221;<\/span><\/h1>\n<p>&nbsp;<\/p>\n<p>NORRK\u00d6PING <strong><em>Bombpr\u00e4sten<\/em> blir <em>Livr\u00e4ddare<\/em>.<\/strong> N\u00e4r Johan Perwe \u00e5ter ger ut boken om morfaderns arbete i Berlin under krigs\u00e5ren har han f\u00f6rdjupat och skrivit om. Han granskar utlandssvenskarna i Victoriaf\u00f6rsamlingen, vilka som var med, mot eller neutrala i f\u00f6rh\u00e5llande till nazismen och judarna.<\/p>\n<p>\u2013 Biblioteken hade sv\u00e5rt att placera <em>Bombpr\u00e4sten<\/em>. Handlade den om en pr\u00e4st som kastade bomber, fr\u00e5gar f\u00f6rfattaren Johan Perwe retoriskt. Med <em>Livr\u00e4ddare<\/em> blir det tydligt vad det handlar om.<\/p>\n<p><strong>Jag tr\u00e4ffar Johan Perwe samma dag som han sl\u00e4pper Livr\u00e4ddare \u2013 <em>Bombpr\u00e4sten Erik Perwe p\u00e5 uppdrag i Krigets Berlin<\/em> p\u00e5 Antikvariatet i Norrk\u00f6ping.<\/strong> Allts\u00e5 i torsdags i f\u00f6rra veckan. Bokbordet \u00e4r undanst\u00e4llt och publikstolarna st\u00e5r travade men har \u00e4nnu inte st\u00e4llts ut. Vi sl\u00e5r oss ner i den lilla r\u00f6da schaggsoffan.<\/p>\n<p><em>Livr\u00e4ddare<\/em> \u00e4r mer \u00e4n bara en ny utg\u00e5va av <em>Bombpr\u00e4sten<\/em> som f\u00f6rst gavs ut 2006. F\u00f6rfattaren har granskat varje kapitel, f\u00f6rdjupat forskningen och skrivit om.<\/p>\n<p>\u2013 Det \u00e4r b\u00e4ttre analyser, b\u00e4ttre sammanhang. Jag har skrivit om kapitlen. Men det \u00e4r samma narrativ, samma ram, beskriver Johan Perwe.<\/p>\n<p><strong>Narrativet, det \u00e4r allts\u00e5 ber\u00e4ttelsen om morfadern Erik Perwe som kom som pr\u00e4st fr\u00e5n Hedvigs f\u00f6rsamling i Norrk\u00f6ping till svenska Victoriaf\u00f6rsamlingen 1942. <\/strong>Han drogs direkt in i hj\u00e4lparbetet f\u00f6r de tyska judarna. Han arbetade allt h\u00e5rdare till den novemberdag \u00e5r 1944 han satt p\u00e5 ett passagerarplan p\u00e5 v\u00e4g till Sverige med underlaget till 24 skyddspass i portf\u00f6ljen. Planet sk\u00f6ts ner och sj\u00f6nk n\u00e5gra kilometer s\u00f6der om Falsterbo. Erik Perwes kropp hittades ett halv\u00e5r senare.<\/p>\n<p><strong>\u2013 De har hittat planet nu.<\/strong> Tv\u00e5 dykare har lokaliserat det men h\u00e5ller platsen hemlig, avsl\u00f6jar Johan Perwe. Det kan finnas mycket kvar av planet, som skyddats av ett sandt\u00e4cke.<\/p>\n<p>Han visar en skarp n\u00e4rbild p\u00e5 en motordel av Lufthansas Fokke-Wulfplanet och f\u00f6rklarar att en havsarkeologisk unders\u00f6kning kr\u00e4ver b\u00e5de tillst\u00e5nd och pengar.<\/p>\n<p>&nbsp;<\/p>\n<p><a title=\"Omnia Gratia, minnesm\u00e4rke av Bianca Maria Barmen \u00f6ver Erik Perwe vid Hedvigs kyrka i Norrk\u00f6ping\" href=\"https:\/\/www.flickr.com\/photos\/kultursidan\/41516341411\/in\/album-72157692608097952\/\"><img loading=\"lazy\" decoding=\"async\" src=\"https:\/\/farm1.staticflickr.com\/832\/41516341411_8af85b82da.jpg\" alt=\"Omnia Gratia, minnesm\u00e4rke av Bianca Maria Barmen \u00f6ver Erik Perwe vid Hedvigs kyrka i Norrk\u00f6ping\" width=\"500\" height=\"333\" \/><\/a><br \/>\n<em>Omnia Gratia. Konstn\u00e4ren Bianca Maria Barmens minnesm\u00e4rke \u00f6ver pr\u00e4sten Erik Perwe st\u00e5r utanf\u00f6r Hedvigs kyrka i Norrk\u00f6ping sedan 1999.<\/em><\/p>\n<p>&nbsp;<\/p>\n<p><strong>\u2013 Vi hittade morfars predikningar i en flyttkartong p\u00e5 min mosters vind.<\/strong> Det \u00e4r m\u00f6rka predikningar i en tung tid. Jesus Kristus \u00e4r alltid i centrum. Vad Jesus g\u00f6r som offer och ideal, att inte bara tro utan att sj\u00e4lv agera. D\u00f6den \u00e4r n\u00e4rvarande, beskriver Johan Perwe som \u00e4ven j\u00e4mf\u00f6rt predikningarnas inneh\u00e5ll med aktuella h\u00e4ndelser.<\/p>\n<p>Sedan tidigare har f\u00f6rfattaren haft tillg\u00e5ng till morfaderns dagbok. Med predikningarna kommer han honom n\u00e4rmare och kan f\u00f6lja den inre och yttre utvecklingen. Erik Perwe ersatte en pr\u00e4st som f\u00f6rklarats inte \u00f6nskv\u00e4rd av nazisterna. Den unge Perwe trodde de skulle vara l\u00e4ttare att styra. De trodde fel.<\/p>\n<p><strong>1942 l\u00e5g fokus fortfarande p\u00e5 att hj\u00e4lpa judekristna, allts\u00e5 personer som konverterat till kristendomen.<\/strong> De som var gifta med icke-judiska tyskar hade \u00e4nnu visst skydd. F<span class=\"_5yl5\">r\u00e5n 1941 intensifierade nazisternas jakt p\u00e5 judar d\u00e5 deporteringarna inleddes. <\/span>\u00c4nnu 1944 kunde en uppt\u00e4ckt jude avr\u00e4ttas direkt.<\/p>\n<p>Inte f\u00f6rr\u00e4n de sista m\u00e5naderna f\u00f6re krigsslutet, n\u00e4r Tyskland var en stor ruinh\u00f6g, upph\u00f6rde jakten \u00e4ven om d\u00f6den fortfarande verkst\u00e4lldes i koncentrationsl\u00e4gren varje dag. SS-officerare ville byta liv mot liv. Himmler f\u00f6rhandlade \u00f6ver Hitlers huvud ber\u00e4ttar Johan Perwe.<\/p>\n<p><strong>\u2013 Jag f\u00f6rs\u00f6ker nyansera bilden av morfar, som till att b\u00f6rja med hade religionsfientliga \u00e5sikter mot judendomen.<\/strong><\/p>\n<p>Den allm\u00e4nkristna uppfattningen hade varit att judiska folket gick andligen vilse i \u00f6knen, allts\u00e5 under vandringen med Moses d\u00e5 den mosaiska religionen utvecklades. Den svenska Victoriaf\u00f6rsamlingen i Berlin var fr\u00e4mst till f\u00f6r svenska medborgare men hade \u00e4ven ett missionsuppdrag. Det handlade allts\u00e5 f\u00f6rst om att r\u00e4dda sj\u00e4lar, attt f\u00e5 judar att bli kristna. Men n\u00e4r Erik Perwe kom till Berlin 1942 tog han \u00f6ver f\u00f6retr\u00e4darens engagemang f\u00f6r att skydda m\u00e4nniskor.<\/p>\n<p><span class=\"_5yl5\">\u2013 Till en b\u00f6rjan handlade det fr\u00e4mst om kristna judar med svensk anknytning. Till slut handlade det om att r\u00e4dda m\u00e4nniskoliv med alla m\u00e5l och medel, ber\u00e4ttar Johan Perwe om morfaderns engagemang.<\/span><\/p>\n<p><strong>Svenska kyrkans hus i Berlin fylldes av g\u00f6mda judar.<\/strong> Erik Perwe bearbetade Utrikesdepartementet f\u00f6r att f\u00e5 inresedokument och Svenska kyrkan f\u00f6r att f\u00e5 pengar. L\u00e4nge m\u00f6ttes han av of\u00f6rst\u00e5else. S\u00e5 sm\u00e5ningom, om \u00e4n alldeles f\u00f6r sent f\u00f6r m\u00e5nga, lossnade det. Han kunde \u00e4ven f\u00e5 pengar fr\u00e5n svenska mosaiska f\u00f6rsamlingen.<\/p>\n<p>\u2013 Mat och falska papper kostade 200 riksmark per person i m\u00e5naden, det \u00e4r ungef\u00e4r 6.000 kronor i dagens penningv\u00e4rde.<\/p>\n<p><strong>M\u00e5nga av f\u00f6rsamlingsmedlemmarna och andra kontakter st\u00e4llde upp i hj\u00e4lparbetet och \u00e4ven h\u00e4r har Johan Perwe kunnat forska vidare.<\/strong> Arkiv har \u00f6ppnats och han har kunnat ta del av andra historieforskares och sl\u00e4ktforskares publiceringar. Mycket har h\u00e4nt i den fr\u00e5gan sedan 2006.<\/p>\n<p>\u2013 Jag har tittat p\u00e5 varje case igen, s\u00e4ger Johan Perwe.<\/p>\n<p>Ett helt nytt case \u00e4r pacifisten Harry C\u00fchn vars f\u00e4stm\u00f6 tillf\u00e5ngatogs efter en motst\u00e5ndsgrupps attack mot en nazistisk utst\u00e4llning.<\/p>\n<p>&nbsp;<\/p>\n<p><a title=\"Johan Perwe \u2013 Livr\u00e4ddare\" href=\"https:\/\/www.flickr.com\/photos\/kultursidan\/40802444374\/in\/album-72157692608097952\/\"><img loading=\"lazy\" decoding=\"async\" src=\"https:\/\/farm1.staticflickr.com\/835\/40802444374_2e892d044c.jpg\" alt=\"Johan Perwe \u2013 Livr\u00e4ddare\" width=\"500\" height=\"333\" \/><\/a><br \/>\n<em>Sanna ber\u00e4ttelser. Johan Perwe \u00e4gnar sitt f\u00f6rfattarskap \u00e5t att granska motst\u00e5ndare och medl\u00f6pare till nazismen. M\u00f6rkl\u00e4ggning kom ut 2016 och handlar om Norrk\u00f6ping. Nya boken Livr\u00e4ddare har gjort ett grundligt omtag av Bombpr\u00e4sten fr\u00e5n 2006.<\/em><\/p>\n<p>&nbsp;<\/p>\n<p><strong>En helt ny avdelning i <em>Livr\u00e4ddare<\/em> handlar nu om nazister och opportunister.<\/strong> Ungef\u00e4r en tredjedel av Victoriaf\u00f6rsamlingens medlemmar var nazister. Lika m\u00e5nga anses neutrala i fr\u00e5gan. Och lika m\u00e5nga var motst\u00e5ndare till nazismen.<\/p>\n<p>Bland opportunisterna fanns flera artister. Zarah Leander var inte ensam svensk om att se m\u00f6jligheten till karri\u00e4r p\u00e5 tyska scener.<\/p>\n<p><strong>\u2013 De som hj\u00e4lpte till i Tyskland var ofta i 40\u201350-\u00e5rs\u00e5ldern.<\/strong> 60 procent av dem var kvinnor fr\u00e5n alla samh\u00e4llsklasser. Religionen var ett framtr\u00e4dande tecken hos dem.<\/p>\n<p>\u201dDen barmh\u00e4rtiga samariten\u201d s\u00e4ger jag, som antecknar febrilt medan Johan Perwe ber\u00e4ttar. Liknelsen om mannen fr\u00e5n Samarien som r\u00e4ddar livet p\u00e5 en fr\u00e4mling som \u00f6verfallits av r\u00f6vare. En som bryr sig i handling.<\/p>\n<p>Erik Perwe ledde ett n\u00e4tverk p\u00e5 kanske 30 eller 40 personer varav m\u00e5nga var f\u00f6rsamlingsmedlemmar. Johan Perwe n\u00e4mner \u00e4ven andra kontakter och motst\u00e5ndare till nazisterna som katolska pr\u00e4ster, socialdemokrater.<\/p>\n<p>\u2013 Humanister d\u00e4r moral och m\u00e4nniskov\u00e4rde hade betydelse. Det \u00e4r sv\u00e5rt, om man blivit inpr\u00e4ntad i 10 \u00e5r att judarna var fienden.<\/p>\n<p><strong>Varf\u00f6r \u00e5terv\u00e4nder Johan Perwe till \u00e4mnet g\u00e5ng efter annan?<\/strong> Efter f\u00f6rsta utg\u00e5van av <em>Bombpr\u00e4sten<\/em> tecknade han portr\u00e4ttet <em>Svenska i Gestapos tj\u00e4nst \u2013 V140 Babs<\/em>. 2016 kom <em>M\u00f6rkl\u00e4ggning \u2013 Nazismen och motst\u00e5ndet i Norrk\u00f6ping 1933\u20131945.<\/em><\/p>\n<p>\u2013 Jag \u00e4r inspirerad av den tiden och av morfar. Jag \u00e4r fascinerad av vad som g\u00f6r att m\u00e4nniskor g\u00f6r bra saker.<\/p>\n<p><em>\u00a9 Text och foto: Ann-Charlotte Sandelin<\/em><\/p>\n<blockquote>\n<h3><em>FAKTABOK<br \/>\n<\/em><\/h3>\n<p><em><strong>Livr\u00e4ddare \u2013 Bombpr\u00e4sten Erik Perwe p\u00e5 uppdrag i krigets Berlin<\/strong><\/em><br \/>\n<em> Johan Perwe<\/em><br \/>\nCarlssons f\u00f6rlag 2018<\/p><\/blockquote>\n<p>L\u00c4NKAR<br \/>\nErik Perwe <a href=\"https:\/\/sv.wikipedia.org\/wiki\/Erik_Perwe\" target=\"_blank\" rel=\"noopener\">Wikipedia<\/a><br \/>\nVictoriaf\u00f6rsamlingen i Berlin <a href=\"https:\/\/www.svenskakyrkan.se\/berlin\/var-historia\" target=\"_blank\" rel=\"noopener\">hemsida\/historia<\/a><br \/>\nJohan Perwe <a href=\"http:\/\/www.jpscript.com\" target=\"_blank\" rel=\"noopener\">hemsida<\/a><br \/>\nCarlssons bokf\u00f6rlag <a href=\"http:\/\/www.carlssonbokforlag.se\" target=\"_blank\" rel=\"noopener\">hemsida<\/a><br \/>\nAntikvariatet <a href=\"https:\/\/www.facebook.com\/pages\/Antikvariatet-i-Norrk%C3%B6ping\/155880004456321\" target=\"_blank\" rel=\"noopener\">Facebook<\/a><br \/>\nJohan Perwe s\u00e4tter ljus p\u00e5 M\u00f6rkl\u00e4ggning <a href=\"https:\/\/www.kultursidan.nu\/?p=27034\" target=\"_blank\" rel=\"noopener\">kr\u00f6nika<\/a> Kultursidan.nu 21\/9 2018<br \/>\nL\u00e5ng dag f\u00f6r jubilerande Zarah Leander <a href=\"https:\/\/www.kultursidan.nu\/?p=31807\" target=\"_blank\" rel=\"noopener\">reportage<\/a> Kultursidan.nu 21\/7 2017<br \/>\nM\u00f6rkl\u00e4ggning en sann historia om staden <a href=\"https:\/\/www.kultursidan.nu\/?p=26906\" target=\"_blank\" rel=\"noopener\">recension<\/a> Kultursidan.nu 12\/9 2016<br \/>\nF\u00e5 r\u00f6stade p\u00e5 Norrk\u00f6pings nazister 1934 <a href=\"https:\/\/www.kultursidan.nu\/?p=22023\" target=\"_blank\" rel=\"noopener\">reportage<\/a> Kultursidan.nu 22\/10 2015<br \/>\nMoas pris gav Johan Perwe ro att forska <a href=\"https:\/\/www.kultursidan.nu\/?p=13752\" target=\"_blank\" rel=\"noopener\">reportage<\/a> Kultursidan.nu 29\/1 2014<br \/>\nNorrk\u00f6pings kommuns stipendiater 2010 <a href=\"https:\/\/www.kultursidan.nu\/?p=790\" target=\"_blank\" rel=\"noopener\">reportage<\/a> Kultursidan.nu 21\/12 2010<\/p>\n","protected":false},"excerpt":{"rendered":"<p>NORRK\u00d6PING Bombpr\u00e4sten blir Livr\u00e4ddare. N\u00e4r Johan Perwe \u00e5ter ger ut boken om morfaderns arbete i Berlin under krigs\u00e5ren har han f\u00f6rdjupat och skrivit om. Han granskar utlandssvenskarna i Victoriaf\u00f6rsamlingen, vilka som var med, mot eller neutrala i f\u00f6rh\u00e5llande till nazismen och judarna. <a class=\"continue-reading-link\" href=\"https:\/\/www.kultursidan.nu\/?p=35929\">L\u00e4s mer <span class=\"meta-nav\">&rarr; <\/span><\/a><\/p>\n","protected":false},"author":1001006,"featured_media":0,"comment_status":"closed","ping_status":"open","sticky":false,"template":"","format":"standard","meta":{"_jetpack_memberships_contains_paid_content":false,"footnotes":""},"categories":[7],"tags":[16],"class_list":["post-35929","post","type-post","status-publish","format-standard","hentry","category-norrkoping","tag-litteratur"],"jetpack_featured_media_url":"","jetpack_sharing_enabled":true,"_links":{"self":[{"href":"https:\/\/www.kultursidan.nu\/index.php?rest_route=\/wp\/v2\/posts\/35929","targetHints":{"allow":["GET"]}}],"collection":[{"href":"https:\/\/www.kultursidan.nu\/index.php?rest_route=\/wp\/v2\/posts"}],"about":[{"href":"https:\/\/www.kultursidan.nu\/index.php?rest_route=\/wp\/v2\/types\/post"}],"author":[{"embeddable":true,"href":"https:\/\/www.kultursidan.nu\/index.php?rest_route=\/wp\/v2\/users\/1001006"}],"replies":[{"embeddable":true,"href":"https:\/\/www.kultursidan.nu\/index.php?rest_route=%2Fwp%2Fv2%2Fcomments&post=35929"}],"version-history":[{"count":7,"href":"https:\/\/www.kultursidan.nu\/index.php?rest_route=\/wp\/v2\/posts\/35929\/revisions"}],"predecessor-version":[{"id":36001,"href":"https:\/\/www.kultursidan.nu\/index.php?rest_route=\/wp\/v2\/posts\/35929\/revisions\/36001"}],"wp:attachment":[{"href":"https:\/\/www.kultursidan.nu\/index.php?rest_route=%2Fwp%2Fv2%2Fmedia&parent=35929"}],"wp:term":[{"taxonomy":"category","embeddable":true,"href":"https:\/\/www.kultursidan.nu\/index.php?rest_route=%2Fwp%2Fv2%2Fcategories&post=35929"},{"taxonomy":"post_tag","embeddable":true,"href":"https:\/\/www.kultursidan.nu\/index.php?rest_route=%2Fwp%2Fv2%2Ftags&post=35929"}],"curies":[{"name":"wp","href":"https:\/\/api.w.org\/{rel}","templated":true}]}}