{"id":35969,"date":"2018-04-18T14:35:47","date_gmt":"2018-04-18T13:35:47","guid":{"rendered":"https:\/\/intelligent-friend-7861.standoutwp.com\/?p=35969"},"modified":"2018-04-18T15:37:01","modified_gmt":"2018-04-18T14:37:01","slug":"david-myrvolds-naturmaleri-pa-kronan","status":"publish","type":"post","link":"https:\/\/www.kultursidan.nu\/?p=35969","title":{"rendered":"David Myrvolds naturm\u00e5leri p\u00e5 Kronan"},"content":{"rendered":"<p><img loading=\"lazy\" decoding=\"async\" class=\"alignnone size-medium wp-image-35970\" src=\"https:\/\/www.kultursidan.nu\/wp-content\/uploads\/2018\/04\/DSC_2043_preview-567x376.jpg\" alt=\"\" width=\"567\" height=\"376\" srcset=\"https:\/\/www.kultursidan.nu\/wp-content\/uploads\/2018\/04\/DSC_2043_preview-567x376.jpg 567w, https:\/\/www.kultursidan.nu\/wp-content\/uploads\/2018\/04\/DSC_2043_preview-768x509.jpg 768w, https:\/\/www.kultursidan.nu\/wp-content\/uploads\/2018\/04\/DSC_2043_preview-1024x678.jpg 1024w, https:\/\/www.kultursidan.nu\/wp-content\/uploads\/2018\/04\/DSC_2043_preview-150x99.jpg 150w, https:\/\/www.kultursidan.nu\/wp-content\/uploads\/2018\/04\/DSC_2043_preview-503x333.jpg 503w, https:\/\/www.kultursidan.nu\/wp-content\/uploads\/2018\/04\/DSC_2043_preview.jpg 1200w\" sizes=\"auto, (max-width: 567px) 100vw, 567px\" \/><br \/>\n<em>Syner. N\u00e5got har f\u00e5ngat David Myrvolds blick. Kanske solen en h\u00f6g dag. Kanske sensommarljus p\u00e5 l\u00f6ven. Kanske sm\u00e5kryp p\u00e5 en stig. Kanske\u2026 De heter Gul, Tick, tack, tall och Tick, tock, stock.<br \/>\n<\/em><\/p>\n<p>&nbsp;<\/p>\n<h1><span style=\"color: #ff0000;\">Betraktaren skapar landskapet<\/span><\/h1>\n<p>&nbsp;<\/p>\n<p>NORRK\u00d6PING <em><strong>Observationer i\/av naturen.<\/strong> <\/em>Han kallar sig landskapsm\u00e5lare. G\u00e5r ut om dagen. Ser f\u00e5glars flykt och maskars kryp. I atelj\u00e9n f\u00e4sts observationerna med f\u00e4rg p\u00e5 duk, blir abstrakta metamorfoser \u2013 som nu kan ses p\u00e5 Galleri Kronan.<\/p>\n<p><strong>Att avbilda naturen kan ske p\u00e5 m\u00e5nga olika s\u00e4tt.<\/strong> Det exakta d\u00e4r varje gr\u00e4sstr\u00e5, f\u00e4rgnyans, fj\u00e4der p\u00e5 f\u00e5geln \u00e4r med i r\u00e4tt storlek och nyans, som ett fruset \u00f6gonblick av verkligheten. Eller s\u00e5 den mer lekfulla d\u00e4r man blandar friskt mellan vad som \u00e4r fantasi och avbildning. D\u00e4r man mer \u00e4r ute efter en st\u00e4mning.<\/p>\n<p>&nbsp;<\/p>\n<p><a title=\"David Myrvold\" href=\"https:\/\/www.flickr.com\/photos\/kultursidan\/40825963974\/in\/album-72157695787229825\/\"><img loading=\"lazy\" decoding=\"async\" src=\"https:\/\/farm1.staticflickr.com\/798\/40825963974_003bc11328.jpg\" alt=\"David Myrvold\" width=\"355\" height=\"500\" \/><\/a><br \/>\n<em> Luftigt och l\u00e4tt i David Myrvolds m\u00e5lning Strandpromenad\/ Barr gr\u00f6n.<\/em><\/p>\n<p>&nbsp;<\/p>\n<p><strong>S\u00e5 kan man ocks\u00e5 g\u00f6ra som David Myrvold g\u00f6r.<\/strong> Han observerar naturen som ocks\u00e5 \u00e4r titeln p\u00e5 hans utst\u00e4llning, <em>Observationer i\/av naturen.<\/em><\/p>\n<p>\u2013 Jag kallar mig sj\u00e4lv f\u00f6r \u201dlandskapsm\u00e5lare\u201d, fast det \u00e4r ingen exakt avbildning naturen jag g\u00f6r, menar konstn\u00e4ren.<\/p>\n<p><strong>David Myrvold gillar att vandra i naturen.<\/strong> D\u00e5 observerar han den, tar in alla detaljer som roliga grenar, f\u00e4rgnyanser, vackra\/fula tr\u00e4d, himlar, vattenp\u00f6lar.<\/p>\n<p>Han m\u00e5lar s\u00e4llan ute. Det g\u00f6r han i sin atelj\u00e9 ur minnet, i atelj\u00e9n finns f\u00e4rgerna och verktygen. D\u00e4r sker f\u00f6rvandlingen, bilderna blir metamorfoser. I st\u00e4llet f\u00f6r det exakta avbildandet f\u00f6ds abstrakta och sp\u00e4nnande naturbilder. Med fantasin hj\u00e4lp f\u00e5r betraktaren fram hur landskapet ser ut; f\u00e4rgen, formen, mots\u00e4ttningarna. Harmoni st\u00e4lls mot disharmoni.<\/p>\n<p><strong>Bilderna \u00e4r meditativa och landskapet skapas n\u00e4r man betraktar dem.<\/strong> \u00c4ven om konstn\u00e4ren tar sig stor frihet i det han g\u00f6r s\u00e5 p\u00e5pekar han \u201datt han \u00e4r noggrann med h\u00e4ngningen\u201d, den ska vara stram och exakt. Det ger utrymme f\u00f6r fantasi och m\u00f6jlighet att dr\u00f6mma sig bort i tavlan.<\/p>\n<p>&nbsp;<\/p>\n<p><a title=\"David Myrvold p\u00e5 Galleri Kronan\" href=\"https:\/\/www.flickr.com\/photos\/kultursidan\/40644744645\/in\/album-72157695787229825\/\"><img loading=\"lazy\" decoding=\"async\" src=\"https:\/\/farm1.staticflickr.com\/886\/40644744645_d1b2a67fe1.jpg\" alt=\"David Myrvold p\u00e5 Galleri Kronan\" width=\"500\" height=\"309\" \/><\/a><br \/>\n<em> Poetiska bilder. M\u00e5lningarna \u00e4r David Myrvold tolkningar av dikter av Johan Lindblom.<\/em><\/p>\n<p>&nbsp;<\/p>\n<p><strong>Ordet \u00e4r ocks\u00e5 viktigt f\u00f6r David Myrvold.<\/strong> I samband med Trollh\u00e4ttans poesifestival i h\u00f6stas tolkade han n\u00e5gra dikter av poeten Johan Lindblom, som i sin tur tolkade n\u00e5gra av David Myrvolds bilder i ord. Det blev ett m\u00f6te som berikade b\u00e5de bild och dikt.<\/p>\n<p><strong>Vid sidan av sitt konstn\u00e4rskap \u00e4r David Myrvold verksamhetsledare f\u00f6r ungdomskultur i V\u00e4nersborgs kommun.<\/strong> D\u00e4r han gillar att m\u00f6ta unga m\u00e4nniskor \u2013 skapa och samtala om vad som \u00e4r en bra bild och att genom detta f\u00f6rst\u00e5 sig sj\u00e4lv och andra.<\/p>\n<p><em>\u00a9 Text: Per-Olof Engstr\u00f6m<br \/>\n\u00a9 Foto: Nils-G\u00f6ran Tillgren<\/em><\/p>\n<p>BILDSPEL \u2013 KLICKA P\u00c5 BILDENS PILAR<\/p>\n<p><a data-flickr-embed='true' href='https:\/\/www.flickr.com\/photos\/kultursidan\/sets\/72157695787229825' title='David Myrvold, Galleri Kronan 2018 by Kultursidan, on Flickr'><img src='https:\/\/live.staticflickr.com\/904\/40644745385_3bfeec2330_z.jpg' width='800' height='600' alt='David Myrvold p\u00e5 Galleri Kronan'><\/a><script async src='https:\/\/embedr.flickr.com\/assets\/client-code.js' charset='utf-8'><\/script><\/p>\n<blockquote>\n<h4>GALLERI KRONAN Norrk\u00f6ping<\/h4>\n<p>Vinter\u2013v\u00e5r 2018<br \/>\n<strong>Utst\u00e4llningar<\/strong><\/p>\n<p style=\"padding-left: 30px;\"><em>13\u201328 januari<\/em><br \/>\n<strong>Erika Pardo Skoug<\/strong><br \/>\n<strong>Kurbits<\/strong><br \/>\nM\u00e5leri och tryck<\/p>\n<p style=\"padding-left: 30px;\">3\u201318 februari 2018<br \/>\n<strong>Catharina J. Ek<\/strong><br \/>\nM\u00e5leri<br \/>\n<strong>Sonny L\u00f6fvall<\/strong><br \/>\nM\u00e5leri<\/p>\n<p style=\"padding-left: 30px;\">24 februari \u2013 11 mars<br \/>\n<strong>Christer Paleologos<\/strong><br \/>\nF\u00e4rg utan form Form utan inneh\u00e5ll Tomma gester<br \/>\nM\u00e5leri<\/p>\n<p style=\"padding-left: 30px;\">17 mars \u2013 8 april<br \/>\n<strong>Konst eller Klocka 9.0<\/strong><br \/>\nUtst\u00e4llning f\u00f6r \u00e5rets S:t Olofsmedalj\u00f6rer<\/p>\n<p>14\u201329 april<br \/>\n<strong>David Myrvold<\/strong><br \/>\nObservationer i\/av naturen<br \/>\nM\u00e5leri<\/p>\n<p style=\"padding-left: 30px;\">5\u201320 maj<br \/>\n<strong>Sara Lundberg<\/strong><br \/>\nF\u00e5geln i mig flyger vart den vill<br \/>\nBlandteknik och tryck<\/p>\n<\/blockquote>\n<p>L\u00c4NKAR<br \/>\nDavid Myrvold <a href=\"http:\/\/www.davidmyrvold.se\" target=\"_blank\" rel=\"noopener\">hemsida<\/a><br \/>\nGalleri Kronan <a href=\"http:\/\/www.gallerikronan.se\" target=\"_blank\" rel=\"noopener\">hemsida<\/a> <a href=\"https:\/\/www.facebook.com\/Galleri-Kronan-222739187788587\/?fref=ts\" target=\"_blank\" rel=\"noopener\">Facebook<\/a><\/p>\n","protected":false},"excerpt":{"rendered":"<p>NORRK\u00d6PING Observationer i\/av naturen. Han kallar sig landskapsm\u00e5lare. G\u00e5r ut om dagen. Ser f\u00e5glars flykt och maskars kryp. I atelj\u00e9n f\u00e4sts observationerna med f\u00e4rg p\u00e5 duk, blir abstrakta metamorfoser \u2013 som nu kan ses p\u00e5 Galleri Kronan. <a class=\"continue-reading-link\" href=\"https:\/\/www.kultursidan.nu\/?p=35969\">L\u00e4s mer <span class=\"meta-nav\">&rarr; <\/span><\/a><\/p>\n","protected":false},"author":1001006,"featured_media":0,"comment_status":"closed","ping_status":"open","sticky":false,"template":"","format":"standard","meta":{"_jetpack_memberships_contains_paid_content":false,"footnotes":""},"categories":[7],"tags":[14,47],"class_list":["post-35969","post","type-post","status-publish","format-standard","hentry","category-norrkoping","tag-konst","tag-utstallning"],"jetpack_featured_media_url":"","jetpack_sharing_enabled":true,"_links":{"self":[{"href":"https:\/\/www.kultursidan.nu\/index.php?rest_route=\/wp\/v2\/posts\/35969","targetHints":{"allow":["GET"]}}],"collection":[{"href":"https:\/\/www.kultursidan.nu\/index.php?rest_route=\/wp\/v2\/posts"}],"about":[{"href":"https:\/\/www.kultursidan.nu\/index.php?rest_route=\/wp\/v2\/types\/post"}],"author":[{"embeddable":true,"href":"https:\/\/www.kultursidan.nu\/index.php?rest_route=\/wp\/v2\/users\/1001006"}],"replies":[{"embeddable":true,"href":"https:\/\/www.kultursidan.nu\/index.php?rest_route=%2Fwp%2Fv2%2Fcomments&post=35969"}],"version-history":[{"count":4,"href":"https:\/\/www.kultursidan.nu\/index.php?rest_route=\/wp\/v2\/posts\/35969\/revisions"}],"predecessor-version":[{"id":35974,"href":"https:\/\/www.kultursidan.nu\/index.php?rest_route=\/wp\/v2\/posts\/35969\/revisions\/35974"}],"wp:attachment":[{"href":"https:\/\/www.kultursidan.nu\/index.php?rest_route=%2Fwp%2Fv2%2Fmedia&parent=35969"}],"wp:term":[{"taxonomy":"category","embeddable":true,"href":"https:\/\/www.kultursidan.nu\/index.php?rest_route=%2Fwp%2Fv2%2Fcategories&post=35969"},{"taxonomy":"post_tag","embeddable":true,"href":"https:\/\/www.kultursidan.nu\/index.php?rest_route=%2Fwp%2Fv2%2Ftags&post=35969"}],"curies":[{"name":"wp","href":"https:\/\/api.w.org\/{rel}","templated":true}]}}