{"id":36037,"date":"2018-08-01T14:03:21","date_gmt":"2018-08-01T13:03:21","guid":{"rendered":"https:\/\/intelligent-friend-7861.standoutwp.com\/?p=36037"},"modified":"2018-08-03T17:01:05","modified_gmt":"2018-08-03T16:01:05","slug":"progressiv-utveckling-for-reckless-family","status":"publish","type":"post","link":"https:\/\/www.kultursidan.nu\/?p=36037","title":{"rendered":"Progressiv utveckling f\u00f6r Reckless Family"},"content":{"rendered":"<p><img loading=\"lazy\" decoding=\"async\" class=\"alignnone size-medium wp-image-36038\" src=\"https:\/\/www.kultursidan.nu\/wp-content\/uploads\/2018\/04\/IMG_6003-567x387.jpg\" alt=\"\" width=\"567\" height=\"387\" srcset=\"https:\/\/www.kultursidan.nu\/wp-content\/uploads\/2018\/04\/IMG_6003-567x387.jpg 567w, https:\/\/www.kultursidan.nu\/wp-content\/uploads\/2018\/04\/IMG_6003-768x524.jpg 768w, https:\/\/www.kultursidan.nu\/wp-content\/uploads\/2018\/04\/IMG_6003-1024x698.jpg 1024w, https:\/\/www.kultursidan.nu\/wp-content\/uploads\/2018\/04\/IMG_6003-150x102.jpg 150w, https:\/\/www.kultursidan.nu\/wp-content\/uploads\/2018\/04\/IMG_6003-489x333.jpg 489w, https:\/\/www.kultursidan.nu\/wp-content\/uploads\/2018\/04\/IMG_6003.jpg 1200w\" sizes=\"auto, (max-width: 567px) 100vw, 567px\" \/><br \/>\n<em>Spelem\u00e4n. Philip Lind och Oskar Lindstr\u00f6m i replokalen i Sensus studief\u00f6rbunds lokaler.<\/em><\/p>\n<p>&nbsp;<\/p>\n<h1><span style=\"color: #ff0000;\">&#8221;Det blir trumpetkryddan&#8221;<\/span><\/h1>\n<p>&nbsp;<\/p>\n<p>NORRK\u00d6PING<strong> Sj\u00e4lvs\u00e4krare och modigare.<\/strong> F\u00f6rsta skivan hade en allm\u00e4n k\u00e4nsla av \u00e5ngest. Erfarenheterna tog de med sig till nya plattan &#8221;Feelgood&#8221; som sl\u00e4pps nu p\u00e5 sensommaren. Reckless Family m\u00f6tte upp i sin replokal p\u00e5 Sensus och ber\u00e4ttade om sin resa.<\/p>\n<p>Reckless Family \u00e4r medlemmar i Sensus och har sin replokal i studief\u00f6rbundets lokaler i Vrinnevipark. Vi sitter i en soffgrupp utanf\u00f6r och h\u00f6r ett annat band en bit bort.<\/p>\n<p><strong>William Plante, Oskar Lindstr\u00f6m och Philip Lind l\u00e4rde k\u00e4nna varandra i grundskolan n\u00e4r alla tre gick i musikklass.<\/strong> De hade spelat tillsammans tidigare men aldrig alla tre samtidigt och best\u00e4mde sig f\u00f6r att bilda band tidigt 2013. William spelade trummor, Philip gitarr och Oskar \u00e4gde en bas.<\/p>\n<p>De repade hemma hos Oskars f\u00f6r\u00e4ldrar och k\u00f6rde Green Day\u2013covers. S\u00e5 sm\u00e5ningom b\u00f6rjade Oskar och Philip skriva egna l\u00e5tar. F\u00f6rst var det Philip som skrev mest.<\/p>\n<p>\u2013 Jag hade en massa l\u00e5tar fr\u00e5n ingenstans.<\/p>\n<p><strong>Han var \u00e4ven bandets s\u00e5ngare tills han blev sjuk inf\u00f6r en spelning och Oskar fick hoppa in f\u00f6r honom.<\/strong> Vilket Oskar Lindstr\u00f6m har fortsatt att g\u00f6ra.<\/p>\n<p>\u2013 Jag m\u00e4rkte sj\u00e4lv hur sk\u00f6nt det var att inte beh\u00f6va st\u00e5 vid micken och kunna fokusera p\u00e5 att spela ist\u00e4llet, och Oskar tyckte det var v\u00e4ldigt kul att sjunga. Plus du kunde ju sjunga h\u00f6gre tonarter \u00e4n jag, s\u00e4ger Philip Lind.<\/p>\n<p>Det ledde ocks\u00e5 till att Oskar b\u00f6rjade ta det huvudsakliga ansvaret f\u00f6r l\u00e5tskrivandet och i dag \u00e4r det en del av soundet att Oskar ska sjunga.<\/p>\n<p>&nbsp;<\/p>\n<p><a title=\"William Plante och Oskar Lindstr\u00f6m\" href=\"https:\/\/www.flickr.com\/photos\/kultursidan\/42099879451\/in\/album-72157668954099728\/\" data-flickr-embed=\"true\"><img loading=\"lazy\" decoding=\"async\" src=\"https:\/\/farm1.staticflickr.com\/831\/42099879451_618921633c.jpg\" alt=\"William Plante och Oskar Lindstr\u00f6m\" width=\"500\" height=\"333\" \/><\/a><br \/>\n<em>Tillsammans. De har k\u00e4nt varandra sedan grundskolan och har utvecklat ett eget s\u00e4tt att kommunicera. William Plante spelar trummor och Oskar Lindstr\u00f6m spelar bas och skriver l\u00e5tar. \u00a0<\/em><\/p>\n<p>&nbsp;<\/p>\n<p><strong>De intar olika roller f\u00f6rutom att spela sina respektive instrument.<\/strong> Oskar Lindstr\u00f6m skriver texterna och l\u00e4gger den musikaliska grunden. Philip producerar och mixar skivorna, medan William Plante \u00e4r \u201dmarknadsf\u00f6ringssnubben\u201d, regisserar gruppens musikvideos och st\u00e5r f\u00f6r det visuella. Tillsammans med systern Miriam Plante, som \u00e4r fotograf, jobbar de med albumomslaget.<\/p>\n<p>\u2013 Jag har ett skal, sen s\u00e5 kommer jag till replokalen och s\u00e4ger jag har en l\u00e5t. Och den l\u00e5ten kan det h\u00e4nda vad som helst med. \u00c4ven om jag skriver melodislingor och s\u00e4tter ackord s\u00e5 \u00e4r det ju vi som g\u00f6r det till musik, s\u00e4ger Oskar Lindstr\u00f6m.<\/p>\n<p>\u2013 Du har en id\u00e9, vi f\u00e5r h\u00f6ra den och kommer p\u00e5 egna id\u00e9er, forts\u00e4tter Philip Lind.<\/p>\n<p>\u2013 Fler kockar beh\u00f6ver inte alltid skapa en d\u00e5lig soppa. Utan i det h\u00e4r fallet lyckas vi tillsammans skapa en v\u00e4ldigt behaglig gr\u00f6t, s\u00e4ger Oskar.<\/p>\n<p><strong>L\u00e5ten <em>Ready Mcgee and the Will to Live<\/em> jammade de fram i studion.<\/strong><\/p>\n<p>\u2013 Den var mest en id\u00e9 jag hade om att jag ville g\u00f6ra en v\u00e4ldigt l\u00e5ng l\u00e5t, med k\u00e4nslan av en gospelk\u00f6r, ber\u00e4ttar Philip Lind.<\/p>\n<p>L\u00e4ngden varierade f\u00f6r varje rep och Oskar kom tillbaka varje dag med en omarbetad text. Bara n\u00e5gon dag innan spelningen p\u00e5 Arbis i Norrk\u00f6ping i mars, d\u00e4r l\u00e5ten premi\u00e4rspelades, kom de fram till hur den skulle vara.<\/p>\n<p>\u2013 Bland de roligare l\u00e5tarna vi har, det \u00e4r n\u00e5nting vi har jammat fram ihop, tycker William Plante.<\/p>\n<p><strong>Alla tre har sina influenser som de tar med in i skapandet.<\/strong> William Plante gillar postrock och indierock. Oskar \u00e4r v\u00e4ldigt jazzinfluerad och Philip har framf\u00f6r allt lyssnat p\u00e5 metal och proggrock. Det sistn\u00e4mnda delar han med Oskar.<\/p>\n<p>\u2013 Det h\u00e4nder ibland att det kommer in ett progressivt inslag, fast p\u00e5 en indierockkniv\u00e5, s\u00e4ger Philip.<\/p>\n<p>\u2013 Jag tror det st\u00f6rsta steget vi tagit \u00e4r att v\u00e5ga sl\u00e4ppa in varandra i v\u00e5rt musikskapande och g\u00f6ra det till ett samarbete, menar Oskar.<\/p>\n<p><strong>\u2013 Mycket h\u00e4nder ju ocks\u00e5 i efterarbetet p\u00e5 inspelningarna, s\u00e4ger Philip Lind.<\/strong> Jag sitter och mixar l\u00e5tarna, k\u00e4nner att n\u00e5gonting saknas och s\u00e5 hittar jag p\u00e5 n\u00e5gonting.<\/p>\n<p>\u2013 Ibland kan man spela in en l\u00e5t och t\u00e4nker att det kommer l\u00e5ta j\u00e4ttebra och s\u00e5 har Philip lagt till n\u00e5got efter. &#8221;Det d\u00e4r var det snyggaste jag har h\u00f6rt&#8221;, reflekterar Oskar Lindstr\u00f6m.<\/p>\n<p>\u2013 Jag tycker om s\u00e5nt, s\u00e4ger Philip. D\u00e5 kan jag jobba sj\u00e4lv i min studio hemma och bara sitta och mixa grejerna och komma p\u00e5 nya grejer och spela in. Jag har alla instrument hemma f\u00f6rutom trummor. Jag spelar trumpet ocks\u00e5.<\/p>\n<p>&nbsp;<\/p>\n<p><a title=\"Philip Lind\" href=\"https:\/\/www.flickr.com\/photos\/kultursidan\/28226996808\/in\/album-72157668954099728\/\" data-flickr-embed=\"true\"><img loading=\"lazy\" decoding=\"async\" src=\"https:\/\/farm1.staticflickr.com\/973\/28226996808_69a45de551.jpg\" alt=\"Philip Lind\" width=\"500\" height=\"333\" \/><\/a><br \/>\n<em>Kryddmixare. <\/em><em>Philip Lind spelar gitarr i Reckless Family och producerar och mixar l\u00e5tarna.<br \/>\n<\/em><\/p>\n<p>&nbsp;<\/p>\n<p><strong>Vissa l\u00e5tar p\u00e5 nya skivan har bl\u00e5s och under inspelningen k\u00f6rde de med trombon och sax. <\/strong><strong><br \/>\n<\/strong><\/p>\n<p>\u2013 Men nu n\u00e4r jag sitter hemma l\u00e4gger jag in lite trumpetgrejer d\u00e5 och d\u00e5. Det blir inte gitarrkryddan som jag brukar g\u00f6ra utan det blir trumpetkryddan, s\u00e4ger Philip Lind.<\/p>\n<p>\u2013 Det \u00e4r lite som julafton med mixningen. Nu har han gjort n\u00e5gonting kul och det \u00e4r alltid bra, tycker William Plante.<\/p>\n<p>\u2013 Det \u00e4r sm\u00e5grejer som bara l\u00f6ser allt, som f\u00e5r det att l\u00e5ta s\u00e5 mycket b\u00e4ttre, forts\u00e4tter Oskar.<\/p>\n<p>\u2013 Det \u00e4r s\u00e5 sk\u00f6nt n\u00e4r man kan g\u00f6ra s\u00e5. N\u00e4r vi repar s\u00e5 \u00e4r det ju sv\u00e5rt att g\u00f6ra alla de h\u00e4r sm\u00e5grejerna, f\u00f6r vi \u00e4r bara tre.<\/p>\n<p><strong>Fast det \u00e4r en sanning med modifikation.<\/strong> Det fanns en fj\u00e4rde medlem, Rasmus Leonardsson p\u00e5 gitarr som hoppade av gruppen i b\u00f6rjan av 2017.<\/p>\n<p>\u2013 Han och jag jobbade v\u00e4ldigt mycket tillsammans, ber\u00e4ttar Philip Lind. Det var s\u00e5 sk\u00f6nt, f\u00f6r han var en v\u00e4ldig trygghet f\u00f6r mig. Han spelade det jag egentligen skulle spela, och s\u00e5 kunde jag spela n\u00e5gonting annat. Och d\u00e5 blev det en helt annan livek\u00e4nsla. Nu f\u00e5r jag g\u00f6ra de grejerna i efterhand.<\/p>\n<p>&nbsp;<\/p>\n<p><a title=\"Kollektivet i replokalen\" href=\"https:\/\/www.flickr.com\/photos\/kultursidan\/27230817667\/in\/album-72157668954099728\/\" data-flickr-embed=\"true\"><img loading=\"lazy\" decoding=\"async\" src=\"https:\/\/farm1.staticflickr.com\/827\/27230817667_a57495b943.jpg\" alt=\"Kollektivet i replokalen\" width=\"500\" height=\"333\" \/><\/a><br \/>\n<em>Kollektivet. Bakre raden: Tove Pettersson, Elias Tegebjer, Philip Lind och William Plante. Fr\u00e4mre raden: Erik Eklund, David Josephson och Oskar Lindstr\u00f6m.<\/em><\/p>\n<p>&nbsp;<\/p>\n<p><strong>F\u00f6r att ha med livek\u00e4nslan och f\u00e5 mer energi samarbetar de \u00e4ven med andra musiker.<\/strong> Bland dessa \u00e4r Tove Pettersson p\u00e5 trombon,<\/p>\n<p>\u2013 Hon \u00e4r typ en bandmedlem och hon \u00e4r med p\u00e5 varenda livespelning. s\u00e4ger William.<\/p>\n<p>De andra \u00e4r saxofonisten David Josephson och Elias Tegebjer som spelar keyboard och medverkar p\u00e5 nya skivan med piano och orgel. Och Erik Eklund p\u00e5 trumpet.<\/p>\n<p>\u2013 Vi \u00e4r v\u00e4ldigt lyckliga om man s\u00e4ger s\u00e5. Vi \u00e4r v\u00e4ldigt tursamma som har s\u00e5na m\u00e4nniskor som vi bara kan s\u00e4ga konstiga saker till och s\u00e5 fattar de, s\u00e4ger Philip Lind.<\/p>\n<p>Uppmaningar som \u201dSpela som ett t\u00e5g\u201d, eller \u201dSpela som en ensam liten svensk som sitter och g\u00f6mmer sig i skogen.\u201d<\/p>\n<p><strong>F\u00f6rsta albumet &#8221;I\u00b4m Dynamite&#8221; sl\u00e4pptes 2015 och titelsp\u00e5ret blev en livefavorit.<\/strong> Men processen var l\u00e5ng och gruppen spelade in den tre g\u00e5nger innan de hittade vad de s\u00f6kte. I dag tycker de att den plattan \u00e4r spretig.<\/p>\n<p>\u2013 Det var v\u00e4ldigt m\u00e5nga av de f\u00f6rsta l\u00e5tarna jag skrev som fortfarande var med, och de kanske inte gick j\u00e4ttebra hand i hand med Oskars nyare l\u00e5tar, s\u00e4ger Philip Lind.<\/p>\n<p>Inf\u00f6r nya skivan har de t\u00e4nkt p\u00e5 det och tagit bort de l\u00e5tar som inte k\u00e4nts r\u00e4tt.<\/p>\n<p>\u2013 Jag hade s\u00e4kert tio l\u00e5tar som vi kastade, s\u00e4ger Oskar.<\/p>\n<p><strong>De tycker det \u00e4r viktigt att kunna utvecklas i sitt sound och inte hitta bara en stil och k\u00f6ra p\u00e5 det.<\/strong><\/p>\n<p>\u2013 Man slutar aldrig utvecklas. Dagen vi k\u00e4nner att, \u201ddet h\u00e4r \u00e4r v\u00e5rt sound, nu \u00e4r vi n\u00f6jda med det h\u00e4r\u201d jag tror aldrig den dagen kommer att komma. Jag tror aldrig vi kommer kunna k\u00e4nna att vi \u00e4r f\u00e4rdiga med att utvecklas. Det tror jag inte man ska g\u00f6ra.<\/p>\n<p>\u2013 N\u00e4sta g\u00e5ng kanske vi inte vill g\u00f6ra indieprog, d\u00e5 kanske vi vill g\u00f6ra n\u00e5got annat, s\u00e4ger Philip.<\/p>\n<p>\u2013 D\u00e5 kanske vi vill g\u00f6ra dubstep, f\u00f6resl\u00e5r William.<\/p>\n<p>\u2013 Det finns ett citat som jag tycker \u00e4r j\u00e4ttebra, s\u00e4ger Oskar, och det g\u00e5r ungef\u00e4r s\u00e5 h\u00e4r. \u201dEtt verk, ett album, en tavla eller, ett verk helt enkelt. Ska aldrig kunnat ha skapats av n\u00e5gon annan \u00e4n de som gjorde det under exakt den tiden de gjorde det.\u201d<\/p>\n<p>Men det var trots allt deras f\u00f6rsta album. Det l\u00e5ter som det g\u00f6r och det funkar. De \u00e4r stolta \u00f6ver att kunna s\u00e4ga att de gjorde det sj\u00e4lva. Som de alltid g\u00f6r.<\/p>\n<p>&nbsp;<\/p>\n<p><a title=\"William Plante p\u00e5 trummor\" href=\"https:\/\/www.flickr.com\/photos\/kultursidan\/40292784260\/in\/album-72157668954099728\/\" data-flickr-embed=\"true\"><img loading=\"lazy\" decoding=\"async\" src=\"https:\/\/farm1.staticflickr.com\/832\/40292784260_5690ba2e8c.jpg\" alt=\"William Plante p\u00e5 trummor\" width=\"500\" height=\"320\" \/><\/a><br \/>\n<em>Trumvirvel. William Plante regisserar \u00e4ven bandets musikvideos och ansvarar f\u00f6r skivomslaget till nya skivan tillsammans med Miriam Plante.\u00a0 \u00a0<\/em><\/p>\n<p>&nbsp;<\/p>\n<p><strong>Nu har de jobbat f\u00f6r fullt p\u00e5 nya albumet &#8221;Feelgood&#8221;.<\/strong> D\u00e4r &#8221;<strong>I\u00b4m Dynamite&#8221;<\/strong> var v\u00e4ldigt rockinfluerad \u00e4r nya skivan mer indieprog och har ett mer flytande sound.<\/p>\n<p>\u2013 Det h\u00e4r albumet har en allm\u00e4n k\u00e4nsla av trygghet, medan det f\u00f6rra hade en allm\u00e4n k\u00e4nsla av \u00e5ngest, s\u00e4ger Philip.<\/p>\n<p>Trots titeln \u00e4r k\u00e4nslan bakom skivan inte s\u00e5 &#8221;Feelgood&#8221;.<br \/>\n\u2013 Man kan ju n\u00e4stan s\u00e4ga att det \u00e4r fasaden man tar p\u00e5 sig n\u00e4r man m\u00e5r d\u00e5ligt. Man s\u00e4ger att man m\u00e5r bra n\u00e4r man inte g\u00f6r det, s\u00e4ger Philip Lind.<\/p>\n<p>M\u00e5nga av l\u00e5tarna handlar om k\u00e4rlek. Eller\u2026<\/p>\n<p>\u2013 Mycket k\u00e4rlek&#8230; Inte k\u00e4rlek utan kanske k\u00e4nslorna efter k\u00e4rleken, s\u00e4ger Oskar.<br \/>\n\u2013 Mycket hat och frustration. Resultatet av att allt gick \u00e5t helvete.<\/p>\n<p><strong>Skulle de s\u00e4ga att den nya plattan \u00e4r ledsnare \u00e4n den f\u00f6rra?<\/strong> B\u00e5de ja och nej.<\/p>\n<p>\u2013 \u00c4ven om m\u00e5nga av mina l\u00e5tar \u00e4r ledsna vill jag \u00e4nd\u00e5 inte att de ska ses som ledsna, s\u00e4ger Oskar och forts\u00e4tter:<\/p>\n<p>\u2013 \u00c4ven om den \u00f6vergripande historien \u00e4r sorglig tror jag det finns mer&#8230; Det finns mer gl\u00e4dje att h\u00e4mta ur det. F\u00f6r sorg \u00e4r inte alltid bara sorg p\u00e5 n\u00e5got s\u00e4tt.<\/p>\n<p>&nbsp;<\/p>\n<p><a title=\"Reckless Family\" href=\"https:\/\/www.flickr.com\/photos\/kultursidan\/28227898998\/in\/album-72157668954099728\/\" data-flickr-embed=\"true\"><img loading=\"lazy\" decoding=\"async\" src=\"https:\/\/farm1.staticflickr.com\/823\/28227898998_ef0450124a.jpg\" alt=\"Reckless Family\" width=\"500\" height=\"333\" \/><\/a><br \/>\n<em>Live. Reckless Family spelade p\u00e5 Hallarna under Kulturnatten i h\u00f6stas.\u00a0<\/em><\/p>\n<p>&nbsp;<\/p>\n<p><strong>Sin l\u00e5tskrivarprocess beskriver Oskar Lindstr\u00f6m med att han spelar v\u00e4ldigt h\u00e5rt.<\/strong> Antingen p\u00e5 piano eller p\u00e5 gitarr, samtidigt som en tidig version av texten improviseras fram.<\/p>\n<p>\u2013 Jag skriver mycket p\u00e5 impuls, n\u00e4r jag k\u00e4nner n\u00e5got v\u00e4ldigt starkt. Det \u00e4r n\u00e4stan det enda s\u00e4ttet som jag kan skriva l\u00e5tar p\u00e5. Jag beh\u00f6ver ha en klar bild av vad jag k\u00e4nner.<\/p>\n<p>\u2013 Mycket handlar ju om att vara l\u00e5ngt hemifr\u00e5n och att m\u00e5 d\u00e5lig och att sakna m\u00e4nniskor och k\u00e4nna press. Att inte kunna leva upp till f\u00f6rv\u00e4ntningar, s\u00e4ger Oskar som under en tid bodde Bolln\u00e4s. L\u00e5ten <em>Snufkin<\/em> (engelska f\u00f6r Snusmumriken) handlar direkt om den tiden, men mer om k\u00e4nslorna \u00e4n om direkta h\u00e4ndelser.<\/p>\n<p><em>\u00a9 Text: Anton Augustsson<br \/>\n\u00a9 Foto: Anton Augustsson och Miriam Plante<br \/>\n<\/em><\/p>\n<blockquote>\n<h4><a title=\"Feelgood\" href=\"https:\/\/www.flickr.com\/photos\/kultursidan\/43066417334\/in\/album-72157668954099728\/\"><img loading=\"lazy\" decoding=\"async\" class=\"alignright\" src=\"https:\/\/farm2.staticflickr.com\/1816\/43066417334_6cce18a3a8_q.jpg\" alt=\"Feelgood\" width=\"150\" height=\"150\" \/><\/a>CD \u2013 SKIVSL\u00c4PP<\/h4>\n<p>10 augusti 2018<br \/>\n<strong>Feelgood<\/strong><br \/>\nAlbum<br \/>\nReckless Family<\/p>\n<p style=\"padding-left: 30px;\">BANDMEDLEMMAR<br \/>\nOskar Lindstr\u00f6m, bas och s\u00e5ng<br \/>\nWilliam Plante, slagverk<br \/>\nPhilip Lind, gitarr och s\u00e5ng<\/p>\n<p style=\"padding-left: 30px;\">TIDIGARE SINGELSL\u00c4PP<br \/>\n\u2022 6 januari kom f\u00f6rsta singeln La douleur exquise<br \/>\n\u2022 27 april sl\u00e4pptes singel nummer tv\u00e5 Fender Bender med musikvideo<\/p>\n<\/blockquote>\n<p>L\u00c4NKAR<br \/>\nReckless Family <a href=\"https:\/\/www.facebook.com\/recklessfamily\/\" target=\"_blank\" rel=\"noopener\">Facebook<\/a><\/p>\n","protected":false},"excerpt":{"rendered":"<p>NORRK\u00d6PING Sj\u00e4lvs\u00e4krare och modigare.  F\u00f6rsta skivan hade en allm\u00e4n k\u00e4nsla av \u00e5ngest. Erfarenheterna tog de med sig till nya plattan Feelgood som kommer till sensommaren. Reckless Family m\u00f6tte upp i sin replokal p\u00e5 Sensus och ber\u00e4ttade om sin resa.      <a class=\"continue-reading-link\" href=\"https:\/\/www.kultursidan.nu\/?p=36037\">L\u00e4s mer <span class=\"meta-nav\">&rarr; <\/span><\/a><\/p>\n","protected":false},"author":1001006,"featured_media":0,"comment_status":"closed","ping_status":"open","sticky":false,"template":"","format":"standard","meta":{"_jetpack_memberships_contains_paid_content":false,"footnotes":""},"categories":[7],"tags":[45,13],"class_list":["post-36037","post","type-post","status-publish","format-standard","hentry","category-norrkoping","tag-cd","tag-musik"],"jetpack_featured_media_url":"","jetpack_sharing_enabled":true,"_links":{"self":[{"href":"https:\/\/www.kultursidan.nu\/index.php?rest_route=\/wp\/v2\/posts\/36037","targetHints":{"allow":["GET"]}}],"collection":[{"href":"https:\/\/www.kultursidan.nu\/index.php?rest_route=\/wp\/v2\/posts"}],"about":[{"href":"https:\/\/www.kultursidan.nu\/index.php?rest_route=\/wp\/v2\/types\/post"}],"author":[{"embeddable":true,"href":"https:\/\/www.kultursidan.nu\/index.php?rest_route=\/wp\/v2\/users\/1001006"}],"replies":[{"embeddable":true,"href":"https:\/\/www.kultursidan.nu\/index.php?rest_route=%2Fwp%2Fv2%2Fcomments&post=36037"}],"version-history":[{"count":13,"href":"https:\/\/www.kultursidan.nu\/index.php?rest_route=\/wp\/v2\/posts\/36037\/revisions"}],"predecessor-version":[{"id":37536,"href":"https:\/\/www.kultursidan.nu\/index.php?rest_route=\/wp\/v2\/posts\/36037\/revisions\/37536"}],"wp:attachment":[{"href":"https:\/\/www.kultursidan.nu\/index.php?rest_route=%2Fwp%2Fv2%2Fmedia&parent=36037"}],"wp:term":[{"taxonomy":"category","embeddable":true,"href":"https:\/\/www.kultursidan.nu\/index.php?rest_route=%2Fwp%2Fv2%2Fcategories&post=36037"},{"taxonomy":"post_tag","embeddable":true,"href":"https:\/\/www.kultursidan.nu\/index.php?rest_route=%2Fwp%2Fv2%2Ftags&post=36037"}],"curies":[{"name":"wp","href":"https:\/\/api.w.org\/{rel}","templated":true}]}}