{"id":36107,"date":"2018-04-28T19:35:21","date_gmt":"2018-04-28T18:35:21","guid":{"rendered":"https:\/\/intelligent-friend-7861.standoutwp.com\/?p=36107"},"modified":"2018-04-30T07:04:12","modified_gmt":"2018-04-30T06:04:12","slug":"latskrivabaren-nar-skapandets-karna","status":"publish","type":"post","link":"https:\/\/www.kultursidan.nu\/?p=36107","title":{"rendered":"L\u00e5tskrivarbaren n\u00e5r skapandets k\u00e4rna"},"content":{"rendered":"<p><img loading=\"lazy\" decoding=\"async\" class=\"alignnone size-medium wp-image-36108\" src=\"https:\/\/www.kultursidan.nu\/wp-content\/uploads\/2018\/04\/IMG_9601-567x378.jpg\" alt=\"\" width=\"567\" height=\"378\" srcset=\"https:\/\/www.kultursidan.nu\/wp-content\/uploads\/2018\/04\/IMG_9601-567x378.jpg 567w, https:\/\/www.kultursidan.nu\/wp-content\/uploads\/2018\/04\/IMG_9601-768x512.jpg 768w, https:\/\/www.kultursidan.nu\/wp-content\/uploads\/2018\/04\/IMG_9601-1024x683.jpg 1024w, https:\/\/www.kultursidan.nu\/wp-content\/uploads\/2018\/04\/IMG_9601-150x100.jpg 150w, https:\/\/www.kultursidan.nu\/wp-content\/uploads\/2018\/04\/IMG_9601-499x333.jpg 499w, https:\/\/www.kultursidan.nu\/wp-content\/uploads\/2018\/04\/IMG_9601.jpg 1280w\" sizes=\"auto, (max-width: 567px) 100vw, 567px\" \/><br \/>\n<em>Sj\u00e4lvpepp. Sofi Eks Fyller mig med kraft \u00e4r en stark l\u00e5t. Sofi var f\u00f6rst ut av kv\u00e4llens tre l\u00e5tskrivare.<\/em><\/p>\n<p>&nbsp;<\/p>\n<h1><span style=\"color: #ff0000;\">Tankar om st\u00e4mning av gitarrer<\/span><\/h1>\n<p>&nbsp;<\/p>\n<p>NORRK\u00d6PING <strong>P\u00e5 pappret \u00e4r det en lysande id\u00e9: l\u00e5t lokala artister under avslappnade former ber\u00e4tta om sitt musikskapande i en bekv\u00e4m milj\u00f6.<\/strong> Ge dem en mikrofon och en sladd till valfritt instrument. I realiteten \u00e4r det \u00e4nnu b\u00e4ttre! M\u00f6jligen blir det lite f\u00f6r intimt p\u00e5 grund av d\u00e5lig publikuppslutning.<\/p>\n<p>Det \u00e4r en unik chans att f\u00e5 inblick i musikskapandets k\u00e4rna, att f\u00e5 veta hemligheter om l\u00e5tar man h\u00f6rt och tankar om st\u00e4mning av gitarrer. Min anteckningsbok \u00e4r fylld av intressanta historier. Till ingen nytta, inser jag nu. Att \u00e5terber\u00e4tta det vi fick h\u00f6ra skulle bara ge en blek bild av kv\u00e4llen. Mina eventuella \u201davsl\u00f6janden\u201d skulle l\u00e5ta som skvaller n\u00e4r de inte kommer direkt ur h\u00e4stens mun.<\/p>\n<p><strong>S\u00e5\u2026 ni skulle ha varit d\u00e4r.<\/strong> Dynamos caf\u00e9scen h\u00f6jer sig knappt \u00f6ver publiken, och man f\u00e5r k\u00e4nslan av att sitta i ett vardagsrum. N\u00e5gra dricker kaffe, n\u00e5gon smuttar p\u00e5 en \u00f6l, en del lutar sig tillbaka och andra lutar sig fram\u00e5t med spetsade \u00f6ron. Man ler \u00e5t sk\u00e4mt och torkar sig i \u00f6gonvr\u00e5n n\u00e4r det blir n\u00e4stan f\u00f6r personligt. Och det g\u00f6r artisterna med. Tre l\u00e5tar var innan paus och tre l\u00e5tar efter. Enkelt, effektivt och omv\u00e4xlande.<\/p>\n<p>Men n\u00e5got m\u00e5ste jag v\u00e4l \u00e4nd\u00e5 skriva om kv\u00e4llen\u2026<\/p>\n<p>&nbsp;<\/p>\n<p><a title=\"Niels Nielsen\" href=\"https:\/\/www.flickr.com\/photos\/kultursidan\/41043876044\/in\/album-72157690436227820\/\"><img loading=\"lazy\" decoding=\"async\" src=\"https:\/\/farm1.staticflickr.com\/872\/41043876044_deed21197f.jpg\" alt=\"Niels Nielsen\" width=\"333\" height=\"500\" \/><\/a><br \/>\n<em> Studioman och teknikn\u00f6rd. Niels Nielsen kan \u00e4nd\u00e5 spela akustisk gitarr.<\/em><\/p>\n<p>&nbsp;<\/p>\n<p><strong>Sofi Ek, en ny bekantskap f\u00f6r mig, f\u00e5r inleda kv\u00e4llen.<\/strong> Hon \u00e4r inflyttad till Norrk\u00f6ping (vilket de andra tv\u00e5 faktiskt ocks\u00e5 \u00e4r) och har bott p\u00e5 st\u00e4llen som G\u00f6teborg, K\u00f6penhamn och Gr\u00f6nland. Den mest gripande l\u00e5ten \u00e4r ett \u201dbrev\u201d till hennes barn som f\u00f6rklarar varf\u00f6r hon var tvungen att l\u00e4mna Gr\u00f6nland och deras far. Hon fingerplockar p\u00e5 gitarren och fyller rummet med klar r\u00f6st. Det \u00e4r l\u00e4tt att f\u00f6rst\u00e5 att hon varit musikalartist. <em>Fyller mig med kraft<\/em> \u00e4r en sj\u00e4lvpeppande l\u00e5t som ocks\u00e5 handlar om en destruktiv relation.<\/p>\n<p><strong>Niels Nielsen \u00e4r den mest k\u00e4nda av de tre.<\/strong> Han har gjort m\u00e4ngder av skivor i eget namn, flera i duon Dead Soul, varit turn\u00e9ledare f\u00f6r Ghost, producerat m\u00e4ngder med andra artister och f\u00f6rra sommaren turnerade han med In Flames och spelade klaviatur. Han \u00e4r en studioman och teknikn\u00f6rd. D\u00e4rf\u00f6r \u00e4r det f\u00f6rv\u00e5nande att han v\u00e4ljer att spela p\u00e5 en liten akustisk gitarr.<\/p>\n<p>Men hans ber\u00e4ttelser handlar mest om det tekniskt musikaliska. Och om att han h\u00f6rde en l\u00e5t han skrivit p\u00e5 sk\u00e4mt spelades p\u00e5 Mediamarkt som reklam, och hur han (ovetandes) tjuvl\u00e5nade Jos\u00e9 Gonzales gitarr samt \u00f6ppen bluesst\u00e4mning. Och s\u00e5 spelar han sin f\u00f6rsta svenskspr\u00e5kiga l\u00e5t.<\/p>\n<p>&nbsp;<\/p>\n<p><a title=\"Hardy Hum\" href=\"https:\/\/www.flickr.com\/photos\/kultursidan\/41043872634\/in\/album-72157690436227820\/\"><img loading=\"lazy\" decoding=\"async\" src=\"https:\/\/farm1.staticflickr.com\/964\/41043872634_9d81c7b92d.jpg\" alt=\"Hardy Hum\" width=\"500\" height=\"333\" \/><\/a><br \/>\n<em> Bluesman. Hardy Hum som driver And We Should Die Of That Roar har skrivit sin f\u00f6rsta svenskspr\u00e5kiga l\u00e5t.<\/em><\/p>\n<p>&nbsp;<\/p>\n<p><strong>Mannen som kallar sig Hardy Hum och ytterligare g\u00f6mmer sig bakom \u201dprojektet\u201d And We Should Die Of That Roar \u00e4r den som mest b\u00e4r sitt hj\u00e4rta utanp\u00e5 kroppen.<\/strong> Han blir s\u00e5 \u00e4rlig att han tvingas torka en t\u00e5r ur \u00f6gonvr\u00e5n. F\u00f6r f\u00f6rsta g\u00e5ngen spelar han l\u00e5ten <em>Hooks<\/em> live. Den handlar om hans far, ber\u00e4ttar han, och om hur deras sista samtal innan han dog var ett gr\u00e4l. L\u00e5ten b\u00f6rjar lugnt men slutar i ett primalterapeutiskt avgrundsvr\u00e5l.<\/p>\n<p>Gripande \u00e4r ocks\u00e5 f\u00f6rsta svenskspr\u00e5kiga l\u00e5ten <em>Gastens visa<\/em>, d\u00e4r han visar sig l\u00e5ta som en korsning mellan Cornelis Vreeswijk och Roffe Wikstr\u00f6m. Det skulle man vilja ha mer av.<\/p>\n<p><strong>Det var den andra L\u00e5tskrivarbaren i en serie.<\/strong> En lysande id\u00e9, som sagt. Mindre klokt tycker jag det var att l\u00e4gga den p\u00e5 en fredag \u2013 och dessutom en l\u00f6nefredag. Den lugna st\u00e4mningen skulle g\u00f6ra sig b\u00e4ttre en annan dag, och artisterna f\u00f6rtj\u00e4nar en st\u00f6rre publik \u00e4n 20 personer (d\u00e4r flertalet \u00e4r v\u00e4nner och bekanta).<\/p>\n<p>N\u00e4sta tillf\u00e4lle \u00e4r 25 maj. Rista in det p\u00e5 baksidan av handen! (\u00c4ven om det ocks\u00e5 \u00e4r en l\u00f6nefredag.)<\/p>\n<p><em>\u00a9 Text och foto: Michael Strandhed<\/em><\/p>\n<p>BILDSPEL \u2013 KLICKA P\u00c5 BILDENS PILAR<\/p>\n<p><a data-flickr-embed='true' href='https:\/\/www.flickr.com\/photos\/kultursidan\/sets\/72157690436227820\/' title='Sofi Ek, Niels Nielsen, AWSDOTR, L\u00e5tskrivarbaren 2018 by Kultursidan, on Flickr'><img src='https:\/\/live.staticflickr.com\/960\/41043870304_981cdf56aa_z.jpg' width='800' height='600' alt='L\u00e5tskrivarbaren'><\/a><script async src='https:\/\/embedr.flickr.com\/assets\/client-code.js' charset='utf-8'><\/script><\/p>\n<blockquote>\n<h4>DYNAMO Norrk\u00f6ping<\/h4>\n<p><em>27 april 2018<\/em><br \/>\n<strong>L\u00e5tskrivarbaren<\/strong><br \/>\nKonsert\/Samtal<br \/>\nArr: Dynamo<\/p><\/blockquote>\n<p>L\u00c4NKAR<br \/>\nDynamo <a href=\"https:\/\/www.facebook.com\/dynamonkpg\/\" target=\"_blank\" rel=\"noopener\">Facebook<\/a> <a href=\"https:\/\/www.facebook.com\/events\/1994991747428808\/\" target=\"_blank\" rel=\"noopener\">FB-evenemang<\/a><br \/>\nSofi Ek <a href=\"https:\/\/www.facebook.com\/sofiekmusic\/\" target=\"_blank\" rel=\"noopener\">Facebook<br \/>\n<\/a>Niels Nielsen <a href=\"https:\/\/www.facebook.com\/nielsnielsenofficial\/\" target=\"_blank\" rel=\"noopener\">Facebook<\/a><br \/>\nAnd We Should Die Of That Roar <a href=\"https:\/\/www.facebook.com\/AndWeShouldDieOfThatRoar\/\" target=\"_blank\" rel=\"noopener\">Facebook<\/a><\/p>\n","protected":false},"excerpt":{"rendered":"<p>NORRK\u00d6PING P\u00e5 pappret \u00e4r det en lysande id\u00e9: l\u00e5t lokala artister under avslappnade former ber\u00e4tta om sitt musikskapande i en bekv\u00e4m milj\u00f6. Ge dem en mikrofon och en sladd till valfritt instrument. I realiteten \u00e4r det \u00e4nnu b\u00e4ttre! <a class=\"continue-reading-link\" href=\"https:\/\/www.kultursidan.nu\/?p=36107\">L\u00e4s mer <span class=\"meta-nav\">&rarr; <\/span><\/a><\/p>\n","protected":false},"author":1001006,"featured_media":0,"comment_status":"closed","ping_status":"open","sticky":false,"template":"","format":"standard","meta":{"_jetpack_memberships_contains_paid_content":false,"footnotes":""},"categories":[7],"tags":[13],"class_list":["post-36107","post","type-post","status-publish","format-standard","hentry","category-norrkoping","tag-musik"],"jetpack_featured_media_url":"","jetpack_sharing_enabled":true,"_links":{"self":[{"href":"https:\/\/www.kultursidan.nu\/index.php?rest_route=\/wp\/v2\/posts\/36107","targetHints":{"allow":["GET"]}}],"collection":[{"href":"https:\/\/www.kultursidan.nu\/index.php?rest_route=\/wp\/v2\/posts"}],"about":[{"href":"https:\/\/www.kultursidan.nu\/index.php?rest_route=\/wp\/v2\/types\/post"}],"author":[{"embeddable":true,"href":"https:\/\/www.kultursidan.nu\/index.php?rest_route=\/wp\/v2\/users\/1001006"}],"replies":[{"embeddable":true,"href":"https:\/\/www.kultursidan.nu\/index.php?rest_route=%2Fwp%2Fv2%2Fcomments&post=36107"}],"version-history":[{"count":3,"href":"https:\/\/www.kultursidan.nu\/index.php?rest_route=\/wp\/v2\/posts\/36107\/revisions"}],"predecessor-version":[{"id":36135,"href":"https:\/\/www.kultursidan.nu\/index.php?rest_route=\/wp\/v2\/posts\/36107\/revisions\/36135"}],"wp:attachment":[{"href":"https:\/\/www.kultursidan.nu\/index.php?rest_route=%2Fwp%2Fv2%2Fmedia&parent=36107"}],"wp:term":[{"taxonomy":"category","embeddable":true,"href":"https:\/\/www.kultursidan.nu\/index.php?rest_route=%2Fwp%2Fv2%2Fcategories&post=36107"},{"taxonomy":"post_tag","embeddable":true,"href":"https:\/\/www.kultursidan.nu\/index.php?rest_route=%2Fwp%2Fv2%2Ftags&post=36107"}],"curies":[{"name":"wp","href":"https:\/\/api.w.org\/{rel}","templated":true}]}}