{"id":36167,"date":"2018-05-01T12:31:13","date_gmt":"2018-05-01T11:31:13","guid":{"rendered":"https:\/\/intelligent-friend-7861.standoutwp.com\/?p=36167"},"modified":"2018-05-04T08:59:12","modified_gmt":"2018-05-04T07:59:12","slug":"norrkopingsljud-hors-i-fyra-dagar","status":"publish","type":"post","link":"https:\/\/www.kultursidan.nu\/?p=36167","title":{"rendered":"Norrk\u00f6pingsljud h\u00f6rs i fyra dagar"},"content":{"rendered":"<p><img loading=\"lazy\" decoding=\"async\" class=\"alignnone size-medium wp-image-36168\" src=\"https:\/\/www.kultursidan.nu\/wp-content\/uploads\/2018\/05\/DSCF0835-567x332.jpg\" alt=\"\" width=\"567\" height=\"332\" srcset=\"https:\/\/www.kultursidan.nu\/wp-content\/uploads\/2018\/05\/DSCF0835-567x333.jpg 567w, https:\/\/www.kultursidan.nu\/wp-content\/uploads\/2018\/05\/DSCF0835-768x449.jpg 768w, https:\/\/www.kultursidan.nu\/wp-content\/uploads\/2018\/05\/DSCF0835-1024x599.jpg 1024w, https:\/\/www.kultursidan.nu\/wp-content\/uploads\/2018\/05\/DSCF0835-150x88.jpg 150w, https:\/\/www.kultursidan.nu\/wp-content\/uploads\/2018\/05\/DSCF0835.jpg 1200w\" sizes=\"auto, (max-width: 567px) 100vw, 567px\" \/><br \/>\n<em>Festivalmakare. David Sw\u00e4rd, Peter Lindroth och Boa Pettersson ser fram mot fyra dagar fyllda av Norrk\u00f6pingsljud.<\/em><\/p>\n<p>&nbsp;<\/p>\n<h1><span style=\"color: #ff0000;\">\u201dDe har tagit musiken till sitt hj\u00e4rta\u201d<\/span><\/h1>\n<p>&nbsp;<\/p>\n<p>NORRK\u00d6PING <strong>11 konserter. 26 tons\u00e4ttare. 13 uruppf\u00f6randen. 3 tons\u00e4ttarsamtal.<\/strong> Molly Teleman har skrivit stycket <em>Hope is the thing with feathers<\/em> f\u00f6r en ensemble fr\u00e5n Kulturskolan. Musikfestivalen Norrk\u00f6pingsljud klingar fr\u00e5n onsdag till l\u00f6rdag.<\/p>\n<p><strong>En fanfar f\u00f6r Norrk\u00f6pingsljud!<\/strong> Peter Lindroths <em>Norrk\u00f6pingsfanfar<\/em> uruppf\u00f6rs av trumpetarna Ture Herrg\u00e5rdh, Aston Andersson och Axel Lidgren n\u00e4r musikfestivalen invigs p\u00e5 Tyska torget tidigt p\u00e5 onsdag kv\u00e4ll. Strax f\u00f6ljt av klockspelet <em>Tornmusik 2<\/em> av Bengt-G\u00f6ran Sk\u00f6ld, ocks\u00e5 det sprillans specialskrivet f\u00f6r tillf\u00e4llet.<\/p>\n<p><strong>Musikfestivalen Norrk\u00f6pingsljud \u00e4r tillbaka i stort format.<\/strong> Sedan premi\u00e4rfestivalen 2015 har de drivande krafterna poppat upp under Kulturnatten och andra tillf\u00e4llen, som samarbetet med Svensk musikv\u00e5r f\u00f6rra \u00e5ret. Nu \u00e4r det dags igen.<\/p>\n<p>\u2013 Vi har fr\u00e5gat alla v\u00e5ra tons\u00e4ttare \u201dVad vill ni ha framf\u00f6rt\u201d, s\u00e4ger f\u00f6reningen Norrk\u00f6pingsljuds ordf\u00f6rande Peter Lindroth.<\/p>\n<p>Svaren rasslade in. Resultatet blir elva konserter fr\u00e5n Konstmuseets intima konserter f\u00f6r gitarr och experimentell elektroakustisk musik till n\u00e5got mer storslaget i De Geerhallen. D\u00e4remellan i kyrkor , H\u00f6rsalen och p\u00e5 Crescendo.<\/p>\n<p>&nbsp;<\/p>\n<p><a title=\"Molly Teleman\" href=\"https:\/\/www.flickr.com\/photos\/kultursidan\/26954749367\/in\/album-72157694562921651\/\"><img loading=\"lazy\" decoding=\"async\" src=\"https:\/\/farm1.staticflickr.com\/968\/26954749367_e8591842f3.jpg\" alt=\"Molly Teleman\" width=\"500\" height=\"386\" \/><\/a><br \/>\n<em> Uruppf\u00f6rande. En ensemble fr\u00e5n Kulturskolan spelar Molly Telemans verk Hope is the thing with feathers. Senare under festivalen ges \u00e4ven Str\u00f6mmen fr\u00e5n 2015. <\/em><\/p>\n<p>&nbsp;<\/p>\n<p><strong>Kulturskolan och musikklasserna ger festivalens f\u00f6rsta konsert i H\u00f6rsalen onsdag kv\u00e4ll.<\/strong> Norrk\u00f6pingstons\u00e4ttarna David Sw\u00e4rd och Molly Teleman har skrivit varsitt best\u00e4llningsverk som uruppf\u00f6rs. David Sw\u00e4rds <em>Akikaze<\/em> skrevs redan inf\u00f6r f\u00f6rsta festivalen men d\u00e5 kunde Musikklassernas och Musikskolans konsert inte genomf\u00f6ras. Allts\u00e5 har det legat p\u00e5 v\u00e4nt.<\/p>\n<p><strong>Molly Telemans 10 minuter l\u00e5nga <em>Hope is the thing with feathers<\/em> f\u00f6r instrumentensemble \u00e4r inspirerad av Emily Dickinsons dikt med samma namn.<\/strong> Sex ungdomar fr\u00e5n Kulturskolan mellan 13-16 \u00e5r spelar fl\u00f6jt, klarinett, marimba, violin, viola och cello.<\/p>\n<p>\u2013 Hoppet, det envisa och det ljusa, \u00e4r temat. En f\u00e5gel sjunger, en melodi utan slut, genom alla stormar och utan att be om minsta smula, ber\u00e4ttar Molly Teleman som framh\u00e5ller att det nyskrivna stycket framf\u00f6r allt \u00e4r melodi\u00f6st och rytmiskt.<\/p>\n<p>\u2013 Variationen kommer fr\u00e5n att instrumenten turas om att ha solo och kombineras med olika klanger som f\u00f6ljd. Utmaningen har varit att komponera varierat och lagom intressant f\u00f6r musikerna utan att det blir f\u00f6r sv\u00e5rt, men sanningen att s\u00e4ga s\u00e5 har arbetet bara varit roligt. Visserligen \u00e4r det femtakt h\u00e4r och var och det \u00e4r n\u00e5gra rytmer som kr\u00e4ver uppm\u00e4rksamhet, men ungdomarna har verkligen tagit musiken till sitt hj\u00e4rta. Det har varit h\u00e4rligt att se och h\u00f6ra hur engagerade och musikaliska de \u00e4r.<\/p>\n<p>&nbsp;<\/p>\n<p><a title=\"Bengt-G\u00f6ran Sk\u00f6ld\" href=\"https:\/\/www.flickr.com\/photos\/kultursidan\/33915107154\/in\/album-72157694562921651\/\"><img loading=\"lazy\" decoding=\"async\" src=\"https:\/\/farm5.staticflickr.com\/4163\/33915107154_2e550fe8c2.jpg\" alt=\"Bengt-G\u00f6ran Sk\u00f6ld\" width=\"500\" height=\"333\" \/><\/a><br \/>\n<em> Flitig. Bengt-G\u00f6ran Sk\u00f6ld bidrar med Tornmusik 2 (uruppf\u00f6rande), Orgelstycken, Str\u00e5kkvartett, Symfoni nr 2, och Sancta Maria. Minst ett verk per festivaldag.<\/em><\/p>\n<p>&nbsp;<\/p>\n<p><strong>De tidigaste verken som uruppf\u00f6rs \u00e4r <em>Storia<\/em> av Gunnar Valkare och Peter Lindroths <em>Symfoni nr 1<\/em>, b\u00e5da fr\u00e5n 2002.<\/strong> B\u00e5da ges under SON-konserten i De Geerhallen p\u00e5 fredag.<\/p>\n<p>\u2013 Vi tycker det \u00e4r j\u00e4ttekul att g\u00e5 in i detta. F\u00f6r att en s\u00e5 stor institution som SON ska leva kr\u00e4vs att vi \u00e4r n\u00e4ra samtiden, s\u00e4ger Henrik Marm\u00e9n, orkesterns nye konstn\u00e4rlige chef.<\/p>\n<p>\u00c4ven om Marm\u00e9n inte \u00e4r tons\u00e4ttare fr\u00e5n Norrk\u00f6ping s\u00e5 s\u00e4ger han sig k\u00e4nna till de flesta som kommer att spelas. Tons\u00e4ttarsverige \u00e4r inte st\u00f6rre \u00e4n s\u00e5, \u00e4ven om det v\u00e4xer stadigt tack vare alla utbildningar.<\/p>\n<p><strong>Dessutom ges musik av komposit\u00f6rer som inte har lokal anknytning och en och annan som \u201dbara\u201d \u00e4r \u00f6stg\u00f6te under Norrk\u00f6pingsljud.<\/strong> N\u00e5gra lever inte l\u00e4ngre men \u00e4r \u00e4nd\u00e5 aktuella, som organisten och tons\u00e4ttaren Nils Eriksson som betytt mycket f\u00f6r flera av dem som \u00e4r verksamma i dag.<\/p>\n<p>&nbsp;<\/p>\n<p><a title=\"Eva Sid\u00e9n\" href=\"https:\/\/www.flickr.com\/photos\/kultursidan\/18295230692\/in\/album-72157694562921651\/\"><img loading=\"lazy\" decoding=\"async\" src=\"https:\/\/farm8.staticflickr.com\/7764\/18295230692_4be52ae236.jpg\" alt=\"Eva Sid\u00e9n\" width=\"500\" height=\"333\" \/><\/a><br \/>\n<em> Hemv\u00e4ndare. Eva Sid\u00e9n \u00e4r b\u00e5de klassisk pianist och komponerar ljud-vidoeverk tillsammans med Jens Hedman. Bilden \u00e4r fr\u00e5n en tidigare konsert p\u00e5 Konstmuseet.<\/em><\/p>\n<p>&nbsp;<\/p>\n<p><strong>Tons\u00e4ttarsamtel \u00e4r en nyhet i programmet.<\/strong> Stig Jacobssons och Tanja Kaitaniemis samtalar med livs levande tons\u00e4ttare p\u00e5 Antikvariatet torsdag, fredag och l\u00f6rdag.<\/p>\n<p><em>\u00a9 Text: Ann-Charlotte Sandelin\u2028<\/em><br \/>\n<em>\u00a9 Foto: Ann-Charlotte Sandelin och Michael Strandhed<\/em><\/p>\n<blockquote>\n<h4>NORRK\u00d6PINGSLJUD Norrk\u00f6ping<\/h4>\n<p><em>2\u20135 maj 2018<\/em><br \/>\n<strong>Musikfestival<\/strong><br \/>\n3 tons\u00e4ttarsamtal<br \/>\n11 konserter<br \/>\nHuvudarr: F\u00f6reningen Norrk\u00f6pingsljud. Samarr: Kulturskolan, Musikklasserna, Immanuelskyrkans f\u00f6rsamling, S:t Olofs f\u00f6rsamling<br \/>\nFri entr\u00e9<\/p>\n<p>ONSDAG 2 MAJ<\/p>\n<p style=\"padding-left: 30px;\">17.30 <strong>Invigning med trumpeter och klockspel.<\/strong> \u2022 Tyska torget. (2 URUPPF\u00d6RANDEN)<\/p>\n<p style=\"padding-left: 60px;\"><strong>Peter Lindroth<\/strong> Norrk\u00f6pingsfanfar<\/p>\n<p style=\"padding-left: 90px;\">Ture Herrg\u00e5rd, Aston Andersson, Axel Lidgren, trumpet<\/p>\n<p style=\"padding-left: 60px;\"><strong>Bengt-G\u00f6ran Sk\u00f6ld<\/strong> Tornmusik 2<\/p>\n<p style=\"padding-left: 90px;\">Michael Bruze, klockspel<\/p>\n<p style=\"padding-left: 30px;\">18.00 <strong>Konsert med Musikklasserna och Kulturskolan.<\/strong> \u2022 H\u00f6rsalen. (2 URUPPF\u00d6RANDEN)<\/p>\n<p style=\"padding-left: 60px;\"><strong>Jukka Linkola<\/strong> The Joiku<br \/>\n<strong>Susanna Lindmark<\/strong> Fj\u00e4llvind<\/p>\n<p style=\"padding-left: 90px;\">Musikklasserna med orkester<\/p>\n<p style=\"padding-left: 60px;\"><strong>David Sw\u00e4rd<\/strong> Akikaze, f\u00f6r trest\u00e4mmig diskantk\u00f6r och slagverk<\/p>\n<p style=\"padding-left: 90px;\">Musikklasserna och slagverk<\/p>\n<p style=\"padding-left: 60px;\"><strong>Molly Teleman<\/strong>: Hope is the thing with feathers<\/p>\n<p style=\"padding-left: 90px;\">Ensemble fr\u00e5n Kulturskolan<\/p>\n<p style=\"padding-left: 60px;\"><strong>A Ramsey<\/strong> The Dreamkeeper<br \/>\n<strong>Morten Lauridsen<\/strong> Sture on this shining night<br \/>\n<strong>John Rutter<\/strong> The Miller of Dee<br \/>\n<strong>E Sundberg<\/strong> Stj\u00e4rnorna<\/p>\n<p style=\"padding-left: 90px;\">Musikklasserna<\/p>\n<p style=\"padding-left: 30px;\">20.00 <strong>Kammarmusikkonsert.<\/strong> \u2022 Immanuelskyrkan. (2 URUPPF\u00d6RANDEN)<\/p>\n<p style=\"padding-left: 60px;\"><strong>Rainer Kuisma<\/strong> Kothaaminen<\/p>\n<p style=\"padding-left: 90px;\">Anders Dahlstedt, pukor, Josep Esteve, violin<\/p>\n<p style=\"padding-left: 60px;\"><strong>Anders Flodin<\/strong> Cadenza per pianoforte<br \/>\n<strong>Lars-\u00c5ke Franke-Blom<\/strong> Nattstycket<br \/>\n<strong>Peter Lindroth<\/strong> Pi<br \/>\n<strong>Bengt-G\u00f6ran Sk\u00f6ld<\/strong> Diatonic Fantasy op 193<\/p>\n<p style=\"padding-left: 90px;\">Mats Jansson, piano<\/p>\n<p style=\"padding-left: 60px;\"><strong>Rainer Kuisma<\/strong> Concerto per Contrabasso e Orchestra (kammarversion)<\/p>\n<p style=\"padding-left: 90px;\">Bj\u00f6rn Malmqvist, kontrabas, Mats Jansson, piano, Petter Svensson, slagverk<\/p>\n<p style=\"padding-left: 60px;\"><strong>D Sw\u00e4rd<\/strong> Lightship 11\/5\/55 <a href=\"https:\/\/www.kultursidan.nu\/?p=33146\" target=\"_blank\" rel=\"noopener\">recension<\/a><\/p>\n<p style=\"padding-left: 90px;\">Ensemble MA<\/p>\n<p>TORSDAG 3 MAJ<\/p>\n<p style=\"padding-left: 30px;\">13.00 <strong>Orgelkonsert.<\/strong> \u2022 S:t Olai kyrka. (OBS! Tiden)<\/p>\n<p style=\"padding-left: 60px;\"><strong>Bengt-G\u00f6ran Sk\u00f6ld<\/strong> Ouvertyre, Sm\u00e5 stycken f\u00f6r orgel, Tv\u00e5 Agnus Dei-satser, A White Fantasy, Pastoral op 101, Fantasia op 195<\/p>\n<p style=\"padding-left: 90px;\">Bengt-G\u00f6ran Sk\u00f6ld, orgel<\/p>\n<p style=\"padding-left: 30px;\">15.00 <strong>Tons\u00e4ttarsamtal.<\/strong> \u2022 Antikvariatet.<\/p>\n<p style=\"padding-left: 90px;\">Stig Jacobsson samtalar med festivaltons\u00e4ttare.<\/p>\n<p style=\"padding-left: 30px;\">18.00 <strong>Konsert f\u00f6r piano, video och ljud. Elektroakustisk musik<\/strong>. \u2022 Harlekinen, Konstmuseet.<\/p>\n<p style=\"padding-left: 60px;\"><strong>Eva Sid\u00e9n, Jens Hedman<\/strong> Water (ur Wu Xing) f\u00f6r piano och EAM 5.1, video. Hade of Thais, f\u00f6r flygel och EAM 5.1. Earth (ur Wu Xing) f\u00f6r piano och EAM 5.1, video.<\/p>\n<p style=\"padding-left: 90px;\">Sid\u00e9n-Hedman Duo<\/p>\n<p style=\"padding-left: 60px;\"><strong>Magnus Alexandersson<\/strong> Elektroakustisk musik<\/p>\n<p style=\"padding-left: 90px;\">Magnus Alexandersson<\/p>\n<p style=\"padding-left: 30px;\">20.00 <strong>Kammarkonsert med verk f\u00f6r gitarr, r\u00f6st, fl\u00f6jt, str\u00e5kkvartett.<\/strong> \u2022 Crescendo.<\/p>\n<p style=\"padding-left: 60px;\"><strong>Daniel Ralphsson<\/strong> Passacaglia<br \/>\n<strong>Emmy Lindstr\u00f6m<\/strong> Will you wait for me?<br \/>\n<strong>Peter Lindroth<\/strong> Calmo, ur SQ II<br \/>\n<strong>Magnus Alexandersson<\/strong> Tetraeder<\/p>\n<p style=\"padding-left: 90px;\">Samuel Edvardsson, gitarr<\/p>\n<p style=\"padding-left: 60px;\"><strong>Madeleine Jonsson Gille<\/strong> New Paintings<\/p>\n<p style=\"padding-left: 90px;\">Madeleine Jonsson Gille, r\u00f6st<\/p>\n<p style=\"padding-left: 60px;\"><strong>Erik Sk\u00f6ld<\/strong> Adagio &amp; allegro for Classical Guitar<\/p>\n<p style=\"padding-left: 90px;\">Samuel Edvardsson, gitarr<\/p>\n<p style=\"padding-left: 60px;\"><strong>Oskar Lissheim-Bo\u00ebtius<\/strong> Zwei begrenzte Miniaturen f\u00fcr Fl\u00f6te und Guitarre<\/p>\n<p style=\"padding-left: 90px;\">Samuel Edvardsson, gitarr, Annica de Val, fl\u00f6jt<\/p>\n<p style=\"padding-left: 60px;\"><strong>Bengt-G\u00f6ran Sk\u00f6ld<\/strong> Str\u00e5kkvartett nr 2<\/p>\n<p style=\"padding-left: 90px;\">Matinkvartetten<\/p>\n<p style=\"padding-left: 60px;\"><strong>Emmy Lindstr\u00f6m<\/strong> Will you wait for me?<\/p>\n<p style=\"padding-left: 90px;\">Samuel Edvardsson, gitarr, Annica de Val, fl\u00f6jt<\/p>\n<p style=\"padding-left: 60px;\"><strong>Gunnar Valkare<\/strong> Febbre per quartetto d\u2019archi<\/p>\n<p style=\"padding-left: 90px;\">Matinkvartetten<\/p>\n<p>FREDAG 4 MAJ<\/p>\n<p style=\"padding-left: 30px;\">12.00 <strong>Gitarrkonsert.<\/strong>. \u2022 Konstmuseet. (1 URUPPF\u00d6RANDE)<\/p>\n<p style=\"padding-left: 60px;\"><strong>Gunnar Valkare<\/strong> Ritorno<br \/>\n<strong>Celia Linde<\/strong> China Impressions \u2013 Early Sunrise, Mist over the Great Wall, return. Contemplation. Epilogue, Fontaine Bleue<\/p>\n<p style=\"padding-left: 90px;\">Celia Linde, gitarr<\/p>\n<p style=\"padding-left: 30px;\">15.00 <strong>Tons\u00e4ttarsamtal.<\/strong> \u2022 Antikvariatet.<\/p>\n<p style=\"padding-left: 90px;\">Stig Jacobsson samtalar med festivaltons\u00e4ttare.<\/p>\n<p style=\"padding-left: 30px;\">19.00 <strong>Konsert med Norrk\u00f6pings Symfoniorkester.<\/strong> \u2022 De Geerhallen, Louis De Geer. (3 URUPPF\u00d6RANDEN)<\/p>\n<p style=\"padding-left: 60px;\"><strong>Emmy Lindstr\u00f6m<\/strong> Nu faller sn\u00f6<br \/>\n<strong>Lars-\u00c5ke Franke-Blom<\/strong> Jakobs Traum<br \/>\n<strong>Gunnar Valkare<\/strong> Storia<br \/>\n<strong>Bengt-G\u00f6ran Sk\u00f6ld<\/strong> Symfoni 2<br \/>\n<strong>Peter Lindroth<\/strong> Symfoni nr 1<\/p>\n<p style=\"padding-left: 90px;\">Dirigent: Taavi Oramo. Solist: Thomas Bodin, oboe.<\/p>\n<p>L\u00d6RDAG 5 MAJ<\/p>\n<p style=\"padding-left: 30px;\">15.00 <strong>Tons\u00e4ttarsamtal.<\/strong> \u2022 Antikvariatet.<\/p>\n<p style=\"padding-left: 90px;\">Tanja Kaltaniemi samtalar med festivaltons\u00e4ttare.<\/p>\n<p style=\"padding-left: 30px;\">17.00 <strong>K\u00f6r- och instrumentalkonsert.<\/strong> \u2022 Hedvigs kyrka.<\/p>\n<p style=\"padding-left: 60px;\"><strong>Sven Hagvil<\/strong> \u2026and my silence holds every word<br \/>\n<strong>Emmy Lindstr\u00f6m<\/strong> Vintergatan fryser<br \/>\n<strong>David Sw\u00e4rd<\/strong> Iwashi, Taki, Tsuki ur Godal<br \/>\n<strong>Anders Flodin<\/strong> Arezzo \u2013 viaggio delle figure, f\u00f6r piano<br \/>\n<strong>Lars-\u00c5ke Franke-Blom<\/strong> Cellosonat<br \/>\n<strong>Michael Waldenby<\/strong> Rex virtutis, Ave maris stella, Caelos ascendi hodie, Exsultate Deo ur Fem latinska motetter<\/p>\n<p style=\"padding-left: 90px;\">\u00d6stg\u00f6ta Kammark\u00f6r under ledning av Christina H\u00f6rnell. Niklaas Veltman, cello, och Mats Jansson, piano\/orgel. Rakel Fagius, recitation.<\/p>\n<p style=\"padding-left: 30px;\">19.00 <strong>Orgelkonsert.<\/strong> \u2022 Hedvigs kyrka.<\/p>\n<p style=\"padding-left: 60px;\"><strong>Stig-Gustav Sch\u00f6nberg<\/strong> Effat\u00e1, poema sinfonico per organo, op 80<br \/>\n<strong>Lars-\u00c5ke Franke-Blom<\/strong> Sorgemusik ur tondikten L\u00e4ngtans v\u00e4v<br \/>\n<strong>Ralph Gustafsson<\/strong> S\u00e4g mig den v\u00e4gen som drager till livet \u2013 en folktonspartita<br \/>\n<strong>Olle Elgenmark<\/strong> Sinfonia breve, Orgelsymfoni nr 2, op 26<br \/>\n<strong>Nils Eriksson<\/strong> Meditation (nattvardsmusik) ur Svensk M\u00e4ssa (arr: R Gustafsson)<br \/>\n<strong>Josef Jonsson<\/strong> Tema med variationer och fuga, op 51<\/p>\n<p style=\"padding-left: 90px;\">Ralph Gustafsson, orgel<\/p>\n<p style=\"padding-left: 30px;\">21.00 <strong>Kammarmusikkonsert.<\/strong> \u2022 Crescendo. (3 URUPPF\u00d6RANDEN)<\/p>\n<p style=\"padding-left: 60px;\"><strong>Molly Teleman<\/strong> Str\u00f6mmen <a href=\"https:\/\/www.kultursidan.nu\/?p=20365\" target=\"_blank\" rel=\"noopener\">intervju\/recension<\/a><\/p>\n<p style=\"padding-left: 90px;\">Bo Pettersson, klarinett, och Anders Dahlstedt, marimba<\/p>\n<p style=\"padding-left: 60px;\"><strong>David Tigranov<\/strong> Wisdom och Unanswered questions ur panocykeln Life<\/p>\n<p style=\"padding-left: 90px;\">Eva Sid\u00e9n, piano<\/p>\n<p style=\"padding-left: 60px;\"><strong>Otto Freudenthal<\/strong> Air och Bagateller f\u00f6r fl\u00f6jt och piano<\/p>\n<p style=\"padding-left: 90px;\">Annica de Val, fl\u00f6jt, och Mats Jansson, piano<\/p>\n<p style=\"padding-left: 60px;\"><strong>Bengt-G\u00f6ran Sk\u00f6ld<\/strong> Sancta Maria f\u00f6r mezzo och klarinett<\/p>\n<p style=\"padding-left: 90px;\">Bo Pettersson, klarinett, och Ingrid Sk\u00f6ld Aareskjold, mezzosopran<\/p>\n<p style=\"padding-left: 60px;\"><strong>Eva Sid\u00e9n<\/strong> Diary and Games<\/p>\n<p style=\"padding-left: 90px;\">Eva Sid\u00e9n, piano<\/p>\n<p style=\"padding-left: 60px;\"><strong>Gunnar Valkare<\/strong> Gesti di lue e ombra<\/p>\n<p style=\"padding-left: 90px;\">Annica de Val, fl\u00f6jt<\/p>\n<p style=\"padding-left: 60px;\"><strong>Peter Lindroth<\/strong> Treguivillo<\/p>\n<p style=\"padding-left: 90px;\">Celia Linde, gitarr, Sonja Vrieze, violin och Niklaas Veltman, cello<\/p>\n<p style=\"padding-left: 60px;\"><strong>David Sw\u00e4rd<\/strong> Three Tap-Too<\/p>\n<p style=\"padding-left: 90px;\">Annica de Val, fl\u00f6jt, Bo Pettersson, klarinett, Niklaas Veltman, cello<\/p>\n<\/blockquote>\n<p>L\u00c4NKAR<br \/>\nNorrk\u00f6pingsljud <a href=\"http:\/\/norrkopingsljud.se\/start-2\" target=\"_blank\" rel=\"noopener\">hemsida<\/a> <a href=\"https:\/\/www.facebook.com\/norrkopingsljud\/\" target=\"_blank\" rel=\"noopener\">Facebook<\/a> <a href=\"http:\/\/norrkopingsljud.se\/nl\/wp-content\/uploads\/2015\/09\/Programbok-Norrk\u00f6pingsljud-2018.pdf\" target=\"_blank\" rel=\"noopener\">Programbok<\/a><\/p>\n","protected":false},"excerpt":{"rendered":"<p>NORRK\u00d6PING 11 konserter. 26 tons\u00e4ttare. 13 uruppf\u00f6randen. 3 tons\u00e4ttarsamtal. Molly Teleman har skrivit stycket Hope is the thing with feathers f\u00f6r en ensemble fr\u00e5n Kulturskolan. Musikfestivalen Norrk\u00f6pingsljud klingar fr\u00e5n onsdag till l\u00f6rdag. <a class=\"continue-reading-link\" href=\"https:\/\/www.kultursidan.nu\/?p=36167\">L\u00e4s mer <span class=\"meta-nav\">&rarr; <\/span><\/a><\/p>\n","protected":false},"author":1001006,"featured_media":0,"comment_status":"closed","ping_status":"open","sticky":false,"template":"","format":"standard","meta":{"_jetpack_memberships_contains_paid_content":false,"footnotes":""},"categories":[7],"tags":[29,13],"class_list":["post-36167","post","type-post","status-publish","format-standard","hentry","category-norrkoping","tag-festival","tag-musik"],"jetpack_featured_media_url":"","jetpack_sharing_enabled":true,"_links":{"self":[{"href":"https:\/\/www.kultursidan.nu\/index.php?rest_route=\/wp\/v2\/posts\/36167","targetHints":{"allow":["GET"]}}],"collection":[{"href":"https:\/\/www.kultursidan.nu\/index.php?rest_route=\/wp\/v2\/posts"}],"about":[{"href":"https:\/\/www.kultursidan.nu\/index.php?rest_route=\/wp\/v2\/types\/post"}],"author":[{"embeddable":true,"href":"https:\/\/www.kultursidan.nu\/index.php?rest_route=\/wp\/v2\/users\/1001006"}],"replies":[{"embeddable":true,"href":"https:\/\/www.kultursidan.nu\/index.php?rest_route=%2Fwp%2Fv2%2Fcomments&post=36167"}],"version-history":[{"count":6,"href":"https:\/\/www.kultursidan.nu\/index.php?rest_route=\/wp\/v2\/posts\/36167\/revisions"}],"predecessor-version":[{"id":36217,"href":"https:\/\/www.kultursidan.nu\/index.php?rest_route=\/wp\/v2\/posts\/36167\/revisions\/36217"}],"wp:attachment":[{"href":"https:\/\/www.kultursidan.nu\/index.php?rest_route=%2Fwp%2Fv2%2Fmedia&parent=36167"}],"wp:term":[{"taxonomy":"category","embeddable":true,"href":"https:\/\/www.kultursidan.nu\/index.php?rest_route=%2Fwp%2Fv2%2Fcategories&post=36167"},{"taxonomy":"post_tag","embeddable":true,"href":"https:\/\/www.kultursidan.nu\/index.php?rest_route=%2Fwp%2Fv2%2Ftags&post=36167"}],"curies":[{"name":"wp","href":"https:\/\/api.w.org\/{rel}","templated":true}]}}