{"id":36218,"date":"2018-05-04T09:43:33","date_gmt":"2018-05-04T08:43:33","guid":{"rendered":"https:\/\/intelligent-friend-7861.standoutwp.com\/?p=36218"},"modified":"2018-05-04T09:57:01","modified_gmt":"2018-05-04T08:57:01","slug":"onsdagskonserter-med-norrkopingsljud","status":"publish","type":"post","link":"https:\/\/www.kultursidan.nu\/?p=36218","title":{"rendered":"Onsdagskonserter med Norrk\u00f6pingsljud"},"content":{"rendered":"<p><img loading=\"lazy\" decoding=\"async\" class=\"alignnone size-medium wp-image-36219\" src=\"https:\/\/www.kultursidan.nu\/wp-content\/uploads\/2018\/05\/DSCF1145-567x378.jpg\" alt=\"\" width=\"567\" height=\"378\" srcset=\"https:\/\/www.kultursidan.nu\/wp-content\/uploads\/2018\/05\/DSCF1145-567x378.jpg 567w, https:\/\/www.kultursidan.nu\/wp-content\/uploads\/2018\/05\/DSCF1145-768x512.jpg 768w, https:\/\/www.kultursidan.nu\/wp-content\/uploads\/2018\/05\/DSCF1145-1024x683.jpg 1024w, https:\/\/www.kultursidan.nu\/wp-content\/uploads\/2018\/05\/DSCF1145-150x100.jpg 150w, https:\/\/www.kultursidan.nu\/wp-content\/uploads\/2018\/05\/DSCF1145-500x333.jpg 500w, https:\/\/www.kultursidan.nu\/wp-content\/uploads\/2018\/05\/DSCF1145.jpg 1200w\" sizes=\"auto, (max-width: 567px) 100vw, 567px\" \/><br \/>\n<em>Skidf\u00e4rd? Musikklassernas fr\u00e4scha framf\u00f6rande av The Joiku av finske tons\u00e4ttaren Jukka Linkola med rytmiskt tal, s\u00e5ng, handklapp och n\u00e5got som s\u00e5g ut som skid\u00e5kning p\u00e5 fj\u00e4llet.<\/em><\/p>\n<p>&nbsp;<\/p>\n<h1><span style=\"color: #ff0000;\">Fanfar och konserter f\u00f6r ung musik<\/span><\/h1>\n<p>&nbsp;<\/p>\n<p>NORRK\u00d6PING <strong>En fanfar f\u00f6r Norrk\u00f6pingsljud.<\/strong> Onsdagens invigning p\u00e5 Tyska torget f\u00f6ljdes av konsert i H\u00f6rsalen med 90 s\u00e5ngare fr\u00e5n Musikklasserna och musiker fr\u00e5n Kulturskolan. Kv\u00e4llen avslutades med Kammarmusikkonsert i Immanuelskyrkan.<\/p>\n<p>&nbsp;<\/p>\n<p><iframe loading=\"lazy\" src=\"https:\/\/www.youtube.com\/embed\/GA5HaRF0qrc\" width=\"560\" height=\"315\" frameborder=\"0\" allowfullscreen=\"allowfullscreen\"><\/iframe><br \/>\n<em>Norrk\u00f6pingsfanfar med Ture Herrg\u00e5rd, Aston Andersson och Axel Lidgren. F\u00f6ljt av n\u00e5gra sekunder ur Tornmusik 2.<\/em><\/p>\n<p>&nbsp;<\/p>\n<p><strong>Uruppf\u00f6randena st\u00e5r som sp\u00f6n i backen n\u00e4r samtida konstmusik spelas under Norrk\u00f6pingsljud.<\/strong> Sj\u00e4lva invigningen, som lj\u00f6d \u00f6ver ett t\u00e4mligen folktomt Tyska torget bj\u00f6d p\u00e5 tv\u00e5. Peter Lindroths sn\u00e4rtiga <em>Norrk\u00f6pingsfanfar<\/em>, klockad p\u00e5 46 sekunder av trumpetarna Ture Herrg\u00e5rd, Aston Andersson och Axel Lidgren.<\/p>\n<p>Bengt-G\u00f6ran Sk\u00f6lds <em>Tornmusik 2<\/em> som d\u00e4rp\u00e5 vandrade ut fr\u00e5n R\u00e5dhustornets klockor, med Michael Bruze vid spelbordet, tog sina rundliga minuter.<\/p>\n<p>&nbsp;<\/p>\n<p><a title=\"Ensemblen fr\u00e5n Kulturskolan uruppf\u00f6rde Molly Telemans Hope is the thing with feathers\" href=\"https:\/\/www.flickr.com\/photos\/kultursidan\/27012805397\/in\/album-72157695760328494\/\"><img loading=\"lazy\" decoding=\"async\" src=\"https:\/\/farm1.staticflickr.com\/912\/27012805397_53e5b73206.jpg\" alt=\"Ensemblen fr\u00e5n Kulturskolan uruppf\u00f6rde Molly Telemans Hope is the thing with feathers\" width=\"500\" height=\"333\" \/><\/a><br \/>\n<em>Uruppf\u00f6rande. Molly Telemans Hope is the thing with feathers. Ludwig Kempe och Tobias Bergsten, Elisia Elvinsson, Alicia Tapia Bergkvist, Tora Vrieze, Ruben Gr\u00e4njefors, Emil Axell under ledning av Per Kolsg\u00e5rd.<\/em><\/p>\n<p>&nbsp;<\/p>\n<p><strong>Invigningskonserten <em>Yokaze<\/em> (japanska f\u00f6r Nattvind) slog an tonen i H\u00f6rsalen.<\/strong> Ungdomar fr\u00e5n Musikklasserna i Navestad och Haga genomf\u00f6rde Norrk\u00f6pingsljuds invigningskonsert tillsammans med instrumentalister fr\u00e5n Kulturskolan.<\/p>\n<p><em><strong>Hope is the thing with feathers.<\/strong><\/em> Finns det en vackrare titel? Tons\u00e4ttaren Molly Teleman har h\u00e4mtat den fr\u00e5n en dikt av Emily Dickinson. Den unga ensemblen fr\u00e5n Kulturskolan uruppf\u00f6rde ett v\u00e5rligt och v\u00e4nligt uppvaknande. Varje st\u00e4mma \u2013 en fl\u00f6jt, en klarinett, en violin, en viola och en cello samt tv\u00e5 p\u00e5 en marimba \u2013 har sin tydliga r\u00f6st. Mot slutet sk\u00f6na dis-ackord ut i v\u00e4rlden.<\/p>\n<p><strong>Ung musik f\u00f6r unga r\u00f6ster.<\/strong> 90 elever fr\u00e5n Musikklasserna gav en vindfrisk k\u00f6rkonsert med smidiga omm\u00f6bleringar p\u00e5 scenen. <em>The Joiku<\/em> av finske tons\u00e4ttaren Jukka Linkola med rytmiskt tal, s\u00e5ng, handklapp och n\u00e5got som s\u00e5g ut som skid\u00e5kning p\u00e5 fj\u00e4llet.<\/p>\n<p>Susanna Lindmarks <em>Fj\u00e4llvind<\/em> d\u00e4r en klagande sopransax och dov cello l\u00e5ngsamt, s\u00e4kert tack vare k\u00f6rens harmonier och klockors klirr, blev p\u00e5 allt gladare och jazzigare hum\u00f6r.<\/p>\n<p><strong>David Sw\u00e4rds <em>Akikaze<\/em> (H\u00f6stvind) f\u00f6r flickk\u00f6r skrevs 2014, egentligen avsedd f\u00f6r Norrk\u00f6pingsljuds f\u00f6rsta festival 2015.<\/strong> Nu kom uruppf\u00f6randet, med t\u00e4ta st\u00e4mklanger som gemensamt sk\u00f6t sig fram\u00e5t, upp\u00e5t, ned\u00e5t till svagt mullrande gong. Ett rytmiskt upprepande l\u00f6stes upp och gick till ny rytmisering.<\/p>\n<p>Ytterligare fyra verk framf\u00f6rdes. Andrea Ramseys <em>The Dreamkeeper<\/em> f\u00f6r mindre k\u00f6r och instrumentalensemble gav Harry Potter-k\u00e4nsla. Pojkar i m\u00e5lbrottet, f\u00f6rst\u00e4rkta av altar, sj\u00f6ng i folkviseton <em>The Miller of Dee<\/em> av John Rutter. Harmoniskt fl\u00f6dade Morten Lauridsens <em>Shure on this Shining Night<\/em>. Slutligen Emil Sundbergs tons\u00e4ttning av Karin Boyes dikt <em>Stj\u00e4rnorna<\/em>, en enkel och r\u00e4ttfram melodi som k\u00f6ren sj\u00f6ng utantill.<\/p>\n<p>&nbsp;<\/p>\n<p><a title=\"Tons\u00e4ttare. Lars-\u00c5ke Franke-Blom, Anders Flodin, Peter Lindroth, Bengt-G\u00f6ran Sk\u00f6ld, Rainer Kuisma\" href=\"https:\/\/www.flickr.com\/photos\/kultursidan\/28011410098\/in\/album-72157695760328494\/\"><img loading=\"lazy\" decoding=\"async\" src=\"https:\/\/farm1.staticflickr.com\/825\/28011410098_a7c3a37f15.jpg\" alt=\"Tons\u00e4ttare. Lars-\u00c5ke Franke-Blom, Anders Flodin, Peter Lindroth, Bengt-G\u00f6ran Sk\u00f6ld, Rainer Kuisma\" width=\"500\" height=\"333\" \/><\/a><br \/>\n<em> Tons\u00e4ttare. Lars-\u00c5ke Franke-Blom, Anders Flodin, Peter Lindroth, Bengt-G\u00f6ran Sk\u00f6ld (vars verk stod p\u00e5 programmet men fick utg\u00e5 d\u00e5 det inte var f\u00e4rdigrepeterat) samt Rainer Kuisma.<\/em><\/p>\n<p>&nbsp;<\/p>\n<p><strong>Kv\u00e4llen avslutades med kammarmusikkonsert i Immanuelskyrkan.<\/strong> I Rainer Kuismas korta <em>Kohtaaminen<\/em> m\u00f6ttes Josep Esteve, violin, och Anders Dahlstedt, pukor.<\/p>\n<p>Eller m\u00f6ttes \u2013 faktiskt att SON:s tidigare slagverkare l\u00e4t Esteves dj\u00e4rvt pr\u00f6vande violinspel, med l\u00f6s\/l\u00e4tt\/fyllig str\u00e5ke i tonala\/atonala tong\u00e5ngar, ta ledningen. Dock med \u00f6ppningar f\u00f6r Dahlstedt att kliva fram ur ett dovt mullrande med stockar, med olika slags huvuden, och borstar.<\/p>\n<p><strong>Mats Jansson tog det piano, f\u00f6r s\u00e5 m\u00e5ste man g\u00f6ra med Anders Flodins <\/strong><em>Cadenza per pianoforte.<\/em> Ett pr\u00f6vande, f\u00f6rs\u00f6k som avbryts. Mjukt, attacker, buffligt, spr\u00f6tt. Bortd\u00f6ende.<\/p>\n<p>Tankfullt vandrade Janssons skickliga pianofingrar \u00f6ver tangenterna i Lars-\u00c5ke Franke-Bloms <em>Nattstycket<\/em>. Ett lugnt samtal mellan bas och diskant.<\/p>\n<p><strong>Kv\u00e4llens uruppf\u00f6rande var Peter Lindroths <em>Pi<\/em>.<\/strong> V\u00e4nsterhandens ansats med tv\u00e5 toner, som \u00e5terkom i en rad av starter. Nya till\u00e4gg er\u00f6vrade klaviaturen steg f\u00f6r steg, som ett s\u00f6kande efter nya m\u00f6jliga ackord, allt h\u00f6gre upp tills tangenterna tog stopp.<\/p>\n<p><strong>Som att det som varit skulle leda fram till h\u00f6jdpunkten, Rainer Kuismas <em>Concerto per Contrabasso e Orchestra.<\/em><\/strong> Mats Jansson kvar vid pianot medan Petter Svensson intog slagverket. I centrum Bj\u00f6rn Malmqvists kontrabas, vars runda djupa s\u00e5ng f\u00e5ngades upp av pianot. Varp\u00e5 tillrande toner, risslande klockor, v\u00e4xande cymbal. Attackerande trummor sonderar i fj\u00e4rran medan pianot fl\u00f6dar. Ett sk\u00f6nt och romantisk, ja ocks\u00e5 v\u00e4nligt stycke.<\/p>\n<p>&nbsp;<\/p>\n<p><a title=\"Ensemble Ma \u2013 Lightship 11\/5\/55\" href=\"https:\/\/www.flickr.com\/photos\/kultursidan\/28011409788\/in\/album-72157695760328494\/\"><img loading=\"lazy\" decoding=\"async\" src=\"https:\/\/farm1.staticflickr.com\/964\/28011409788_c389ec0b8f.jpg\" alt=\"Ensemble Ma \u2013 Lightship 11\/5\/55\" width=\"500\" height=\"333\" \/><\/a><br \/>\n<em> V\u00e4derraport. Ensemble Ma spelade David Sw\u00e4rds Lightship 11\/5\/55.<\/em><\/p>\n<p>&nbsp;<\/p>\n<p><strong>Efter pausen framf\u00f6rde Ensemble MA David Sw\u00e4rds <em>Lightship 11\/5\/5.<\/em><\/strong> Minnet av en dag med alla v\u00e4der ute till havs, framletat ur Sj\u00f6fartsverkets arkiv och omvandlat till musik. Det hade sitt uruppf\u00f6rande i h\u00f6stas.<\/p>\n<p><em>\u00a9 Text, film och foto: Ann-Charlotte Sandelin<\/em><\/p>\n<p>BILDSPEL \u2013 KLICKA P\u00c5 BILDENS PILAR<\/p>\n<p><a data-flickr-embed='true' href='https:\/\/www.flickr.com\/photos\/kultursidan\/sets\/72157695760328494' title='3 konserter onsdag, Norrk\u00f6pingsljud 2018 by Kultursidan, on Flickr'><img src='https:\/\/live.staticflickr.com\/903\/27012805627_e1220f3d0e_z.jpg' width='800' height='600' alt='Norrk\u00f6pingsfanfar \u2013 Ture Herrga\u030ard, Aston Andersson, Axel Lidgren'><\/a><script async src='https:\/\/embedr.flickr.com\/assets\/client-code.js' charset='utf-8'><\/script><\/p>\n<blockquote>\n<h4>NORRK\u00d6PINGSLJUD Norrk\u00f6ping<\/h4>\n<p><em>2\u20135 maj 2018<\/em><br \/>\n<strong>Musikfestival<\/strong><br \/>\n3 tons\u00e4ttarsamtal<br \/>\n11 konserter<br \/>\nHuvudarr: F\u00f6reningen Norrk\u00f6pingsljud. Samarr: Kulturskolan, Musikklasserna, Immanuelskyrkans f\u00f6rsamling, S:t Olofs f\u00f6rsamling<br \/>\nFri entr\u00e9<\/p>\n<p>ONSDAG 2 MAJ<\/p>\n<p>17.30 <strong>Invigning med trumpeter och klockspel.<\/strong> \u2022 Tyska torget. (2 URUPPF\u00d6RANDEN)<\/p>\n<p style=\"padding-left: 30px;\"><strong>Peter Lindroth<\/strong> Norrk\u00f6pingsfanfar<\/p>\n<p style=\"padding-left: 60px;\">Ture Herrg\u00e5rd, Aston Andersson, Axel Lidgren, trumpet<\/p>\n<p style=\"padding-left: 30px;\"><strong>Bengt-G\u00f6ran Sk\u00f6ld<\/strong> Tornmusik 2<\/p>\n<p style=\"padding-left: 60px;\">Michael Bruze, klockspel<\/p>\n<p>18.00 <strong>Konsert med Musikklasserna och Kulturskolan.<\/strong> \u2022 H\u00f6rsalen. (2 URUPPF\u00d6RANDEN)<\/p>\n<p style=\"padding-left: 30px;\"><strong>Molly Teleman<\/strong>: Hope is the thing with feathers<\/p>\n<p style=\"padding-left: 60px;\">Ensemble fr\u00e5n Kulturskolan<\/p>\n<p style=\"padding-left: 30px;\"><strong>Jukka Linkola<\/strong> The Joiku<br \/>\n<strong>Susanna Lindmark<\/strong> Fj\u00e4llvind<\/p>\n<p style=\"padding-left: 60px;\">Musikklasserna med orkester<\/p>\n<p style=\"padding-left: 30px;\"><strong>David Sw\u00e4rd<\/strong> Akikaze, f\u00f6r trest\u00e4mmig diskantk\u00f6r och slagverk<\/p>\n<p style=\"padding-left: 60px;\">Musikklasserna och slagverk<\/p>\n<p style=\"padding-left: 30px;\"><strong>A Ramsey<\/strong> The Dreamkeeper<br \/>\n<strong>John Rutter<\/strong> The Miller of Dee<br \/>\n<strong>Morten Lauridsen<\/strong> Sture on this shining night<br \/>\n<strong>E Sundberg<\/strong> Stj\u00e4rnorna<\/p>\n<p style=\"padding-left: 60px;\">Musikklasserna<\/p>\n<p>20.00 <strong>Kammarmusikkonsert.<\/strong> \u2022 Immanuelskyrkan. (1 URUPPF\u00d6RANDE)<\/p>\n<p style=\"padding-left: 30px;\"><strong>Rainer Kuisma<\/strong> Kothaaminen<\/p>\n<p style=\"padding-left: 60px;\">Anders Dahlstedt, pukor, Josep Esteve, violin<\/p>\n<p style=\"padding-left: 30px;\"><strong>Anders Flodin<\/strong> Cadenza per pianoforte<br \/>\n<strong>Lars-\u00c5ke Franke-Blom<\/strong> Nattstycket<br \/>\n<strong>Peter Lindroth<\/strong> Pi<br \/>\n<del><strong>Bengt-G\u00f6ran Sk\u00f6ld<\/strong> Diatonic Fantasy op 193<\/del><\/p>\n<p style=\"padding-left: 60px;\">Mats Jansson, piano<\/p>\n<p style=\"padding-left: 30px;\"><strong>Rainer Kuisma<\/strong> Concerto per Contrabasso e Orchestra (kammarversion)<\/p>\n<p style=\"padding-left: 60px;\">Bj\u00f6rn Malmqvist, kontrabas, Mats Jansson, piano, Petter Svensson, slagverk<\/p>\n<p style=\"padding-left: 30px;\"><strong>D Sw\u00e4rd<\/strong> Lightship 11\/5\/55 <a href=\"https:\/\/www.kultursidan.nu\/?p=33146\" target=\"_blank\" rel=\"noopener\">recension<\/a><\/p>\n<p style=\"padding-left: 60px;\">Ensemble MA<\/p>\n<\/blockquote>\n<p>L\u00c4NKAR<br \/>\nKulturskolan <a href=\"http:\/\/www.norrkoping.se\/kultur-fritid\/fritid\/kulturskolan\/\" target=\"_blank\" rel=\"noopener\">hemsida<\/a> <a href=\"https:\/\/www.facebook.com\/Kulturskolannorrkoping\/?fref=ts\" target=\"_blank\" rel=\"noopener\">Facebook<\/a><br \/>\nNorrk\u00f6pings musikklasser <a href=\"https:\/\/www.facebook.com\/Norrk%C3%B6pings-Musikklasser-139903579404397\/\" target=\"_blank\" rel=\"noopener\">Facebook<\/a><br \/>\nNorrk\u00f6pingsljud <a href=\"http:\/\/norrkopingsljud.se\/start-2\" target=\"_blank\" rel=\"noopener\">hemsida<\/a> <a href=\"https:\/\/www.facebook.com\/norrkopingsljud\/\" target=\"_blank\" rel=\"noopener\">Facebook<\/a> <a href=\"http:\/\/norrkopingsljud.se\/nl\/wp-content\/uploads\/2015\/09\/Programbok-Norrk\u00f6pingsljud-2018.pdf\" target=\"_blank\" rel=\"noopener\">Programbok<br \/>\n<\/a>Norrk\u00f6pingsljud h\u00f6rs i fyra dagar <a href=\"https:\/\/www.kultursidan.nu\/?p=36167\" target=\"_blank\" rel=\"noopener\">reportage<\/a> Kultursidan.nu 1\/5 2018<\/p>\n","protected":false},"excerpt":{"rendered":"<p>NORRK\u00d6PING En fanfar f\u00f6r Norrk\u00f6pingsljud. Onsdagens invigning p\u00e5 Tyska torget f\u00f6ljdes av konsert i H\u00f6rsalen med 90 s\u00e5ngare fr\u00e5n Musikklasserna och musiker fr\u00e5n Kulturskolan. Kv\u00e4llen avslutades med Kammarmusikkonsert i Immanuelskyrkan. <a class=\"continue-reading-link\" href=\"https:\/\/www.kultursidan.nu\/?p=36218\">L\u00e4s mer <span class=\"meta-nav\">&rarr; <\/span><\/a><\/p>\n","protected":false},"author":1001006,"featured_media":0,"comment_status":"closed","ping_status":"open","sticky":false,"template":"","format":"standard","meta":{"_jetpack_memberships_contains_paid_content":false,"footnotes":""},"categories":[7],"tags":[29,13],"class_list":["post-36218","post","type-post","status-publish","format-standard","hentry","category-norrkoping","tag-festival","tag-musik"],"jetpack_featured_media_url":"","jetpack_sharing_enabled":true,"_links":{"self":[{"href":"https:\/\/www.kultursidan.nu\/index.php?rest_route=\/wp\/v2\/posts\/36218","targetHints":{"allow":["GET"]}}],"collection":[{"href":"https:\/\/www.kultursidan.nu\/index.php?rest_route=\/wp\/v2\/posts"}],"about":[{"href":"https:\/\/www.kultursidan.nu\/index.php?rest_route=\/wp\/v2\/types\/post"}],"author":[{"embeddable":true,"href":"https:\/\/www.kultursidan.nu\/index.php?rest_route=\/wp\/v2\/users\/1001006"}],"replies":[{"embeddable":true,"href":"https:\/\/www.kultursidan.nu\/index.php?rest_route=%2Fwp%2Fv2%2Fcomments&post=36218"}],"version-history":[{"count":10,"href":"https:\/\/www.kultursidan.nu\/index.php?rest_route=\/wp\/v2\/posts\/36218\/revisions"}],"predecessor-version":[{"id":36229,"href":"https:\/\/www.kultursidan.nu\/index.php?rest_route=\/wp\/v2\/posts\/36218\/revisions\/36229"}],"wp:attachment":[{"href":"https:\/\/www.kultursidan.nu\/index.php?rest_route=%2Fwp%2Fv2%2Fmedia&parent=36218"}],"wp:term":[{"taxonomy":"category","embeddable":true,"href":"https:\/\/www.kultursidan.nu\/index.php?rest_route=%2Fwp%2Fv2%2Fcategories&post=36218"},{"taxonomy":"post_tag","embeddable":true,"href":"https:\/\/www.kultursidan.nu\/index.php?rest_route=%2Fwp%2Fv2%2Ftags&post=36218"}],"curies":[{"name":"wp","href":"https:\/\/api.w.org\/{rel}","templated":true}]}}