{"id":36320,"date":"2018-05-09T18:34:33","date_gmt":"2018-05-09T17:34:33","guid":{"rendered":"https:\/\/intelligent-friend-7861.standoutwp.com\/?p=36320"},"modified":"2018-05-09T18:36:14","modified_gmt":"2018-05-09T17:36:14","slug":"parismiddag-med-karin-pa-lordag","status":"publish","type":"post","link":"https:\/\/www.kultursidan.nu\/?p=36320","title":{"rendered":"Parismiddag med KariN p\u00e5 l\u00f6rdag"},"content":{"rendered":"<p><img loading=\"lazy\" decoding=\"async\" class=\"alignnone size-medium wp-image-36321\" src=\"https:\/\/www.kultursidan.nu\/wp-content\/uploads\/2018\/05\/Parismiddagen-3-567x378.jpg\" alt=\"\" width=\"567\" height=\"378\" srcset=\"https:\/\/www.kultursidan.nu\/wp-content\/uploads\/2018\/05\/Parismiddagen-3-567x378.jpg 567w, https:\/\/www.kultursidan.nu\/wp-content\/uploads\/2018\/05\/Parismiddagen-3-768x512.jpg 768w, https:\/\/www.kultursidan.nu\/wp-content\/uploads\/2018\/05\/Parismiddagen-3-150x100.jpg 150w, https:\/\/www.kultursidan.nu\/wp-content\/uploads\/2018\/05\/Parismiddagen-3-500x333.jpg 500w, https:\/\/www.kultursidan.nu\/wp-content\/uploads\/2018\/05\/Parismiddagen-3.jpg 800w\" sizes=\"auto, (max-width: 567px) 100vw, 567px\" \/><br \/>\n<em> Dukat till fest. 150 \u00e5rs arbete f\u00f6r d\u00f6vas r\u00e4ttigheter firas bland annat med teater. Tyst Teaters f\u00f6rest\u00e4llnling Parismiddagen turnerar i landet och kommer till H\u00f6rsalen i Norrk\u00f6ping p\u00e5 l\u00f6rdag.<\/em><\/p>\n<p>&nbsp;<\/p>\n<h1><span style=\"color: #ff0000;\">Ber\u00e4ttar d\u00f6vr\u00f6relsens historia<\/span><\/h1>\n<p>&nbsp;<\/p>\n<p>NORRK\u00d6PING <strong>V\u00e4rldens vackraste spr\u00e5k kan ingen h\u00f6ra.<\/strong> Riksteaterf\u00f6reningen KariN bjuder in till <em>Parismiddagen<\/em> i H\u00f6rsalen p\u00e5 l\u00f6rdag. F\u00f6rest\u00e4llningen \u00e4r inspirerad av ny\u00e5rsklassikern Grevinnan och betj\u00e4nten men tar raskt en ny v\u00e4ndning.<\/p>\n<p><strong>Ingen kan h\u00f6ra v\u00e4rldens vackraste spr\u00e5k.<\/strong> Teckenspr\u00e5ket kan endast ses. Det skapades av Charles-Michel de l\u2019\u00c9p\u00e9e som grundade det f\u00f6rsta d\u00f6vstuminstitutet i Paris omkring \u00e5r 1770. S\u00e5 sm\u00e5ningom blev det en succ\u00e9, det h\u00f6lls banketter med teckenspr\u00e5k som kommunikationsmetod.<\/p>\n<p>I Sverige tog det tid. 150-\u00e5rsjubilerande D\u00f6vas Riksf\u00f6rbund fick efter m\u00e5nga \u00e5rs kamp Sveriges riksdag att erk\u00e4nna teckenspr\u00e5ket som minoritetsspr\u00e5k 1981.<\/p>\n<p><strong>Tyst Teaters hyllade f\u00f6rest\u00e4llning <em>Parismiddagen<\/em> minns historien.<\/strong> De tv\u00e5 sk\u00e5despelarna Joakim Hagelin Adeby och Mette Marqvardsen serverar r\u00e4tt efter r\u00e4tt av tillbakablickar genom 150 \u00e5r av svensk d\u00f6vr\u00f6relsehistoria.<\/p>\n<p>\u2013 Parismiddagen \u00e4r en viktig f\u00f6rest\u00e4llning f\u00f6r b\u00e5de d\u00f6va och h\u00f6rande. D\u00f6va kommer att k\u00e4nna igen mycket medan h\u00f6rande kan f\u00e5 kunskap om d\u00f6vhistoria. Alla kommer att f\u00e5 sina egna \u201cfeel good\u201d k\u00e4nslor av f\u00f6rest\u00e4llningen, s\u00e4ger regiss\u00f6ren Debbie Z. Rennie, i ett pressmeddelande.<\/p>\n<p>&nbsp;<\/p>\n<p><a title=\"Anders Johansson, Laila Lundman och Lena Lundman\" href=\"https:\/\/www.flickr.com\/photos\/kultursidan\/41953676472\/in\/album-72157690856447550\/\"><img loading=\"lazy\" decoding=\"async\" src=\"https:\/\/farm1.staticflickr.com\/977\/41953676472_04a29b6ce3.jpg\" alt=\"Anders Johansson, Laila Lundman och Lena Lundman\" width=\"500\" height=\"305\" \/><\/a><br \/>\n<em> Teaterarrang\u00f6rer. Anders Johansson, Laila Lundman och Lena Lundman samarbetar om att bjuda in till Parismiddag.<\/em><\/p>\n<p>&nbsp;<\/p>\n<p><strong>\u2013 F\u00f6rest\u00e4llningen passar oss \u00e5ldersm\u00e4ssigt, s\u00e4ger Anders Johansson, ordf\u00f6rande f\u00f6r D\u00f6vas f\u00f6rening i Norrk\u00f6ping.<\/strong><\/p>\n<p>F\u00f6reningen samarbetar med Riksteaterf\u00f6reningen KariN om att ta hit Parismiddagen. Tyst Teater \u00e4r en del av Riksteatern och g\u00f6r n\u00e5gra produktioner varje \u00e5r. De \u00e4r s\u00e5 gott som de enda som producerar teckenspr\u00e5kig teater i Sverige.<\/p>\n<p>\u2013 I h\u00f6stas spelades <em>Illusionistens assistent<\/em>, gjord av \u00d6rebro l\u00e4nsteater, s\u00e4ger Lena Lundman fr\u00e5n KariN.<\/p>\n<p><strong>Den f\u00f6rest\u00e4llningen byggde dock p\u00e5 mim och inte p\u00e5 teckenspr\u00e5k och v\u00e4nde sig till barn.<\/strong> D\u00f6va barn \u00e4r det ont om i Norrk\u00f6ping och \u00d6sterg\u00f6tland. I dag opereras fler barn med cocleimplantat som ger en viss h\u00f6rf\u00f6rm\u00e5ga samtidigt som de flesta unga flyttar till \u00d6rebro d\u00e4r utbildning finns.<\/p>\n<p>Det g\u00f6r att det fr\u00e4mst \u00e4r en vuxenpublik som vill se teckenspr\u00e5kig teater i Norrk\u00f6ping.<\/p>\n<p><strong>\u2013 <em>Parismiddagen<\/em> har f\u00e5tt j\u00e4ttebra recensioner, s\u00e4ger Laila Lundman, KariN:s ordf\u00f6rande,<\/strong> som menar att f\u00f6rest\u00e4llningen har ett inneh\u00e5ll som alla kan ta del av med beh\u00e5llning.<\/p>\n<p>F\u00f6r den som inte kan teckenspr\u00e5k tolkas f\u00f6rest\u00e4llningen till svenska med hj\u00e4lp av digital teknik. Smartphones med r\u00e4tt app finns till utl\u00e5n.<\/p>\n<p><strong>D\u00f6vas f\u00f6rening i Norrk\u00f6ping firar ocks\u00e5 jubileum, 110-\u00e5r i h\u00f6st.<\/strong> D\u00e5 blir det fest, eller bankett som i Paris.<\/p>\n<p><em>\u00a9 Text: Ann-Charlotte Sandelin<br \/>\n\u00a9 Foto: Urban J\u00f6r\u00e9n\/Riksteatern och Ann-Charlotte Sandelin<\/em><\/p>\n<blockquote>\n<h4>H\u00d6RSALEN Norrk\u00f6ping<\/h4>\n<p><em>12 maj 2018 kl 16<\/em><br \/>\n<strong>Parismiddagen<\/strong><br \/>\nav Jenny Sch\u00f6ldt<br \/>\nRegi: Debbie Z. Rennie<br \/>\nScenografi: Alexei Svetlov<br \/>\nKostymdesign: Lars Otterstedt<br \/>\nMaskdesign: Eva Rizell<br \/>\nLjuss\u00e4ttning: Carina Jernberg<br \/>\nProd: Tyst teater\/Riksteatern<br \/>\nArr: Riksteaterf\u00f6reningen KariN och D\u00f6vas f\u00f6rening i Norrk\u00f6ping<\/p>\n<p style=\"padding-left: 30px;\">MEDVERKANDE<br \/>\nJoakim Hagelin Adeby<br \/>\nMette Marqvardsen<\/p>\n<\/blockquote>\n<p>L\u00c4NKAR<br \/>\nTeckenspr\u00e5k <a href=\"https:\/\/sv.wikipedia.org\/wiki\/Teckenspr\u00e5k\" target=\"_blank\" rel=\"noopener\">Wikipedia<\/a><br \/>\nD\u00f6vas f\u00f6rening i Norrk\u00f6ping <a href=\"https:\/\/www.facebook.com\/D\u00f6vas-f\u00f6rening-i-Norrk\u00f6ping-1821977481386635\/\" target=\"_blank\" rel=\"noopener\">Facebook<\/a><br \/>\nRiksteaterf\u00f6reningen KariN <a href=\"http:\/\/karin.riksteatern.se\" target=\"_blank\" rel=\"noopener\">hemsida<\/a> <a href=\"https:\/\/www.facebook.com\/karin.riksteatern\/?fref=ts\" target=\"_blank\" rel=\"noopener\">Facebook<\/a><br \/>\nSamarbete st\u00e4rker KariNs v\u00e5rprogram <a href=\"https:\/\/www.kultursidan.nu\/?p=34558\" target=\"_blank\" rel=\"noopener\">reportage<\/a> Kultursidan.nu 2\/2 2018<\/p>\n","protected":false},"excerpt":{"rendered":"<p>NORRK\u00d6PING V\u00e4rldens vackraste spr\u00e5k kan ingen h\u00f6ra. Riksteaterf\u00f6reningen KariN bjuder in till Parismiddagen i H\u00f6rsalen p\u00e5 l\u00f6rdag. F\u00f6rest\u00e4llningen \u00e4r inspirerad av ny\u00e5rsklassikern Grevinnan och betj\u00e4nten men tar raskt en ny v\u00e4ndning. <a class=\"continue-reading-link\" href=\"https:\/\/www.kultursidan.nu\/?p=36320\">L\u00e4s mer <span class=\"meta-nav\">&rarr; <\/span><\/a><\/p>\n","protected":false},"author":1001006,"featured_media":0,"comment_status":"closed","ping_status":"open","sticky":false,"template":"","format":"standard","meta":{"_jetpack_memberships_contains_paid_content":false,"footnotes":""},"categories":[7],"tags":[12],"class_list":["post-36320","post","type-post","status-publish","format-standard","hentry","category-norrkoping","tag-teater"],"jetpack_featured_media_url":"","jetpack_sharing_enabled":true,"_links":{"self":[{"href":"https:\/\/www.kultursidan.nu\/index.php?rest_route=\/wp\/v2\/posts\/36320","targetHints":{"allow":["GET"]}}],"collection":[{"href":"https:\/\/www.kultursidan.nu\/index.php?rest_route=\/wp\/v2\/posts"}],"about":[{"href":"https:\/\/www.kultursidan.nu\/index.php?rest_route=\/wp\/v2\/types\/post"}],"author":[{"embeddable":true,"href":"https:\/\/www.kultursidan.nu\/index.php?rest_route=\/wp\/v2\/users\/1001006"}],"replies":[{"embeddable":true,"href":"https:\/\/www.kultursidan.nu\/index.php?rest_route=%2Fwp%2Fv2%2Fcomments&post=36320"}],"version-history":[{"count":5,"href":"https:\/\/www.kultursidan.nu\/index.php?rest_route=\/wp\/v2\/posts\/36320\/revisions"}],"predecessor-version":[{"id":36326,"href":"https:\/\/www.kultursidan.nu\/index.php?rest_route=\/wp\/v2\/posts\/36320\/revisions\/36326"}],"wp:attachment":[{"href":"https:\/\/www.kultursidan.nu\/index.php?rest_route=%2Fwp%2Fv2%2Fmedia&parent=36320"}],"wp:term":[{"taxonomy":"category","embeddable":true,"href":"https:\/\/www.kultursidan.nu\/index.php?rest_route=%2Fwp%2Fv2%2Fcategories&post=36320"},{"taxonomy":"post_tag","embeddable":true,"href":"https:\/\/www.kultursidan.nu\/index.php?rest_route=%2Fwp%2Fv2%2Ftags&post=36320"}],"curies":[{"name":"wp","href":"https:\/\/api.w.org\/{rel}","templated":true}]}}