{"id":36330,"date":"2018-05-10T14:06:29","date_gmt":"2018-05-10T13:06:29","guid":{"rendered":"https:\/\/intelligent-friend-7861.standoutwp.com\/?p=36330"},"modified":"2018-06-28T10:32:20","modified_gmt":"2018-06-28T09:32:20","slug":"tysta-i-klassen-om-introverta-vandor","status":"publish","type":"post","link":"https:\/\/www.kultursidan.nu\/?p=36330","title":{"rendered":"Tysta i klassen om introverta v\u00e5ndor"},"content":{"rendered":"<p><img loading=\"lazy\" decoding=\"async\" class=\"alignnone size-medium wp-image-36331\" src=\"https:\/\/www.kultursidan.nu\/wp-content\/uploads\/2018\/05\/IMG_5157-567x378.jpg\" alt=\"\" width=\"567\" height=\"378\" srcset=\"https:\/\/www.kultursidan.nu\/wp-content\/uploads\/2018\/05\/IMG_5157-567x378.jpg 567w, https:\/\/www.kultursidan.nu\/wp-content\/uploads\/2018\/05\/IMG_5157-768x512.jpg 768w, https:\/\/www.kultursidan.nu\/wp-content\/uploads\/2018\/05\/IMG_5157-1024x683.jpg 1024w, https:\/\/www.kultursidan.nu\/wp-content\/uploads\/2018\/05\/IMG_5157-150x100.jpg 150w, https:\/\/www.kultursidan.nu\/wp-content\/uploads\/2018\/05\/IMG_5157-500x333.jpg 500w, https:\/\/www.kultursidan.nu\/wp-content\/uploads\/2018\/05\/IMG_5157.jpg 1200w\" sizes=\"auto, (max-width: 567px) 100vw, 567px\" \/><br \/>\n<em>Comfortzoner. Hanna &amp; Emma gestaltar i Tyst i klassen en rad situationer d\u00e4r det \u00e4r sv\u00e5rt att ha en introvert personlighet.\u00a0<\/em><\/p>\n<p>&nbsp;<\/p>\n<h1><span style=\"color: #ff0000;\">&#8221;Det \u00e4r okej att s\u00e4ga nej&#8221;<\/span><\/h1>\n<p>&nbsp;<\/p>\n<p>RECENSION\/NORRK\u00d6PING <strong>Hur g\u00f6r man n\u00e4r man st\u00e5r inf\u00f6r n\u00e5got man inte har lust med, men urs\u00e4kterna b\u00f6rjar sina?<\/strong> F\u00f6rest\u00e4llningen <em>Tysta i klassen<\/em>, som g\u00e4stade Teater Br\u00e5ddgatan 34 och 3:e Kammaren i tisdags, skildrar hur livet som introvert kan vara.<\/p>\n<p><strong>I Facebookevenemanget beskrivs f\u00f6rest\u00e4llningen s\u00e5 h\u00e4r:<\/strong><br \/>\n&#8221;Pj\u00e4sen handlar om att vara introvert. Hanna och Emma gestaltar tv\u00e5 socialt tr\u00f6tta personer. Dom ber\u00e4ttar bland annat om telefonskr\u00e4ck, ensamhet och behov av att ibland bara ha det helt tyst. Och n\u00e4r det egentligen okej att tacka f\u00f6r sig och g\u00e5 hem?&#8221;<\/p>\n<p><strong>Att vara introvert i ett samh\u00e4lle d\u00e4r idealet \u00e4r att vara extrovert \u00e4r inte l\u00e4tt.<\/strong> Att tala inf\u00f6r m\u00e4nniskor eller f\u00e5 en of\u00f6rberedd fr\u00e5ga. Orden fastnar eller kommer inte ut som de ska.<\/p>\n<p>Bli bjuden fest \u00e4r inte heller n\u00e5gon h\u00f6jdare och man kommer med urs\u00e4kter till varf\u00f6r man inte kan vara med. Inte f\u00f6r att det inte \u00e4r kul att bli inbjuden till saker men det t\u00f6mmer en p\u00e5 energi. D\u00e5 vill man bara vara ensam och ladda batterierna.<\/p>\n<p>Telefonen ringer, j\u00e4tteh\u00f6gt och skr\u00e4mmande. V\u00e4nner som vill ha med en p\u00e5 en massa saker och man hittar p\u00e5 urs\u00e4kter till varf\u00f6r man inte kan. Efter ett tag b\u00f6rjar det bli ont om urs\u00e4kter. Man beh\u00f6ver hj\u00e4lp!<\/p>\n<p>&nbsp;<\/p>\n<p><a title=\"Tysta i klassen\" href=\"https:\/\/www.flickr.com\/photos\/kultursidan\/40209131510\/in\/album-72157666772374527\/\"><img loading=\"lazy\" decoding=\"async\" src=\"https:\/\/farm1.staticflickr.com\/944\/40209131510_c192dfe470.jpg\" alt=\"Tysta i klassen\" width=\"500\" height=\"331\" \/><\/a><br \/>\n<em>Party. Jo, det \u00e4r kul ett tag, men resten av kv\u00e4llen d\u00e5?<\/em><\/p>\n<p>&nbsp;<\/p>\n<p><strong>Sk\u00e5despelarna Hanna Adolfsson och Emma Krafft spelar alla rollerna och gestaltar v\u00e5ndorna.<\/strong> P\u00e5 scenen har de varsin l\u00e5da som de kryper ner i. Det \u00e4r deras &#8221;comfort zone&#8221;.<\/p>\n<p>Emma Krafft s\u00f6ker hj\u00e4lp hos en psykolog. Men denne har samma inst\u00e4llning som l\u00e4rarna i skolan. Att hon ska gaska upp sig och ta f\u00f6r sig.<\/p>\n<p>N\u00e4r fokuset skiftar till Hanna f\u00f6rs\u00f6ker en f\u00f6re detta introvert coacha henne.<br \/>\n\u2013 Innan var jag precis som du.<\/p>\n<p><strong>Nu ska dom p\u00e5 fest och byter om till tonerna av AC\/DC:s <em>High Way To Hell<\/em>.<\/strong> Dom verkar faktiskt ha kul. Men blir snabbt tr\u00f6tta.<\/p>\n<p>Hanna vill g\u00e5 hem. Den omv\u00e4nda kompisen blir besviken, men d\u00e5 fr\u00e5gar Hanna:<br \/>\n\u2013 Vad vill du egentligen?<br \/>\n\u2013 Jag vill sitta i soffan, \u00e4ta chips och titta p\u00e5 S\u00e5 ska det l\u00e5ta, erk\u00e4nner kompisen efter viss v\u00e5nda.<\/p>\n<p>&nbsp;<\/p>\n<p><a title=\"Tysta i klassen\" href=\"https:\/\/www.flickr.com\/photos\/kultursidan\/40209131430\/in\/album-72157666772374527\/\"><img loading=\"lazy\" decoding=\"async\" src=\"https:\/\/farm1.staticflickr.com\/949\/40209131430_62943d1f59.jpg\" alt=\"Tysta i klassen\" width=\"500\" height=\"320\" \/><\/a><br \/>\n<em> &#8221;Nej tack!&#8221; N\u00e4r prinsen kommer p\u00e5 sin vita springare vill prinsessan inte alls bli r\u00e4ddad ur det h\u00f6ga tornet.<\/em><\/p>\n<p>&nbsp;<\/p>\n<p><strong>N\u00e4r uppdraget att g\u00e5 p\u00e5 fest \u00e4r slutf\u00f6rt s\u00e5 sitter nu Emma Krafft med en prinsesskrona i sitt torn och trivs.<\/strong> D\u00e5 kommer prinsen p\u00e5 sin h\u00e4st.<br \/>\n\u2013 Jag har kommit f\u00f6r att befria dig fr\u00e5n ditt f\u00e4ngelse.<br \/>\n\u2013 F\u00e4ngelse? Men jag vill ju sitta h\u00e4r.<\/p>\n<p>Prinsen forts\u00e4tter att tjata men prinsessan s\u00e4jer nej.<\/p>\n<p>\u2013 Det \u00e4r okej att s\u00e4ga nej ibland. En bal p\u00e5 slottet kan vara trist och l\u00e5ngtr\u00e5kig. Punkt!<\/p>\n<p><strong>\u2013 \u00c4r det okej att g\u00e5 nu? fr\u00e5gar Emma.<\/strong><br \/>\n\u2013 Ja, det \u00e4r okej, svarar Hanna.<\/p>\n<p><strong>Humorn finns med genom hela f\u00f6rest\u00e4llningen och lockar ofta publiken till skratt.<\/strong> \u00c4ven galghumor finns. Till exempel ber\u00e4ttar dom om tv\u00e5 olika dejter p\u00e5 kaf\u00e9. I Hannas dejt flyter allt p\u00e5 och hon gifter sig och lever lyckligt i alla sina dar.<\/p>\n<p>Emmas dejt slutar efter f\u00f6rsta f\u00f6rs\u00f6ket och hon k\u00f6per katt och l\u00e4ser Karin Boyes samlade dikter innan hon d\u00f6r ensam vid nittiotv\u00e5 \u00e5rs \u00e5lder.<\/p>\n<p><strong><em>Tysta i klassen<\/em> \u00e4r en v\u00e4lgjord och underh\u00e5llande f\u00f6rest\u00e4llning som alla kan ta till sig.<\/strong> Oavsett om du \u00e4r introvert eller inte.<\/p>\n<p><em>\u00a9 Text och foto: Anton Augustsson\u2028<\/em><\/p>\n<blockquote>\n<h4>TEATER BR\u00c5DDGATAN 34 Norrk\u00f6ping<\/h4>\n<p><em>8 maj 2018<br \/>\n<\/em><strong>Tysta i klassen &#8211; en f\u00f6rest\u00e4llning om att vara introvert<\/strong><br \/>\nId\u00e9, manus och medverkan:<br \/>\nHanna Adolfsson och Emma Krafft<br \/>\nProd: Hanna &amp; Emma<\/p><\/blockquote>\n<p>L\u00c4NKAR<br \/>\nHanna &amp; Emma <a href=\"https:\/\/hannaochemma.com\" target=\"_blank\" rel=\"noopener\">hemsida<\/a> <a href=\"https:\/\/kulturbloggen.com\/?p=116475\" target=\"_blank\" rel=\"noopener\">Intervju\/Kulturbloggen<\/a><br \/>\nKvartersteatern <a href=\"http:\/\/www.kvartersteatern.com\" target=\"_blank\" rel=\"noopener noreferrer\">hemsida<\/a> <a href=\"https:\/\/www.facebook.com\/kvartersteatern.norrkoping?fref=ts\" target=\"_blank\" rel=\"noopener noreferrer\">Facebook<\/a><br \/>\nTeater Br\u00e5ddgatan 34 <a href=\"https:\/\/www.facebook.com\/teaterbg34?fref=ts\" target=\"_blank\" rel=\"noopener\">Facebook<\/a><br \/>\nHanna &amp; Emma ger Tysta i klassen <a href=\"https:\/\/www.kultursidan.nu\/?p=36273\" target=\"_blank\" rel=\"noopener\">reportage<\/a> Kultursidan.nu 7\/5 2018<\/p>\n","protected":false},"excerpt":{"rendered":"<p>RECENSION\/ NORRK\u00d6PING Hur g\u00f6r man n\u00e4r man st\u00e5r inf\u00f6r n\u00e5got man inte har lust med, men urs\u00e4kterna b\u00f6rjar sina? F\u00f6rest\u00e4llningen Tysta i klassen, som g\u00e4stade Teater Br\u00e5ddgatan 34 och 3:e Kammaren i tisdags, skildrar hur livet som introvert kan vara. <a class=\"continue-reading-link\" href=\"https:\/\/www.kultursidan.nu\/?p=36330\">L\u00e4s mer <span class=\"meta-nav\">&rarr; <\/span><\/a><\/p>\n","protected":false},"author":1001006,"featured_media":0,"comment_status":"closed","ping_status":"open","sticky":false,"template":"","format":"standard","meta":{"_jetpack_memberships_contains_paid_content":false,"footnotes":""},"categories":[7],"tags":[12],"class_list":["post-36330","post","type-post","status-publish","format-standard","hentry","category-norrkoping","tag-teater"],"jetpack_featured_media_url":"","jetpack_sharing_enabled":true,"_links":{"self":[{"href":"https:\/\/www.kultursidan.nu\/index.php?rest_route=\/wp\/v2\/posts\/36330","targetHints":{"allow":["GET"]}}],"collection":[{"href":"https:\/\/www.kultursidan.nu\/index.php?rest_route=\/wp\/v2\/posts"}],"about":[{"href":"https:\/\/www.kultursidan.nu\/index.php?rest_route=\/wp\/v2\/types\/post"}],"author":[{"embeddable":true,"href":"https:\/\/www.kultursidan.nu\/index.php?rest_route=\/wp\/v2\/users\/1001006"}],"replies":[{"embeddable":true,"href":"https:\/\/www.kultursidan.nu\/index.php?rest_route=%2Fwp%2Fv2%2Fcomments&post=36330"}],"version-history":[{"count":9,"href":"https:\/\/www.kultursidan.nu\/index.php?rest_route=\/wp\/v2\/posts\/36330\/revisions"}],"predecessor-version":[{"id":36973,"href":"https:\/\/www.kultursidan.nu\/index.php?rest_route=\/wp\/v2\/posts\/36330\/revisions\/36973"}],"wp:attachment":[{"href":"https:\/\/www.kultursidan.nu\/index.php?rest_route=%2Fwp%2Fv2%2Fmedia&parent=36330"}],"wp:term":[{"taxonomy":"category","embeddable":true,"href":"https:\/\/www.kultursidan.nu\/index.php?rest_route=%2Fwp%2Fv2%2Fcategories&post=36330"},{"taxonomy":"post_tag","embeddable":true,"href":"https:\/\/www.kultursidan.nu\/index.php?rest_route=%2Fwp%2Fv2%2Ftags&post=36330"}],"curies":[{"name":"wp","href":"https:\/\/api.w.org\/{rel}","templated":true}]}}