{"id":3634,"date":"2011-12-15T16:26:01","date_gmt":"2011-12-15T15:26:01","guid":{"rendered":"https:\/\/intelligent-friend-7861.standoutwp.com\/?p=3634"},"modified":"2011-12-16T19:01:23","modified_gmt":"2011-12-16T18:01:23","slug":"teater-fenix-historien-om-en-flicka-utvald-till-bibu","status":"publish","type":"post","link":"https:\/\/www.kultursidan.nu\/?p=3634","title":{"rendered":"Teater Fenix Historien om en flicka utvald till Bibu"},"content":{"rendered":"<p>[flickr]http:\/\/www.flickr.com\/photos\/kultursidan\/5424640842\/[\/flickr]<\/p>\n<p><em>Fest! Teater Fenix och Crusellkvintetten ger tillsammans f\u00f6rest\u00e4llningen Historien om en flicka<br \/>\nsom ing\u00e5r i juryns val till Bibu, barnteaterfestivalen i Lund.<\/em><\/p>\n<p>&nbsp;<\/p>\n<h1><span style=\"color: #ff0000;\">\u00c4ntligen f\u00e5r \u00c5sa avsl\u00f6ja sin hemlighet<\/span><\/h1>\n<p>&nbsp;<\/p>\n<p><strong>\u2013 Visst \u00e4r det fantastiskt! Jag har vetat om det en vecka och inte sagt det till n\u00e5gon<\/strong>. Inte ens till min s\u00e4rbo i Sk\u00e5ne.<\/p>\n<p>Det \u00e4r mycket som g\u00e5r sk\u00e5despelaren \u00c5sa Forsbergs v\u00e4g just nu. Tidigare i h\u00f6stas \u00f6verraskades hon med beskedet att hon utsetts till Norrk\u00f6pings kommuns kulturstipendiat till Moa Martinsons minne. Torsdagen den 15 december blev det ocks\u00e5 officiellt att Teater Fenix f\u00f6rest\u00e4llning <em>Historien om en flicka<\/em> \u00e4r en av de 15 f\u00f6rest\u00e4llningar som \u00e4r juryns val till Bibu, Sveriges stora barn- och teaterfestival som h\u00e5lls i Lund i maj vartannat \u00e5r.<\/p>\n<p>Eller Scenkonstbiennal f\u00f6r barn och unga, som den officiella undertiteln lyder. F\u00f6r barnteater \u00e4r numera ett f\u00f6r smalt begrepp f\u00f6r den livaktiga och experimentella svenska scenkonsten som riktar sig mot den unga publiken. Dansen har kommit starkt under de senaste \u00e5ren och man blandar friskt mellan olika konstformer och \u00f6ppnar f\u00f6r publikens medverkan b\u00e5de f\u00f6re, under och efter f\u00f6rest\u00e4llningar.<\/p>\n<p><strong>\u2013 Juryn har b\u00e5de tittat p\u00e5 <em>N\u00e4ktergalen<\/em>, <em>som Peter Oskarson regisserade f\u00f6rra \u00e5ren, och p\u00e5 Historien om en flicka<\/em>, som Ika Nord regisserat.<\/strong> Han fr\u00e5n juryn s\u00e5g v\u00e5r f\u00f6rest\u00e4llning bara f\u00f6r en kort tid sedan, ber\u00e4ttar \u00c5sa Forsberg. Det \u00e4r roligast med <em>Historien om en flicka<\/em> d\u00e4rf\u00f6r att den \u00e4r nyare och att det \u00e4r ett angel\u00e4get tema.<\/p>\n<p>Hon \u00e4r mycket n\u00f6jd med juryns val som inneb\u00e4r att hon f\u00e5r \u00e5ka till Lund i v\u00e5r tillsammans med tillsammans med Fenixkollegan Martin \u00d6ster. Att vara utvald till Bibu inneb\u00e4r, f\u00f6rutom den stora \u00e4ran att spela p\u00e5 Sveriges st\u00f6rsta barnteaterfestival, att chansen att fler arrang\u00f6rer k\u00f6per in f\u00f6rest\u00e4llningen \u00f6kar n\u00e4r s\u00e5 m\u00e5nga barnteaterintresserade fr\u00e5n hela landet kommer.<\/p>\n<p>\u2013 \u00c5sa och Martin har jobbat h\u00e5rt och k\u00e4mpat p\u00e5 i alla \u00e5r. Det k\u00e4nns s\u00e5 j\u00e4tteroligt att de \u00e4ntligen f\u00e5tt credd f\u00f6r det, s\u00e4ger producenten Katariina Matthiesen fr\u00e5n \u00d6stg\u00f6tamusiken som ocks\u00e5 varit involverad i f\u00f6rest\u00e4llningen.<\/p>\n<p><strong>Crusellkvintetten fr\u00e5n \u00d6stg\u00f6tamusiken spelar n\u00e4mligen med i f\u00f6rest\u00e4llningen, b\u00e5de p\u00e5 och bakom scenen.<\/strong> \u00d6stg\u00f6tamusiken har varit med fr\u00e5n allra f\u00f6rsta b\u00f6rjan i arbetet som f\u00f6rutom sk\u00e5despelare, musiker, regiss\u00f6r, scenograf och producenter \u00e4ven involverar komposit\u00f6ren Ola Fagrell. Historien om en flicka har sedan premi\u00e4ren i februari getts omkring 50 g\u00e5nger varav 40 i \u00d6sterg\u00f6tland.<\/p>\n<p>\u2013 Det \u00e4r en \u00e4ra och en fj\u00e4der i hatten f\u00f6r \u00d6stg\u00f6tamusiken, s\u00e4ger l\u00e4nsmusikchefen Tomas Herrg\u00e5rdh och forts\u00e4tter: Det h\u00e4r \u00e4r ett lysande exempel p\u00e5 samarbete mellan l\u00e4nsmusiken och en fri teatergrupp. Nu m\u00e5ste vi titta p\u00e5 om vi kan f\u00f6lja med till Lund.<\/p>\n<p>Till saken h\u00f6r att \u00d6stg\u00f6tamusikens uppdrag \u00e4r att spela inom l\u00e4net, utanf\u00f6r l\u00e4net har Teater Fenix ibland f\u00e5tt klara sig utan levande musik om inte det ekonomiska har l\u00f6sts.<\/p>\n<p><strong>Barnteaterfestivalen i Lund \u00e4r den stora h\u00e4ndelsen i barnteater-Sverige vartannat \u00e5r.<\/strong> Av de omkring 300 nya upps\u00e4ttningar som produceras \u00e5rligen v\u00e4ljer den alltmer resvana juryn det svenska urvalet. Till det kommer ett internationellt urval, ocks\u00e5 det juryns uppdrag. Dessutom passar Teaterh\u00f6gskolorna p\u00e5 att visa sina elevupps\u00e4ttningarna p\u00e5 festivalen och det g\u00f6r \u00e4ven de lokala fria grupperna.<\/p>\n<p>\u2013 Juryn har valt ut 15 svenska f\u00f6rest\u00e4llningar. Sedan blir det sex europeiska fr\u00e5n Belgien och Holland som \u00e4r festivalens fokusl\u00e4nder 2012. Bibu vill ocks\u00e5 f\u00e5 med en f\u00f6rest\u00e4llning fr\u00e5n Mellan\u00f6stern med tanke p\u00e5 den arabiska v\u00e5ren, ber\u00e4ttar Anna Thalin, Bibus projektledare.<\/p>\n<p><strong>Varf\u00f6r juryn valde just <em>Historien om en flicka<\/em> f\u00e5r \u00c5sa Forsberg och de andra i Teater Fenix veta f\u00f6rst efter jul.<\/strong> Juryn har inte hunnit skriva ihop formuleringarna \u00e4nnu. F\u00e5r man gissa att det st\u00e5r n\u00e5got om skickliga sk\u00e5despelare, ett angel\u00e4get tema med barnets perspektiv och h\u00e4rlig musik?<\/p>\n<p><em>Text och foto(filmstill): Ann-Charlotte Sandelin<\/em><\/p>\n<p>&nbsp;<\/p>\n<p>L\u00c4NKAR<\/p>\n<p>Bibu <a title=\"Bibu, barn- och ungdomsteaterfestival\" href=\"http:\/\/www.bibu.se\/\" target=\"_blank\">hemsida <\/a><br \/>\nTeater Fenix <a title=\"Teater Fenix\" href=\"http:\/\/www.teaterfenix.se\/wordpress\/\" target=\"_blank\">hemsida <\/a><br \/>\n\u00d6stg\u00f6tamusiken <a title=\"\u00d6stg\u00f6tamusiken\" href=\"http:\/\/www.ostgotamusiken.se\" target=\"_blank\">hemsida<\/a><br \/>\n\u00c5sa och Pixie Norrk\u00f6pings kommuns kulturstipendiater <a title=\"\u00c5sa och Pixie Norrk\u00f6pings kommuns kulturstipendiater\" href=\"https:\/\/www.kultursidan.nu\/?p=2896\" target=\"_blank\">artikel<\/a> Kultursidan.nu 28\/10 2011<br \/>\nGripande om barn p\u00e5 flykt <a title=\"Gripande om barn p\u00e5 flykt\" href=\"https:\/\/www.kultursidan.nu\/?p=1031\" target=\"_blank\">recension<\/a> Kultursidan.nu 7\/2 2011<br \/>\nHistorien om en flicka med Teater Fenix <a title=\"Historien om en flicka med Teater Fenix\" href=\"https:\/\/www.kultursidan.nu\/?p=1024\" target=\"_blank\">artikel<\/a> Kultursidan.nu 5\/2 2011<\/p>\n","protected":false},"excerpt":{"rendered":"<p>NORRK\u00d6PING Sent i maj n\u00e4sta v\u00e5r st\u00e5r Teater Fenix p\u00e5 scenen med Historien om en flicka, som de spelar tillsammans med Crusellkvintetten fr\u00e5n \u00d6stg\u00f6tamusiken. Juryn har valt ut f\u00f6rest\u00e4llningen, tillsammans med 14 andra, bland alla de barnf\u00f6rest\u00e4llningar som producerats i Sverige under \u00e5ret.  <a class=\"continue-reading-link\" href=\"https:\/\/www.kultursidan.nu\/?p=3634\">L\u00e4s mer <span class=\"meta-nav\">&rarr; <\/span><\/a><\/p>\n","protected":false},"author":1001006,"featured_media":0,"comment_status":"open","ping_status":"open","sticky":false,"template":"","format":"standard","meta":{"_jetpack_memberships_contains_paid_content":false,"footnotes":""},"categories":[7],"tags":[37,12],"class_list":["post-3634","post","type-post","status-publish","format-standard","hentry","category-norrkoping","tag-barnkultur","tag-teater"],"jetpack_featured_media_url":"","jetpack_sharing_enabled":true,"_links":{"self":[{"href":"https:\/\/www.kultursidan.nu\/index.php?rest_route=\/wp\/v2\/posts\/3634","targetHints":{"allow":["GET"]}}],"collection":[{"href":"https:\/\/www.kultursidan.nu\/index.php?rest_route=\/wp\/v2\/posts"}],"about":[{"href":"https:\/\/www.kultursidan.nu\/index.php?rest_route=\/wp\/v2\/types\/post"}],"author":[{"embeddable":true,"href":"https:\/\/www.kultursidan.nu\/index.php?rest_route=\/wp\/v2\/users\/1001006"}],"replies":[{"embeddable":true,"href":"https:\/\/www.kultursidan.nu\/index.php?rest_route=%2Fwp%2Fv2%2Fcomments&post=3634"}],"version-history":[{"count":0,"href":"https:\/\/www.kultursidan.nu\/index.php?rest_route=\/wp\/v2\/posts\/3634\/revisions"}],"wp:attachment":[{"href":"https:\/\/www.kultursidan.nu\/index.php?rest_route=%2Fwp%2Fv2%2Fmedia&parent=3634"}],"wp:term":[{"taxonomy":"category","embeddable":true,"href":"https:\/\/www.kultursidan.nu\/index.php?rest_route=%2Fwp%2Fv2%2Fcategories&post=3634"},{"taxonomy":"post_tag","embeddable":true,"href":"https:\/\/www.kultursidan.nu\/index.php?rest_route=%2Fwp%2Fv2%2Ftags&post=3634"}],"curies":[{"name":"wp","href":"https:\/\/api.w.org\/{rel}","templated":true}]}}