{"id":3644,"date":"2011-12-16T11:27:18","date_gmt":"2011-12-16T10:27:18","guid":{"rendered":"https:\/\/intelligent-friend-7861.standoutwp.com\/?p=3644"},"modified":"2013-03-21T16:47:53","modified_gmt":"2013-03-21T15:47:53","slug":"snart-premiar-for-ostgotateaterns-vintervariete","status":"publish","type":"post","link":"https:\/\/www.kultursidan.nu\/?p=3644","title":{"rendered":"Snart premi\u00e4r f\u00f6r \u00d6stg\u00f6tateaterns Vintervariet\u00e9 + PS!"},"content":{"rendered":"<p>[flickr]http:\/\/www.flickr.com\/photos\/kultursidan\/6520080673\/[\/flickr]<\/p>\n<p><em>\u00d6stg\u00f6tateatern i Norrk\u00f6ping glittrar i vinterkv\u00e4llen.<\/em><br \/>\n<iframe loading=\"lazy\" src=\"http:\/\/www.youtube.com\/embed\/4uzdBAFNuZU\" frameborder=\"0\" width=\"640\" height=\"360\"><\/iframe><br \/>\n<em>Intervju med Johan Celander. Inslag fr\u00e5n repetitioner, fr\u00e4mst av s\u00e5ng- o shownumret Vantarna med Tomas Almborg.<\/em><\/p>\n<p>&nbsp;<\/p>\n<h1><span style=\"color: #ff0000;\">L\u00e5t det sn\u00f6a, men tappa inte vantarna<\/span><\/h1>\n<p style=\"padding-left: 30px;\"><em><strong>(Snabbrecensionen hittar du som ett PS! l\u00e4ngst ner tillsammans med \u00d6stg\u00f6tateaterns bilder.<\/strong><\/em>)<\/p>\n<p>&nbsp;<\/p>\n<p><strong>Packad som en fylligare jultomte smyger jag in i \u00d6stg\u00f6tateaterns n\u00e4st intill tomma salong.<\/strong> Teaterchefen Johan Celander sitter n\u00e4ra utg\u00e5ngen. L\u00e4ngre bort st\u00e4ller ljud- och ljusteknikerna in sina reglage. Vad \u00f6vrigt \u00e4r \u00e4r m\u00f6rkt.<\/p>\n<p>L\u00e4ngst ut p\u00e5 scenrampen, med rid\u00e5n nedf\u00e4lld bakom sig, st\u00e5r Karin Oscarsson och \u00f6ser. Den gamla Frank Sinatra, Bing Crosby, Paul Anka, you name them-klassikern <em>Let it snow<\/em>.<\/p>\n<p>Tillsammans med \u00d6stg\u00f6tateaterns musiker, g\u00f6mda i diket mellan scen och salong, g\u00f6r hon l\u00e5ten jazzigare \u00e4n n\u00e5gonsin. Rid\u00e5n g\u00e5r upp f\u00f6r en riktig gammal Broadwayscen, m\u00e4n i h\u00f6g hatt och kvinnor med fladdrande strutsplymer.<\/p>\n<p>Inte en chans att hinna f\u00e5 upp stativ och filmkamera, men det \u00e4r inte den h\u00e4r scenen jag blivit lovad att f\u00e5 se och filma p\u00e5 \u00d6stg\u00f6tateatern. Det \u00e4r onsdag kv\u00e4ll, tre dagar f\u00f6re l\u00f6rdagens premi\u00e4r. Teaterchefen Johan Celander leder satsningen p\u00e5 <em>Vintervariet\u00e9<\/em> och med den h\u00e4r l\u00e5ten \u00e4r han n\u00f6jd och kan g\u00f6ra paus.<\/p>\n<p><strong>Snart sitter han ute i foaj\u00e9n p\u00e5 en (jul-)sammetsr\u00f6d stol f\u00f6r filmintervju,<\/strong> p\u00e5 avst\u00e5nd fr\u00e5n ljudet av alla som repeterar extra under pausen, inklusive musikerna. I orkesterdiket syns de inte p\u00e5 den tysta tv-sk\u00e4rmen p\u00e5 foaj\u00e9v\u00e4ggen men Johan Celander pekar\u00a0 och menar att den lilla figuren, som r\u00f6r sig lite p\u00e5 den lilla svarta scenen framf\u00f6r en liten skog med vita pepparkaksgranar, \u00e4r Petra Nielsen som passar p\u00e5 att slipa p\u00e5 sin monolog. Snart g\u00e5r hon av scenen och ers\u00e4tts av en annan.<\/p>\n<p>\u2013 En <em>Vintervariet\u00e9<\/em> \u00e4r en salig blandning av h\u00f6gt och l\u00e5gt, av roligt och f\u00e5nigt, s\u00e4ger Johan Celander.<\/p>\n<p>Jaha&#8230;? Kan du exemplifiera?<\/p>\n<p>D\u00e5 drar han en vits om tv\u00e5 vinterd\u00e4ck som m\u00f6ts och det ena s\u00e4ger: &#8221;God (H)jul, Feliz Nav Idad&#8221;. Det sk\u00e4mtet l\u00e4r kunna sortera in under begreppet f\u00e5nigt. Det bjuder han p\u00e5.<\/p>\n<p>\u2013 Det blir roligt n\u00e4r en sk\u00e5despelare har ett vinterd\u00e4ck p\u00e5 huvudet, h\u00e4vdar Johan Celander.<\/p>\n<p>Christian Zell och Petra Nielsen g\u00f6r en underbar version av <em>Let\u2019s Face the Music and Dance<\/em>. Man g\u00f6r <em>Kristallen den fina<\/em> tillsammans med luftcirkusartister \u2013 Norrk\u00f6pings ungdomscirkus medverkar \u2013 och en flickk\u00f6r fr\u00e5n syrianska S:t Kuryakos f\u00f6rsamling sjunger kyrkomusik fr\u00e5n 300-talet. Fast allt kanske inte blir likadant fr\u00e5n en kv\u00e4ll till en annan, i en <em>Vintervariet\u00e9<\/em> kan vad som helst h\u00e4nda.<\/p>\n<p>\u2013 Stora shownummer och sm\u00e5 intima ber\u00e4ttelser, en modern version av Sn\u00f6vit, s\u00e4ger Johan Celander och understryker, som om det beh\u00f6ver f\u00f6rklaras, att &#8221;Det h\u00e4r \u00e4r ett kollektivt arbete.&#8221;<\/p>\n<p><strong>\u00c4ntligen f\u00e5r jag filma det jag kommit hit f\u00f6r. F\u00f6rsta aktens final, d\u00e4r \u00d6stg\u00f6tateaterns ensemble backas upp av dansgymnasister fr\u00e5n De Geer.<\/strong> Alla i halsduk och vantar, f\u00f6r som Tobias Almborg (utan vantar) sjunger:<\/p>\n<p>\u2013 Tappa inte nya vantarna. Det bl\u00e5ser s\u00e5 kallt.<\/p>\n<p>Tobias Almborgs djupa r\u00f6st v\u00e4rmer Bl\u00e5 t\u00e5gets fina <em>Vantarna<\/em> g\u00e5ng efter annan medan dansare och ensemble kommer in och g\u00e5r ut fyra g\u00e5nger om under repetitionen. Koreografen Cyntia Kai instruerar p\u00e5 en mix av engelska, norska och svenska mellan varven. Till slut \u00e4r hon n\u00f6jd med alla bl\u00e5, orangea och r\u00f6da vantviftningar. Men d\u00e5 \u00e4r Tobias, som \u00e4r l\u00e4tt f\u00f6rkyld, tr\u00f6tt i halsen.<\/p>\n<p>\u2013 Nu markerar jag bara, s\u00e4ger Tobias Almborg.<\/p>\n<p><strong>Sj\u00e4lv smyger jag ut i vinterm\u00f6rkret.<\/strong> Och ser att \u00d6stg\u00f6tateatern glittrar i bl\u00e5tt precis som p\u00e5 reklamaffischen.<\/p>\n<p><em>Text, film och foto: Ann-Charlotte Sandelin<\/em><\/p>\n<p>&nbsp;<\/p>\n<p>[flickr]http:\/\/www.flickr.com\/photos\/kultursidan\/6530239817\/[\/flickr]<\/p>\n<p><em>Tillbaka p\u00e5 gamla Broadway. Med riktiga gamla strutsfj\u00e4drar, och med Karin Oscarsson Silfverski\u00f6ld som en riktig gammal vamp i inledningsnumret Let it snow.<\/em><\/p>\n<p>&nbsp;<\/p>\n<h1><span style=\"color: #ff0000;\">PS! Det blev en spretande, sprakande julsensation<\/span><\/h1>\n<p>&nbsp;<\/p>\n<p><strong>S\u00e5 kom d\u00e5 premi\u00e4rkv\u00e4llen. Den f\u00f6rv\u00e4ntansfulla publiken fyllde salongen. Det sorlade och glammade.<\/strong> Karin Oscarsson Silfverski\u00f6lds 40-talsvamp inledde en str\u00e5lande charmfull Vintervariet\u00e9 med b\u00e5de humor och glamour (mest ironisk).<\/p>\n<p>Sk\u00e5despelarna sj\u00f6ng och gestaltade korta ber\u00e4ttelser: tolkningen av <em>Sn\u00f6vit<\/em> bar julens budskap n\u00e4rmast hj\u00e4rtat medan Hjalmar S\u00f6derbergs <em>P\u00e4lsen<\/em> var mest raffinerat genomf\u00f6rd. Christian Zell och Petra Nielsen dansade (ironiskt) glamour\u00f6st och De Geers danselever dansade mest. S:t Kuryakos kyrkok\u00f6r sj\u00f6ng texter med ur\u00e5ldrig tradition uppbackade av modernt taktfast synth. Orkestern i diket syntes minst men h\u00f6rdes b\u00e4st. Norsholms ungdomscirkus lyfte <em>Vintervari\u00e9ten<\/em> till h\u00f6gre h\u00f6jder.<\/p>\n<p><strong>God Jul till alla som ser f\u00f6rest\u00e4llningen i Norrk\u00f6ping.<\/strong> Det kan bli sv\u00e5rare att uppamma den riktiga julst\u00e4mningen i Link\u00f6ping i februari.<\/p>\n<p><em>Text: Ann-Charlotte Sandelin<\/em><br \/>\n<em>Foto: Anders Kratz \/ \u00d6stg\u00f6tateatern<\/em><\/p>\n<p>&nbsp;<\/p>\n<p>OCH H\u00c4R \u00c4R \u00d6STG\u00d6TATEATERNS EGNA PRESSBILDER \u2013 KLICKA<\/p>\n<p>[flickr-gallery mode=&#8221;photoset&#8221; photoset=&#8221;72157628465818399&#8243;]<\/p>\n<p>&nbsp;<\/p>\n<ul>\n<li>\n<h3>\u00d6STG\u00d6TATEATERN<\/h3>\n<\/li>\n<li><em>17 december 2011 \u2013 14 januari 2012 Norrk\u00f6ping<br \/>\n10 februari \u2013 3 mars 2012<\/em> <em>Link\u00f6ping<br \/>\n<\/em><strong>Vintervariet\u00e9<br \/>\n<\/strong>Regi: Tereza Andersson, Johan Celander<br \/>\nKapellm\u00e4stare: Johan Siberg<br \/>\nScenografi och kostym: Agneta Skarp<br \/>\nKoreografi: Cynthia Kai<br \/>\nCirkuskoreografi: Anthon Hansson<\/p>\n<ul>\n<li>MEDVERKANDE<br \/>\n\u00d6stg\u00f6tateaterns: Tobias Almborg, Sven Angleflod, Gustaf Appelberg, Richard Carlsohn, Christian Zell, Karin Oscarsson Silfverski\u00f6ld, Gunnel Samuelsson, Kyri Sj\u00f6man, Marika Strand, Nicolas Silfverski\u00f6ld.<\/li>\n<li>Petra Nielsen<\/li>\n<li>Norrk\u00f6pings Ungdomscirkus<\/li>\n<li><em>I Norrk\u00f6ping medverkar:<\/em><br \/>\nS:t Kuryakos kyrkok\u00f6r<br \/>\nDansklasser fr\u00e5n De Geer-gymnasiet \u00e5k 2 och 3<\/li>\n<li><em>I Link\u00f6ping medverkar:<\/em><br \/>\nK\u00f6r fr\u00e5n kulturskolan i Link\u00f6ping<br \/>\nDansklasser fr\u00e5n Anders Ljungstedts gymnasium \u00e5k 2 och 3<\/li>\n<\/ul>\n<\/li>\n<\/ul>\n<p>&nbsp;<\/p>\n<p>L\u00c4NKAR<br \/>\n\u00d6stg\u00f6tateatern <a title=\"\u00d6stg\u00f6tateatern\" href=\"http:\/\/www.ostgotateatern.se\" target=\"_blank\">hemsida<\/a><\/p>\n","protected":false},"excerpt":{"rendered":"<p>NORRK\u00d6PING R\u00e4kna med glittrande show, hisnande cirkusnummer h\u00f6gt i det bl\u00e5 och stilla stunder f\u00f6r eftertanke. Teaterchefen Johan Celander v\u00e4rmer upp inf\u00f6r vintern tillsammans med ensemblen och g\u00e4ster \u2013 superproffset Petra Nielsen, dansande gymnasister och finaste k\u00f6rs\u00e5ng.  <a class=\"continue-reading-link\" href=\"https:\/\/www.kultursidan.nu\/?p=3644\">L\u00e4s mer <span class=\"meta-nav\">&rarr; <\/span><\/a><\/p>\n","protected":false},"author":1001006,"featured_media":0,"comment_status":"closed","ping_status":"open","sticky":false,"template":"","format":"standard","meta":{"_jetpack_memberships_contains_paid_content":false,"footnotes":""},"categories":[55,7],"tags":[12,42],"class_list":["post-3644","post","type-post","status-publish","format-standard","hentry","category-linkoping","category-norrkoping","tag-teater","tag-show"],"jetpack_featured_media_url":"","jetpack_sharing_enabled":true,"_links":{"self":[{"href":"https:\/\/www.kultursidan.nu\/index.php?rest_route=\/wp\/v2\/posts\/3644","targetHints":{"allow":["GET"]}}],"collection":[{"href":"https:\/\/www.kultursidan.nu\/index.php?rest_route=\/wp\/v2\/posts"}],"about":[{"href":"https:\/\/www.kultursidan.nu\/index.php?rest_route=\/wp\/v2\/types\/post"}],"author":[{"embeddable":true,"href":"https:\/\/www.kultursidan.nu\/index.php?rest_route=\/wp\/v2\/users\/1001006"}],"replies":[{"embeddable":true,"href":"https:\/\/www.kultursidan.nu\/index.php?rest_route=%2Fwp%2Fv2%2Fcomments&post=3644"}],"version-history":[{"count":0,"href":"https:\/\/www.kultursidan.nu\/index.php?rest_route=\/wp\/v2\/posts\/3644\/revisions"}],"wp:attachment":[{"href":"https:\/\/www.kultursidan.nu\/index.php?rest_route=%2Fwp%2Fv2%2Fmedia&parent=3644"}],"wp:term":[{"taxonomy":"category","embeddable":true,"href":"https:\/\/www.kultursidan.nu\/index.php?rest_route=%2Fwp%2Fv2%2Fcategories&post=3644"},{"taxonomy":"post_tag","embeddable":true,"href":"https:\/\/www.kultursidan.nu\/index.php?rest_route=%2Fwp%2Fv2%2Ftags&post=3644"}],"curies":[{"name":"wp","href":"https:\/\/api.w.org\/{rel}","templated":true}]}}