{"id":36520,"date":"2018-05-25T09:58:11","date_gmt":"2018-05-25T08:58:11","guid":{"rendered":"https:\/\/intelligent-friend-7861.standoutwp.com\/?p=36520"},"modified":"2018-05-25T11:47:36","modified_gmt":"2018-05-25T10:47:36","slug":"bra-varforestallningar-fran-marieborg","status":"publish","type":"post","link":"https:\/\/www.kultursidan.nu\/?p=36520","title":{"rendered":"Bra V\u00e5rf\u00f6rest\u00e4llningar fr\u00e5n Marieborg"},"content":{"rendered":"<p><img loading=\"lazy\" decoding=\"async\" class=\"alignnone size-medium wp-image-36522\" src=\"https:\/\/www.kultursidan.nu\/wp-content\/uploads\/2018\/05\/Snack-3-567x349.jpg\" alt=\"\" width=\"567\" height=\"349\" srcset=\"https:\/\/www.kultursidan.nu\/wp-content\/uploads\/2018\/05\/Snack-3-567x349.jpg 567w, https:\/\/www.kultursidan.nu\/wp-content\/uploads\/2018\/05\/Snack-3-768x472.jpg 768w, https:\/\/www.kultursidan.nu\/wp-content\/uploads\/2018\/05\/Snack-3-1024x630.jpg 1024w, https:\/\/www.kultursidan.nu\/wp-content\/uploads\/2018\/05\/Snack-3-150x92.jpg 150w, https:\/\/www.kultursidan.nu\/wp-content\/uploads\/2018\/05\/Snack-3-541x333.jpg 541w, https:\/\/www.kultursidan.nu\/wp-content\/uploads\/2018\/05\/Snack-3.jpg 1200w\" sizes=\"auto, (max-width: 567px) 100vw, 567px\" \/><br \/>\n<em>Partyskallar. Festligt m\u00f6te som leder till avsl\u00f6jade hemligheter, ytterst svarta. Sn\u00e4ckor \u00e4r en av Marieborgs fem teaterupps\u00e4ttningar som hade premi\u00e4r f\u00f6rra helgen och \u00e4ven spelas denna helg.<\/em><\/p>\n<p>&nbsp;<\/p>\n<h1><span style=\"color: #ff0000;\">F\u00f6rf\u00f6ljer folk i gorilladr\u00e4kt<\/span><\/h1>\n<p>&nbsp;<\/p>\n<p>NORRK\u00d6PING <strong>Fem pj\u00e4ser som p\u00e5 olika s\u00e4tt tacklar relationerna m\u00e4nniskor emellan.<\/strong> Under samlingsnamnet \u201dMarieborgs v\u00e5rpj\u00e4ser&#8221; spelar folkh\u00f6gskolans teaterelever sina slutprojekt p\u00e5 Teater Br\u00e5ddgatan 34 i Norrk\u00f6ping. N\u00e5gra f\u00f6rest\u00e4llningar v\u00e4nder sig till yngre publik, andra mot lite \u00e4ldre.<\/p>\n<p><strong>En \u00f6msom nerv\u00f6s, \u00f6msom f\u00f6rv\u00e4ntansfull st\u00e4mning ligger i luften inne i Teater Br\u00e5ddgatans entr\u00e9, <\/strong>n\u00e4r v\u00e4nner och sl\u00e4ktingar kommer in f\u00f6r att se premi\u00e4rvisningarna.<\/p>\n<p>&nbsp;<\/p>\n<p><a title=\"#Slimmad\/\/slajsad :)softad_st\u00f6rd\/:D\" href=\"https:\/\/www.flickr.com\/photos\/kultursidan\/28466202418\/in\/album-72157669379343158\/\"><img loading=\"lazy\" decoding=\"async\" src=\"https:\/\/farm2.staticflickr.com\/1743\/28466202418_0315dc2c69.jpg\" alt=\"#Slimmad\/\/slajsad :)softad_st\u00f6rd\/:D\" width=\"500\" height=\"336\" \/><\/a><br \/>\n<em>Livsriktning.<\/em> Delar av <em>#Slimmad\/\/slajsad :)softad_st\u00f6rd\/:D utspelas p\u00e5 en kyrkog\u00e5rd.<\/em><\/p>\n<p>&nbsp;<\/p>\n<h2>#Slimmad\/\/slajsad :)softad_st\u00f6rd\/:D<\/h2>\n<p>&nbsp;<\/p>\n<p><strong>F\u00f6rest\u00e4llningen som f\u00e5r \u00e4ran att inleda Marieborgs teaterfestival \u00e4r Christina Gottfridssons <em>#Slimmad\/\/slajsad :)softad_st\u00f6rd\/:D<\/em>, i regi av Milva Jansson.<\/strong> En pj\u00e4s om IQ, citat och r\u00e4dslor.<\/p>\n<p>Calma (Karin Hultebring W\u00e4rmlund) \u00e4r logisk och utr\u00e4knande, \u00e4lskar citat och att g\u00f6ra smoothies. Ibland g\u00e5r hon fram mot publiken och fungerar som historieber\u00e4ttare.<\/p>\n<p>Hood (Jimmy Karlsson) jobbar extra med att kratta l\u00f6v p\u00e5 kyrkog\u00e5rden och ser allm\u00e4nt svart p\u00e5 livet. Fleur, (Sandra Andersson) \u00e4r b\u00e4sta v\u00e4n med Calma och f\u00f6rf\u00f6ljer Hood. Han tycker hon \u00e4r obehaglig, vilket Fleur inte f\u00f6rst\u00e5r. Hon s\u00e4ger och g\u00f6r ju ingenting, bara tittar p\u00e5 honom.<\/p>\n<p>Pl\u00f6tsligt en dyker Pasti (Maia Persson) upp och allting f\u00f6r\u00e4ndras. Hon g\u00f6mmer sig n\u00e4r hon h\u00f6r sirener. D\u00f6ljer hon n\u00e5got?<\/p>\n<p><strong>F\u00f6rest\u00e4llningen best\u00e5r av tre scenrum:<\/strong> Till v\u00e4nster ligger Fleurs sovrum, som best\u00e5r av en matta, en hylla med en madrass och t\u00e4cke. Till h\u00f6ger ligger kyrkog\u00e5rden d\u00e4r Hood arbetar vid tv\u00e5 gravstenar med att kratta l\u00f6v. I mitten av scenen h\u00e5ller Calma till. P\u00e5 det r\u00f6da bordet st\u00e5r mixern som surrar h\u00f6gt n\u00e4r smoothiesarna blir till.<\/p>\n<p>Scenbytena sker med hj\u00e4lp av ljuset som belyser den del som \u00e4r aktuell. En s\u00e4rskilt snygg bild \u00e4r n\u00e4r Pasti sover \u00f6ver hos Fleur. N\u00e5gonting har v\u00e4ckt dem. Lamporna fungerar inte och de f\u00e5r anv\u00e4nda ficklamporna p\u00e5 sina mobiltelefoner. Det blir en cool och lite klaustrofobisk k\u00e4nsla d\u00e4r de st\u00e5r i skenet medan resten av rummet \u00e4r i m\u00f6rker.<\/p>\n<p>&nbsp;<\/p>\n<p><a title=\"Grodregn \u00f6ver Fru\u00e4ngen\" href=\"https:\/\/www.flickr.com\/photos\/kultursidan\/41439177505\/in\/album-72157669379343158\/\"><img loading=\"lazy\" decoding=\"async\" src=\"https:\/\/farm2.staticflickr.com\/1758\/41439177505_3bd4715eb8.jpg\" alt=\"Grodregn \u00f6ver Fru\u00e4ngen\" width=\"500\" height=\"375\" \/><\/a><br \/>\n<em>V\u00e4ntan. Hur l\u00e4nge ska detta p\u00e5g\u00e5? Och vems \u00e4r ansvaret? Grodor \u00f6ver Fru\u00e4ngen tar ett stort grepp om tillvaron.<br \/>\n<\/em><\/p>\n<p>&nbsp;<\/p>\n<h2>Grodregn \u00f6ver Fru\u00e4ngen<\/h2>\n<p>&nbsp;<\/p>\n<p><strong>N\u00e4sta f\u00f6rest\u00e4llning heter <em>Grodregn \u00f6ver Fru\u00e4ngen<\/em> och \u00e4r regisserad av Malin Wallander.<\/strong> I programbladet st\u00e5r att l\u00e4sa: <em>V\u00e4rldens L\u00e4ge \u00e4r akut! Att s\u00e4ga nej \u00e4r inte alltid s\u00e5 l\u00e4tt, n\u00e5got vi f\u00e5r se i Grodregn \u00f6ver Fru\u00e4ngen d\u00e4r vi f\u00e5r f\u00f6lja fem karakt\u00e4rer som brottas med att hinna med b\u00e5de vardagen, jobbet, sig sj\u00e4lva och varandra. Samtidigt som de f\u00f6rs\u00f6ker ansvara f\u00f6r v\u00e4rlden. Hur hanterar vi problem som finns runtomkring oss, vad f\u00e5r det f\u00f6r konsekvenser och vems \u00e4r ansvaret?\u00a0<\/em><\/p>\n<p>Allt utspelar sig i och omkring bostadsr\u00e4ttsf\u00f6reningen Struten d\u00e4r paret Johan och Lina bor (spelade av Henrik Nystr\u00f6m och Angelica B\u00e4ckstr\u00f6m). Han har jobb som st\u00e5r honom upp i halsen plus det arbetet som sekreterare i styrelse. Hon lider ocks\u00e5 av vardagens stress och omv\u00e4rldens f\u00f6rv\u00e4ntningar, men s\u00e5 \u00e4rver hon en skattkarta av sin gammelfarbror och ser en flyktv\u00e4g ur alltihop.<\/p>\n<p>Zara (Ingrid Wantschura) \u00e4r en arbetsl\u00f6s sk\u00e5despelare och har nyligen blivit dumpad. Hon ska nu f\u00f6rs\u00f6rja sig som clown. Josefin (Linn\u00e9a Broman) \u00e4r sm\u00e5barnmamman som hetsar \u00f6ver sopsorteringen och blir alltmer frustrerad \u00f6ver de \u00f6verfulla containrarna p\u00e5 g\u00e5rden.<\/p>\n<p>Sist men inte minst har vi den arbetss\u00f6kande och ensamme Ari (Adam Wolf) som f\u00f6rf\u00f6ljer folk ikl\u00e4dd en gorilladr\u00e4kt.<\/p>\n<p><strong>Mitt hj\u00e4rta dunkar lite extra f\u00f6r karakt\u00e4ren Johan.<\/strong> Den plikttrogne och lojale som bara f\u00f6rs\u00f6ker g\u00f6ra r\u00e4tt f\u00f6r sig men tar p\u00e5 sig f\u00f6r mycket.<\/p>\n<p>&nbsp;<\/p>\n<p><a title=\"Mitt hj\u00e4rtas ok\u00e4nda arkiv\" href=\"https:\/\/www.flickr.com\/photos\/kultursidan\/40532534440\/in\/album-72157669379343158\/\"><img loading=\"lazy\" decoding=\"async\" src=\"https:\/\/farm1.staticflickr.com\/890\/40532534440_3635ebbcb2.jpg\" alt=\"Mitt hj\u00e4rtas ok\u00e4nda arkiv\" width=\"500\" height=\"333\" \/><\/a><br \/>\n<em>Samarbete. Vad g\u00f6r vuxenlivet med v\u00e5ra dr\u00f6mmar? Mitt hj\u00e4rtas ok\u00e4nda arkiv st\u00e4ller fr\u00e5gan.<\/em><\/p>\n<p>&nbsp;<\/p>\n<h2>Mitt hj\u00e4rtas ok\u00e4nda arkiv<\/h2>\n<p>&nbsp;<\/p>\n<p><strong><em>Mitt hj\u00e4rtas ok\u00e4nda arkiv<\/em> \u00e4r ursprungligen skriven f\u00f6r mellanstadiepubliken av Malin Axelsson, under dramatikerns tid som konstn\u00e4rlig ledare f\u00f6r Ung scen\/\u00f6st.<\/strong> Regiss\u00f6r \u00e4r Tony Veps\u00e4 som tidigare g\u00e5tt Marieborgs filmskaparlinje.<\/p>\n<p>I en k\u00e4llarlokal p\u00e5 Undergatan 83 finns ett arkiv. Ett bord med tv\u00e5 h\u00f6gar papper och en st\u00e4mpel, p\u00e5 varsin sida finns tv\u00e5 r\u00f6r. Ett som lutar ned\u00e5t med skylten, &#8221;Osorterat&#8221;, och ett annan d\u00e4r det &#8221;Om\u00f6jliga&#8221; ska stoppas ner. P\u00e5 en strimlare bredvid bordet st\u00e5r det ironiskt nog &#8221;Hopp&#8221;.<\/p>\n<p>I bakgrunden st\u00e5r tv\u00e5 hyllor d\u00e4r det p\u00e5 varje rad sitter en lapp, med ord som Dr\u00f6mmar, krav, minnen och misslyckanden. I arkivet jobbar F\u00f6rtvivlaren (Tuva Bj\u00f6rling) helt ensam. Inte blir det b\u00e4ttre av att det p\u00e5 radion bara ber\u00e4ttas om hemska nyheter.<\/p>\n<p><strong>En dag ska en ny tjej b\u00f6rja jobba p\u00e5 arkivet.<\/strong> F\u00f6rfattaren (Fanny Sj\u00f6dahl) Det visar sig att hon och F\u00f6rtvivlaren \u00e4r v\u00e4ldigt olika. Hon skriver dikter ocks\u00e5. Fast hur ska man f\u00e5 tid att skriva n\u00e4r det samtidigt \u00e4r s\u00e5 mycket annat man vill g\u00f6ra och t\u00e4nka p\u00e5?<\/p>\n<p>P\u00e5 annat h\u00e5ll tragglar F\u00f6rs\u00e4ljaren (Sanna Holm\u00e9n) p\u00e5 med sitt liv. Hennes jobb g\u00e5r ut p\u00e5 att hon ska dra in pengar. Dessutom har hon tv\u00e5 sm\u00e5 barn. En dag knackar hon p\u00e5 arkivets d\u00f6rr.<\/p>\n<p><strong>En gripande f\u00f6rest\u00e4llning om dr\u00f6mmar innanf\u00f6r det inrutade vuxenlivet.<\/strong> F\u00f6rtvivlaren s\u00e4ger att hennes jobb inte \u00e4r n\u00e5got riktigt jobb, men att det \u00e4nd\u00e5 \u00e4r n\u00e5got som m\u00e5ste g\u00f6ras. Det sl\u00e5r mig att, som titeln antyder, att lokalen lika mycket \u00e4r karakt\u00e4rernas inre. Och alla osorterade papper som dimper ner p\u00e5 golvet \u00e4r deras tankar och k\u00e4nslor.<\/p>\n<p>&nbsp;<\/p>\n<p><a title=\"Bj\u00f6rnlandet\" href=\"https:\/\/www.flickr.com\/photos\/kultursidan\/41437465735\/in\/album-72157669379343158\/\"><img loading=\"lazy\" decoding=\"async\" src=\"https:\/\/farm1.staticflickr.com\/878\/41437465735_35caf69d5a.jpg\" alt=\"Bj\u00f6rnlandet\" width=\"375\" height=\"500\" \/><\/a><br \/>\n<em>B\u00e4ttre utsikter. \u00c4ntligen har det slutat regna i Bj\u00f6rnlandet.<\/em><\/p>\n<p>&nbsp;<\/p>\n<h2>Bj\u00f6rnlandet<\/h2>\n<p>&nbsp;<\/p>\n<p><strong>Hittills har f\u00f6rest\u00e4llningarna haft mellan tre och fem sk\u00e5despelare i ensemblen.<\/strong> De tv\u00e5 f\u00f6rest\u00e4llningarna som \u00e5terst\u00e5r \u00e4r mera av kammarspel med endast tv\u00e5 sk\u00e5despelare vardera:<\/p>\n<p><strong><em>Bj\u00f6rnlandet<\/em> av i regi av Birgitta S\u00f6derlund.<\/strong> I ett f\u00f6rs\u00f6k att r\u00e4dda sin relation tar paret Pia och Svante sin tillflykt till en stuga i Norrland. L\u00e5ngt ifr\u00e5n alla m\u00e4nniskor. Ingenting g\u00e5r som de har t\u00e4nkt sig och n\u00e4r n\u00e5gra vietnamesiska b\u00e4rplockare pl\u00f6tsligt dyker upp b\u00f6rjar det h\u00e4nda saker.<\/p>\n<p>Gillis Uneus och Therese Lundkvist spelar paret som hyr en stuga i den Norrl\u00e4ndska skogen. Tyv\u00e4rr har det regnat i fem dagar. Men de har helgen p\u00e5 sig innan Pias mamma kommer och h\u00e4mtar dem och under de dagarna ska v\u00e4dret bli bra, och d\u00e5 kan de riktigt r\u00e5 om varandra. Men s\u00e5 ser de n\u00e5gra vietnamesiska b\u00e4rplockare \u2013 sedan blir inget som de har t\u00e4nkt sig.<\/p>\n<p>Det \u00e4r granar, med gr\u00e4smatta p\u00e5 scenen. L\u00e4ngre in signalerar j\u00e4rnkamin och enklare m\u00f6blemang stugans inre.<\/p>\n<p>&nbsp;<\/p>\n<p><a title=\"Sn\u00e4ckor\" href=\"https:\/\/www.flickr.com\/photos\/kultursidan\/42291628612\/in\/album-72157669379343158\/\"><img loading=\"lazy\" decoding=\"async\" src=\"https:\/\/farm1.staticflickr.com\/886\/42291628612_e0e276e0d1.jpg\" alt=\"Sn\u00e4ckor\" width=\"500\" height=\"271\" \/><\/a><br \/>\n<em>Livsstilsfajt. Tv\u00e5 personer hamnar i ett rum tillsammans. Kan de n\u00e5 varandra under ytan?<\/em><\/p>\n<p>&nbsp;<\/p>\n<h2>Sn\u00e4ckor<\/h2>\n<p>&nbsp;<\/p>\n<p><strong>N\u00e4sta pj\u00e4s, <em>Sn\u00e4ckor<\/em> i regi av Emil Peterzon, har samma uppl\u00e4gg, fast i ett mer storstadskal inredning.<\/strong><\/p>\n<p>Vad h\u00e4nder n\u00e4r tv\u00e5 helt olika m\u00e4nniskor m\u00f6ts i ett hotellrum i hopp om att f\u00e5 m\u00f6ta n\u00e5gon annan p\u00e5 mer \u00e4n en ytlig niv\u00e5? N\u00e4r m\u00f6tet \u00f6ppnar upp s\u00e5r hos de b\u00e5da, vad g\u00f6r dom d\u00e5? Vad finns det som h\u00e5ller dom kvar i rummet med varandra?<\/p>\n<p>Robert och Sara (Henrik Mattsson och Mitra Bashang) kommer in i ett hotellrum ikl\u00e4dda partyhattar. Han bjuder p\u00e5 vin och r\u00e4kor. En av r\u00e4korna ser d\u00e5lig ut, svart liksom.<\/p>\n<p>&#8221;En svartskalle&#8221;, kallar han r\u00e4kan vilket Sara reagerar p\u00e5. Ju l\u00e4ngre samtalet p\u00e5g\u00e5r avsl\u00f6jas deras m\u00f6rkaste hemligheter.<\/p>\n<p>&nbsp;<\/p>\n<p><strong>Jag har sj\u00e4lv g\u00e5tt Marieborgs teaterlinje och varit med om samma process.<\/strong> Vara en del av en grupp som jobbar mot ett gemensamt m\u00e5l. Men m\u00f6jligheten att f\u00e5 se de andras f\u00f6rest\u00e4llningar flera g\u00e5nger var halva grejen. Jag s\u00e5g hur alla utvecklades \u00e4ven under den perioden. Det f\u00e5r jag inte nu, men jag k\u00e4nner \u00e4nd\u00e5 igen mig i mycket.<\/p>\n<p>Alla fem pj\u00e4serna har sin charm. Det finns n\u00e5got eller n\u00e5gra f\u00f6r alla. Mina favoriter var <em>Slimmad slajsad, Grodregn \u00f6ver Fru\u00e4ngen <\/em>och<em> Bj\u00f6rnland<\/em>. Men alla roller i alla upps\u00e4ttningar var klockrent castade med sk\u00e5despelare som gjorde riktigt bra ifr\u00e5n sig. G\u00e5 och se!<\/p>\n<p><em>\u00a9 Text: Anton Augustsson<\/em><br \/>\n<em>\u2028\u00a9 Foto: Rebecca Holgersson, Carl-Eric Reidler, <span class=\"_5yl5\">Malin Wallander, <\/span>Lisa Rantatalo, Kevin J\u00f6nsson, Klara Bergh<br \/>\n<\/em><\/p>\n<p>BILDSPEL \u2013 KLICKA P\u00c5 BILDENS PILAR<\/p>\n<p><a data-flickr-embed='true' href='https:\/\/www.flickr.com\/photos\/kultursidan\/albums\/72157669379343158' title='Marieborgs V\u00e5rpj\u00e4ser, TBg34 2018 by Kultursidan, on Flickr'><img src='https:\/\/live.staticflickr.com\/964\/41616771474_a18b197e4d_z.jpg' width='800' height='600' alt='#Slimmad\/\/slajsad :)softad_st\u00f6rd\/:D'><\/a><script async src='https:\/\/embedr.flickr.com\/assets\/client-code.js' charset='utf-8'><\/script><\/p>\n<blockquote>\n<h4>TEATER BR\u00c5DDGATAN Norrk\u00f6ping<\/h4>\n<p><em>18 \u2013 27 maj 2018\u2028<\/em><br \/>\n<strong>Marieborgs v\u00e5rpj\u00e4ser\u2028<\/strong><br \/>\nFem upps\u00e4ttningar<br \/>\nProd: Marieborgs teaterkurser<\/p>\n<h4 style=\"padding-left: 30px;\">#Slimmad\/\/slajsad :)softad_st\u00f6rd\/:D<\/h4>\n<p style=\"padding-left: 30px;\">Av Christina Gottfridsson<br \/>\nRegi: Milva Jansson<br \/>\nMedverkande: Karin Hultebring W\u00e4rmelund, Maia Persson, Sandra Andersson, Jimmy Karlsson<br \/>\nArr: Marieborgs Folkh\u00f6gskola<br \/>\nProd: Rebecca Holgersson och Jackob Fundberg<\/p>\n<h4 style=\"padding-left: 30px;\">Grodregn \u00d6ver Fru\u00e4ngen<\/h4>\n<p style=\"padding-left: 30px;\">Av Anders Duus<br \/>\nRegi: Malin Wallander<br \/>\nMedverkande: Angelica B\u00e4ckstr\u00f6m, Ingrid Wantschura, Henrik Nystr\u00f6m, Linn\u00e9a Broman, Adam Wolf<br \/>\nArr: Marieborgs Fokh\u00f6gskola<br \/>\nProd: Andr\u00e9a Jonsson Lindh, Timmy Jacobsen och Teodor Fredriksson<\/p>\n<h4 style=\"padding-left: 30px;\">Mitt Hj\u00e4rtas Ok\u00e4nda Arkiv<\/h4>\n<p style=\"padding-left: 30px;\">\u2028Av Malin Axelsson<br \/>\nRegi: Tony Veps\u00e4<br \/>\nMedverkande Tuva Bj\u00f6rling, Fanny Sj\u00f6dahl och Sanna Holm\u00e9n<br \/>\nArr: Marieborgs Fokh\u00f6gskola<br \/>\nProd: Lisa Rantatalo och Andreas Burmester<\/p>\n<h4 style=\"padding-left: 30px;\">Bj\u00f6rnlandet<\/h4>\n<p style=\"padding-left: 30px;\">Av Camilla Blomqvist<br \/>\nRegi: Birgitta S\u00f6derlund<br \/>\nMedverkande: Gillis Uneus och Therese Lundkvist<br \/>\nArr: Marieborgs Fokh\u00f6gskola<br \/>\nProd: Estelle Johansson och Kevin J\u00f6nsson<\/p>\n<h4 style=\"padding-left: 30px;\">Sn\u00e4ckor<\/h4>\n<p style=\"padding-left: 30px;\">Av Peter Barlach<br \/>\nRegi: Emil Peterzon<br \/>\nMedverkande: Henrik Mattsson och Mitra Bashang<br \/>\nArr: Marieborgs Fokh\u00f6gskola<br \/>\nProd: Klara Bergh och Isak Lindberg<\/p>\n<\/blockquote>\n<p>L\u00c4NKAR<br \/>\nMarieborgs folkh\u00f6gskola <a href=\"http:\/\/www.marieborg.org\" target=\"_blank\" rel=\"noopener noreferrer\">hemsida<\/a> <a href=\"https:\/\/www.facebook.com\/marieborg.teater\/\" target=\"_blank\" rel=\"noopener noreferrer\">Facebook<\/a> <a href=\"https:\/\/www.facebook.com\/marieborgsvarpjaser\/\" target=\"_blank\" rel=\"noopener\">FB-evenemang<\/a><\/p>\n","protected":false},"excerpt":{"rendered":"<p>NORRK\u00d6PING Fem pj\u00e4ser som p\u00e5 olika s\u00e4tt tacklar relationerna m\u00e4nniskor emellan. Under samlingsnamnet \u201dMarieborgs v\u00e5rpj\u00e4ser&#8221; spelar folkh\u00f6gskolans teaterelever sina slutprojekt p\u00e5 Teater Br\u00e5ddgatan 34 i Norrk\u00f6ping. N\u00e5gra f\u00f6rest\u00e4llningar v\u00e4nder sig till yngre publik, andra mot lite \u00e4ldre. <a class=\"continue-reading-link\" href=\"https:\/\/www.kultursidan.nu\/?p=36520\">L\u00e4s mer <span class=\"meta-nav\">&rarr; <\/span><\/a><\/p>\n","protected":false},"author":1001006,"featured_media":0,"comment_status":"closed","ping_status":"open","sticky":false,"template":"","format":"standard","meta":{"_jetpack_memberships_contains_paid_content":false,"footnotes":""},"categories":[7],"tags":[12],"class_list":["post-36520","post","type-post","status-publish","format-standard","hentry","category-norrkoping","tag-teater"],"jetpack_featured_media_url":"","jetpack_sharing_enabled":true,"_links":{"self":[{"href":"https:\/\/www.kultursidan.nu\/index.php?rest_route=\/wp\/v2\/posts\/36520","targetHints":{"allow":["GET"]}}],"collection":[{"href":"https:\/\/www.kultursidan.nu\/index.php?rest_route=\/wp\/v2\/posts"}],"about":[{"href":"https:\/\/www.kultursidan.nu\/index.php?rest_route=\/wp\/v2\/types\/post"}],"author":[{"embeddable":true,"href":"https:\/\/www.kultursidan.nu\/index.php?rest_route=\/wp\/v2\/users\/1001006"}],"replies":[{"embeddable":true,"href":"https:\/\/www.kultursidan.nu\/index.php?rest_route=%2Fwp%2Fv2%2Fcomments&post=36520"}],"version-history":[{"count":5,"href":"https:\/\/www.kultursidan.nu\/index.php?rest_route=\/wp\/v2\/posts\/36520\/revisions"}],"predecessor-version":[{"id":36530,"href":"https:\/\/www.kultursidan.nu\/index.php?rest_route=\/wp\/v2\/posts\/36520\/revisions\/36530"}],"wp:attachment":[{"href":"https:\/\/www.kultursidan.nu\/index.php?rest_route=%2Fwp%2Fv2%2Fmedia&parent=36520"}],"wp:term":[{"taxonomy":"category","embeddable":true,"href":"https:\/\/www.kultursidan.nu\/index.php?rest_route=%2Fwp%2Fv2%2Fcategories&post=36520"},{"taxonomy":"post_tag","embeddable":true,"href":"https:\/\/www.kultursidan.nu\/index.php?rest_route=%2Fwp%2Fv2%2Ftags&post=36520"}],"curies":[{"name":"wp","href":"https:\/\/api.w.org\/{rel}","templated":true}]}}