{"id":36552,"date":"2018-05-27T19:15:52","date_gmt":"2018-05-27T18:15:52","guid":{"rendered":"https:\/\/intelligent-friend-7861.standoutwp.com\/?p=36552"},"modified":"2018-05-29T18:36:53","modified_gmt":"2018-05-29T17:36:53","slug":"kollektiv-rapport-monstrar-norrkoping","status":"publish","type":"post","link":"https:\/\/www.kultursidan.nu\/?p=36552","title":{"rendered":"Kollektiv rapport m\u00f6nstrar Norrk\u00f6ping"},"content":{"rendered":"<p><img loading=\"lazy\" decoding=\"async\" class=\"alignnone size-medium wp-image-36553\" src=\"https:\/\/www.kultursidan.nu\/wp-content\/uploads\/2018\/05\/029-Mnsterdetalj_preview-567x376.jpg\" alt=\"\" width=\"567\" height=\"376\" srcset=\"https:\/\/www.kultursidan.nu\/wp-content\/uploads\/2018\/05\/029-Mnsterdetalj_preview-567x376.jpg 567w, https:\/\/www.kultursidan.nu\/wp-content\/uploads\/2018\/05\/029-Mnsterdetalj_preview-768x510.jpg 768w, https:\/\/www.kultursidan.nu\/wp-content\/uploads\/2018\/05\/029-Mnsterdetalj_preview-1024x680.jpg 1024w, https:\/\/www.kultursidan.nu\/wp-content\/uploads\/2018\/05\/029-Mnsterdetalj_preview-150x100.jpg 150w, https:\/\/www.kultursidan.nu\/wp-content\/uploads\/2018\/05\/029-Mnsterdetalj_preview-502x333.jpg 502w, https:\/\/www.kultursidan.nu\/wp-content\/uploads\/2018\/05\/029-Mnsterdetalj_preview.jpg 1285w\" sizes=\"auto, (max-width: 567px) 100vw, 567px\" \/><br \/>\n<em>Rapport. Spiral \u00e5tb\u00f6rd och IFK:s emblem \u00e5terkommer i m\u00f6nsterrapporten. Det orangea tr\u00e4det \u00f6verst i bild kan anas l\u00e4ngst ner till h\u00f6ger.<\/em><\/p>\n<p>&nbsp;<\/p>\n<h1><span style=\"color: #ff0000;\">Grundm\u00f6nstret kommer igen<\/span><\/h1>\n<p>&nbsp;<\/p>\n<p>NORRK\u00d6PING <strong>V\u00e4rmekyrkan, Bamse och Spiral \u00e5tb\u00f6rd.<\/strong> Men ocks\u00e5 cyklar, solen och glass. Insamlade teckningar under Kulturnatten har komponerats till nya m\u00f6nster. Utst\u00e4llningen <em>Kollektiv rapport \u2013 M\u00f6nsterexperiment<\/em> \u00f6ppnade p\u00e5 Stadsmuseet i l\u00f6rdags.<\/p>\n<p>Rapport \u00e4r ett begrepp inom m\u00f6nsterskapande p\u00e5 textil eller tapeter. Det \u00e4r grundm\u00f6nstret som kommer igen med j\u00e4mna mellanrum.<\/p>\n<p>&nbsp;<\/p>\n<p><a title=\"Tre m\u00f6nster i serien Kollektiv rapport\" href=\"https:\/\/www.flickr.com\/photos\/kultursidan\/41666803514\/in\/album-72157697322443475\/\"><img loading=\"lazy\" decoding=\"async\" src=\"https:\/\/farm2.staticflickr.com\/1758\/41666803514_5f39dccb94.jpg\" alt=\"Tre m\u00f6nster i serien Kollektiv rapport\" width=\"500\" height=\"332\" \/><\/a><br \/>\n<em>P\u00e5 Hyllan. Tre m\u00f6nster i kollektionen Kollektiv rapport<\/em><\/p>\n<p>&nbsp;<\/p>\n<p><strong>H\u00f6sten 2017 var det som vanligt Kulturnatt i Norrk\u00f6ping.<\/strong> Tv\u00e5 inflyttade tjejer, Elin Svensson Arwenhed och Malin Odenhammar, med inredning och design som specialitet hade tr\u00e4ffat varandra och startat Formgivningslaboratoriet.<\/p>\n<p>Under Kulturnatten anordnade Stadsmuseet en workshop d\u00e4r bes\u00f6karna fick teckna sin bild av Norrk\u00f6ping. Initiativtagare var Formgivningslaboratoriet som nu har sammanst\u00e4llt teckningarna. Resultatet har blivit flera m\u00f6nster och en sommarutst\u00e4llning.<\/p>\n<p><strong>Utst\u00e4llningsrummet Hyllan ligger en trappa upp direkt fr\u00e5n Stadsmuseets reception.<\/strong> Den n\u00e5s ocks\u00e5 fr\u00e5n utst\u00e4llningen med textilmaskinerna p\u00e5 andra v\u00e5ningen, vilket rekommenderas. Att f\u00f6rst ha sett maskinerna fr\u00e5n textilstadens tid och sedan vandra rampen ner ger en aha-upplevelse. Hela utst\u00e4llningslokalen pryds av textilier p\u00e5 v\u00e4ggarna. Det \u00e4r riktigt f\u00e4ngslande.<\/p>\n<p>P\u00e5 en v\u00e4gg visas foton fr\u00e5n Kulturnattens workshop. I en annan del av rummet f\u00e5r unga bes\u00f6kare m\u00f6jlighet att l\u00e4mna nya bidrag. Men p\u00e5 l\u00e5ngv\u00e4ggen h\u00e4nger Formgivningslaboratoriets tyger som f\u00e5tt m\u00f6nster av kulturnattsbes\u00f6karnas teckningar. Tygerna r\u00e4cker fr\u00e5n tak till golv.<\/p>\n<p>&nbsp;<\/p>\n<p><a title=\"Elin Svensson Arwenhed och Malin Odenhammar\" href=\"https:\/\/www.flickr.com\/photos\/kultursidan\/41666803554\/in\/album-72157697322443475\/\"><img loading=\"lazy\" decoding=\"async\" src=\"https:\/\/farm1.staticflickr.com\/882\/41666803554_b00de78065.jpg\" alt=\"Elin Svensson Arwenhed och Malin Odenhammar\" width=\"500\" height=\"332\" \/><\/a><br \/>\n<em>Formgivare. Elin Svensson Arwenhed och Malin Odenhammar har skapat nya m\u00f6nster med Kulturnattsbes\u00f6karnas bilder som grund.<\/em><\/p>\n<p>&nbsp;<\/p>\n<p><strong>Bakom projektet st\u00e5r allts\u00e5 Elin Svensson Arwenhed och Malin Odenhammar som var f\u00f6r sig har l\u00e5ng erfarenhet av illustration, grafisk formgivning och art direction.<\/strong> De har egna karri\u00e4rer och erfarenhet, utbildning och verksamhet fr\u00e5n b\u00e5de London och New York men har nu kommit till Norrk\u00f6ping, som b\u00e5da beskriver som en mycket sp\u00e4nnande kulturstad.<\/p>\n<p>Med <em>Kollektiv rapport<\/em> \u2013 m\u00f6nsterexperiment skapar de gemenskap och l\u00e4mnar sitt bidrag till ber\u00e4ttelsen om staden.<\/p>\n<p><em>\u00a9 Text och foto: Sven \u00c5ke Molund\u2028<\/em><\/p>\n<p>BILDSPEL \u2013 KLICKA P\u00c5 BILDENS PILAR<\/p>\n<p><a data-flickr-embed='true' href='https:\/\/www.flickr.com\/photos\/kultursidan\/sets\/72157697322443475' title='Kollektiv rapport, Stadsmuseet 2018 by Kultursidan, on Flickr'><img src='https:\/\/live.staticflickr.com\/1748\/42341195072_0a62724974_z.jpg' width='800' height='600' alt='Minnen fr\u00e5n Kulturnatten 2017'><\/a><script async src='https:\/\/embedr.flickr.com\/assets\/client-code.js' charset='utf-8'><\/script><\/p>\n<blockquote>\n<h4>HYLLAN, STADSMUSEET Norrk\u00f6ping<\/h4>\n<p><em>26 maj \u2013 29 september 2018<\/em><br \/>\n<strong>Kollektiv rapport \u2013 M\u00f6nsterexperiment<\/strong><br \/>\nFormgivningslaboratoriet<br \/>\nElin Svensson Arwenhed och Malin Odenhammar<\/p><\/blockquote>\n<p>L\u00c4NKAR<br \/>\nFormgivningslaboratoriet <a href=\"https:\/\/www.facebook.com\/Formgivningslaboratoriet-963062543797314\/\" target=\"_blank\" rel=\"noopener\">Facebook<\/a><br \/>\nNorrk\u00f6pings stadsmuseum <a href=\"http:\/\/www.norrkopingsstadsmuseum.se\/\" target=\"_blank\" rel=\"noopener\">hemsida<\/a> <a href=\"https:\/\/www.facebook.com\/Norrkopingsstadsmuseum?fref=ts\" target=\"_blank\" rel=\"noopener\">Facebook<\/a><\/p>\n","protected":false},"excerpt":{"rendered":"<p>NORRK\u00d6PING V\u00e4rmekyrkan, Bamse och Spiral \u00e5tb\u00f6rd. Insamlade teckningar med Norrk\u00f6pingsmotiv under Kulturnatten har komponerats till nya m\u00f6nster. Utst\u00e4llningen Kollektiv rapport \u2013 M\u00f6nsterexperiment \u00f6ppnade p\u00e5 Stadsmuseet i l\u00f6rdags. <a class=\"continue-reading-link\" href=\"https:\/\/www.kultursidan.nu\/?p=36552\">L\u00e4s mer <span class=\"meta-nav\">&rarr; <\/span><\/a><\/p>\n","protected":false},"author":1001006,"featured_media":0,"comment_status":"closed","ping_status":"open","sticky":false,"template":"","format":"standard","meta":{"_jetpack_memberships_contains_paid_content":false,"footnotes":""},"categories":[7],"tags":[47],"class_list":["post-36552","post","type-post","status-publish","format-standard","hentry","category-norrkoping","tag-utstallning"],"jetpack_featured_media_url":"","jetpack_sharing_enabled":true,"_links":{"self":[{"href":"https:\/\/www.kultursidan.nu\/index.php?rest_route=\/wp\/v2\/posts\/36552","targetHints":{"allow":["GET"]}}],"collection":[{"href":"https:\/\/www.kultursidan.nu\/index.php?rest_route=\/wp\/v2\/posts"}],"about":[{"href":"https:\/\/www.kultursidan.nu\/index.php?rest_route=\/wp\/v2\/types\/post"}],"author":[{"embeddable":true,"href":"https:\/\/www.kultursidan.nu\/index.php?rest_route=\/wp\/v2\/users\/1001006"}],"replies":[{"embeddable":true,"href":"https:\/\/www.kultursidan.nu\/index.php?rest_route=%2Fwp%2Fv2%2Fcomments&post=36552"}],"version-history":[{"count":3,"href":"https:\/\/www.kultursidan.nu\/index.php?rest_route=\/wp\/v2\/posts\/36552\/revisions"}],"predecessor-version":[{"id":36583,"href":"https:\/\/www.kultursidan.nu\/index.php?rest_route=\/wp\/v2\/posts\/36552\/revisions\/36583"}],"wp:attachment":[{"href":"https:\/\/www.kultursidan.nu\/index.php?rest_route=%2Fwp%2Fv2%2Fmedia&parent=36552"}],"wp:term":[{"taxonomy":"category","embeddable":true,"href":"https:\/\/www.kultursidan.nu\/index.php?rest_route=%2Fwp%2Fv2%2Fcategories&post=36552"},{"taxonomy":"post_tag","embeddable":true,"href":"https:\/\/www.kultursidan.nu\/index.php?rest_route=%2Fwp%2Fv2%2Ftags&post=36552"}],"curies":[{"name":"wp","href":"https:\/\/api.w.org\/{rel}","templated":true}]}}