{"id":36595,"date":"2018-05-30T13:18:43","date_gmt":"2018-05-30T12:18:43","guid":{"rendered":"https:\/\/intelligent-friend-7861.standoutwp.com\/?p=36595"},"modified":"2019-05-24T09:26:35","modified_gmt":"2019-05-24T08:26:35","slug":"koreografin-starkast-i-de-geers-drom","status":"publish","type":"post","link":"https:\/\/www.kultursidan.nu\/?p=36595","title":{"rendered":"Koreografin starkast i De Geers Dr\u00f6m"},"content":{"rendered":"<p><a title=\"Dr\u00f6m\" href=\"https:\/\/www.flickr.com\/photos\/kultursidan\/41727250894\/in\/album-72157667531609587\/\"><img loading=\"lazy\" decoding=\"async\" src=\"https:\/\/live.staticflickr.com\/897\/41727250894_5057dd8aef.jpg\" alt=\"Dr\u00f6m\" width=\"500\" height=\"333\" \/><\/a><br \/>\n<em>H\u00e5nad. Hemma \u00e4r en plats d\u00e4r Daniel l\u00e4rt sig att han \u00e4r o\u00f6nskad. Jesper Karlsson spelar huvudrollen i Dr\u00f6m, De Geergymnasiets musikal som spelas i H\u00f6rsalen.<\/em><\/p>\n<p>&nbsp;<\/p>\n<h1><span style=\"color: #ff0000;\">Ledmotiv knyts till vissa personer<\/span><\/h1>\n<p>&nbsp;<\/p>\n<p>RECENSION \/ NORRK\u00d6PING <strong>En ung man ensam i ett fr\u00e4mmande land.<\/strong> Jesper Karlsson spelar Daniel som v\u00e5gar dr\u00f6mma om en b\u00e4ttre framtid. De Geergymnasiets musikal <em>Dr\u00f6m<\/em> bjuder p\u00e5 fina insatser p\u00e5 scen och i orkestern.<\/p>\n<p><strong>L\u00e4rarna Henrik Bergion, musik, och Johan Wahlqvist, text, skrev musikalen <em>Dr\u00f6m<\/em> f\u00f6r avg\u00e5ngseleverna p\u00e5 De Geergymnasiets estetiska program \u00e5r 2012. <\/strong>Nu \u00e4r det dags igen, f\u00f6r f\u00f6rsta g\u00e5ngen i nyrenoverade H\u00f6rsalen. Vi f\u00e5r se m\u00e5nga beg\u00e5vade s\u00e5ngare och framf\u00f6r allt dansare samt imponerande cirkuskonster.<\/p>\n<p>Huvudrollen som Daniel, ett o\u00f6nskat barn som b\u00f6rjar dr\u00f6mma om att \u00e5terf\u00f6renas med sin mor, spelas av Jesper Karlsson som g\u00e5r p\u00e5 De Geer musikprogram. P\u00e5 scenen medverkar elever fr\u00e5n alla estetprogram, allts\u00e5 \u00e4ven teater- och danselever.<\/p>\n<p>&nbsp;<\/p>\n<p><a title=\"Dr\u00f6m\" href=\"https:\/\/www.flickr.com\/photos\/kultursidan\/27580345317\/in\/album-72157667531609587\/\"><img loading=\"lazy\" decoding=\"async\" src=\"https:\/\/farm2.staticflickr.com\/1746\/27580345317_c844c93992.jpg\" alt=\"Dr\u00f6m\" width=\"500\" height=\"333\" \/><\/a><br \/>\n<em>Reses\u00e4llskap. M\u00e5nga sm\u00e5 scener utspelas i den stora scenen d\u00e4r Daniel anl\u00e4nder till New York med m\u00e5nga andra emigranter.<\/em><\/p>\n<p>&nbsp;<\/p>\n<p><strong>Henrik Bergion bjuder p\u00e5 n\u00e5gra \u201dklassiska\u201d citat av bland andra Beethoven i \u201dsk\u00e5despelsmusiken\u201d.<\/strong> Bergion anv\u00e4nder en effektiv kollageteknik. B\u00e4st \u00e4r kanske det Les Miserables-inspirerade komiska inslaget i b\u00f6rjan av andra akten. Musiken \u00e4r oftast av folkvisekarakt\u00e4r men jazz och viss klassisk musik ligger honom varmt om hj\u00e4rtat. N\u00e5gra ledmotiv \u00e5terkommer som melodislingor och knyts till vissa personer och handlingar.<\/p>\n<p><strong>I skolf\u00f6rest\u00e4llningar som dessa blir det ofr\u00e5nkomligen en del ofrivillig komik.<\/strong> Ofta f\u00f6r att tung dramatik kan vara sv\u00e5r att hantera f\u00f6r ungdomar, men det mesta h\u00f6ll f\u00f6rv\u00e5nansv\u00e4rt h\u00f6g klass. Starkast \u00e4r kanske de koreograferade numren, som bj\u00f6d p\u00e5 f\u00e4rgstarka gestalter och god massverkan.<\/p>\n<p>En viss redigering skulle kanske ha beh\u00f6vts. Men det g\u00e4ller f\u00f6rst\u00e5s att se till att de med s\u00e5ng som huvudinstrument f\u00e5r vettiga uppgifter, n\u00e5got som de flesta klarade med bravur \u00e4ven om den tekniska niv\u00e5n varierade.<\/p>\n<p>&nbsp;<\/p>\n<p><a title=\"Dr\u00f6m\" href=\"https:\/\/www.flickr.com\/photos\/kultursidan\/27580345007\/in\/album-72157667531609587\/\"><img loading=\"lazy\" decoding=\"async\" src=\"https:\/\/farm1.staticflickr.com\/893\/27580345007_f211cefa01.jpg\" alt=\"Dr\u00f6m\" width=\"500\" height=\"333\" \/><\/a><br \/>\n<em>Svosch. Det tunga allvaret i handlingen f\u00e5r en f\u00f6rdjupning i starka dansnummer.<\/em><\/p>\n<p>&nbsp;<\/p>\n<p><strong>Att kapellm\u00e4staren \/ pianisten Jesper Olofsson sj\u00e4lv \u00e4r elev p\u00e5 skolan var mycket imponerande<\/strong> \u00e4ven om man f\u00e5r anta att Bergion sj\u00e4lv sorgf\u00e4lligt tr\u00e4nat honom f\u00f6r uppgiften.<\/p>\n<p>Johan Wahlqvist \u00e4r dock mannen bakom det hela d\u00e5 han st\u00e5r f\u00f6r b\u00e5de manus, text och regi. Lisa Tilling med flera l\u00e4rare har gjort ett h\u00e4stjobb med att tr\u00e4na alla vana och mindre vana s\u00e5ngare i olika konstellationer.<\/p>\n<p><em>\u00a9 Text: Lars Henriksson<\/em><br \/>\n<em>\u00a9 Foto: Ann-Charlotte Sandelin<\/em><\/p>\n<p>BILDSPEL \u2013 KLICKA P\u00c5 BILDENS PILAR<\/p>\n<p><a data-flickr-embed='true' href='https:\/\/www.flickr.com\/photos\/kultursidan\/sets\/72157667531609587' title='Dr\u00f6m REC, De Geergymnasiet 2018 by Kultursidan, on Flickr'><img src='https:\/\/live.staticflickr.com\/1758\/27580345597_81339318c4_z.jpg' width='800' height='600' alt='Dr\u00f6m'><\/a><script async src='https:\/\/embedr.flickr.com\/assets\/client-code.js' charset='utf-8'><\/script><\/p>\n<blockquote>\n<h4>H\u00d6RSALEN Norrk\u00f6ping<\/h4>\n<p><em>26 maj \u2013 2 juni 2018\u2028<\/em><br \/>\n<strong>Dr\u00f6m<\/strong><br \/>\nMusikal<br \/>\nav Henrik Bergion (musik) och Johan Wahlqvist (manus\/text)<br \/>\nRegi: Johan Wahlqvist<br \/>\nKoreografi: Maria Wass, Anna S\u00f6derling, elever fr\u00e5n ES<br \/>\nOrkesterinstudering: Henrik Bergion<br \/>\nS\u00e5nginstudering: Tine R\u00f6j\u00e5s, Lisa Tilling<br \/>\nKapellm\u00e4stare \/ piano: Jesper Olofsson<\/p>\n<p style=\"padding-left: 30px;\">MEDVERKANDE<br \/>\nElever fr\u00e5n De Geergymnasiets estetlinjer, \u00e5rskurs 3<\/p>\n<\/blockquote>\n<p>L\u00c4NKAR<br \/>\nDe Geergymnasiet <a href=\"http:\/\/www.degeer.norrkoping.se\" target=\"_blank\" rel=\"noopener noreferrer\">hemsida<\/a>\u00a0<a href=\"https:\/\/musikalendrom.blogspot.se\" target=\"_blank\" rel=\"noopener noreferrer\">blogg<\/a> <a href=\"https:\/\/www.facebook.com\/DeGeergymnasiet\/?fref=ts\" target=\"_blank\" rel=\"noopener noreferrer\">Facebook<\/a><br \/>\nDe Geergymnasiets Dr\u00f6m i H\u00f6rsalen <a href=\"https:\/\/www.kultursidan.nu\/?p=36497\" target=\"_blank\" rel=\"noopener noreferrer\">reportage<\/a> Kultursidan.nu 23\/5 2018<\/p>\n","protected":false},"excerpt":{"rendered":"<p>RECENSION \/ NORRK\u00d6PING En ung man ensam i ett fr\u00e4mmande land. Jesper Karlsson spelar Daniel som v\u00e5gar dr\u00f6mma om en b\u00e4ttre framtid. De Geergymnasiets musikal Dr\u00f6m bjuder p\u00e5 fina insatser p\u00e5 scen och i orkestern. <a class=\"continue-reading-link\" href=\"https:\/\/www.kultursidan.nu\/?p=36595\">L\u00e4s mer <span class=\"meta-nav\">&rarr; <\/span><\/a><\/p>\n","protected":false},"author":1001006,"featured_media":0,"comment_status":"closed","ping_status":"open","sticky":false,"template":"","format":"standard","meta":{"_jetpack_memberships_contains_paid_content":false,"footnotes":""},"categories":[7],"tags":[31,12],"class_list":["post-36595","post","type-post","status-publish","format-standard","hentry","category-norrkoping","tag-musikal","tag-teater"],"jetpack_featured_media_url":"","jetpack_sharing_enabled":true,"_links":{"self":[{"href":"https:\/\/www.kultursidan.nu\/index.php?rest_route=\/wp\/v2\/posts\/36595","targetHints":{"allow":["GET"]}}],"collection":[{"href":"https:\/\/www.kultursidan.nu\/index.php?rest_route=\/wp\/v2\/posts"}],"about":[{"href":"https:\/\/www.kultursidan.nu\/index.php?rest_route=\/wp\/v2\/types\/post"}],"author":[{"embeddable":true,"href":"https:\/\/www.kultursidan.nu\/index.php?rest_route=\/wp\/v2\/users\/1001006"}],"replies":[{"embeddable":true,"href":"https:\/\/www.kultursidan.nu\/index.php?rest_route=%2Fwp%2Fv2%2Fcomments&post=36595"}],"version-history":[{"count":2,"href":"https:\/\/www.kultursidan.nu\/index.php?rest_route=\/wp\/v2\/posts\/36595\/revisions"}],"predecessor-version":[{"id":41647,"href":"https:\/\/www.kultursidan.nu\/index.php?rest_route=\/wp\/v2\/posts\/36595\/revisions\/41647"}],"wp:attachment":[{"href":"https:\/\/www.kultursidan.nu\/index.php?rest_route=%2Fwp%2Fv2%2Fmedia&parent=36595"}],"wp:term":[{"taxonomy":"category","embeddable":true,"href":"https:\/\/www.kultursidan.nu\/index.php?rest_route=%2Fwp%2Fv2%2Fcategories&post=36595"},{"taxonomy":"post_tag","embeddable":true,"href":"https:\/\/www.kultursidan.nu\/index.php?rest_route=%2Fwp%2Fv2%2Ftags&post=36595"}],"curies":[{"name":"wp","href":"https:\/\/api.w.org\/{rel}","templated":true}]}}