{"id":36724,"date":"2018-06-08T18:22:57","date_gmt":"2018-06-08T17:22:57","guid":{"rendered":"https:\/\/intelligent-friend-7861.standoutwp.com\/?p=36724"},"modified":"2019-05-07T07:14:16","modified_gmt":"2019-05-07T06:14:16","slug":"1918-ars-utstallning-pa-lofstad-slott","status":"publish","type":"post","link":"https:\/\/www.kultursidan.nu\/?p=36724","title":{"rendered":"1918 \u00e5rs utst\u00e4llning p\u00e5 L\u00f6fstad slott"},"content":{"rendered":"<p><a title=\"M\u00e5nga i Norrk\u00f6ping jobbade i textilfabrikerna\" href=\"https:\/\/www.flickr.com\/photos\/kultursidan\/40866434460\/in\/album-72157697220246594\/\"><img loading=\"lazy\" decoding=\"async\" src=\"https:\/\/live.staticflickr.com\/1760\/40866434460_1bc581d2c6.jpg\" alt=\"M\u00e5nga i Norrk\u00f6ping jobbade i textilfabrikerna\" width=\"500\" height=\"333\" \/><\/a><br \/>\n<em>Kyrksalen. Solen lyser in i rummet d\u00e4r \u00e5rets sommarutst\u00e4llning \u2013 1918 \u2013 visas p\u00e5 L\u00f6fstad slott.<\/em><\/p>\n<p>&nbsp;<\/p>\n<h1><span style=\"color: #ff0000;\">\u00c5ret d\u00e5 Sverige gick in i en ny tid<\/span><\/h1>\n<p>&nbsp;<\/p>\n<p>NORRK\u00d6PING <strong><em>1918<\/em> \u2013 freden br\u00f6t ut och en ny tid klev fram.<\/strong> L\u00f6fstad slotts sommarutst\u00e4llning i Kyrksalen skildrar livet i Sverige och Norrk\u00f6ping. 1918 \u00e4r R\u00f6da stans \u00e5r, Get\u00e5olyckans och modernismens genombrott. Spanska sjukan, r\u00f6str\u00e4tt, Sven Hedin och morotspannkaka.<\/p>\n<p><strong>L\u00f6fstad Dagblads f\u00f6rstasida ber\u00e4ttar de braskande nyheterna.<\/strong> L\u00f6fstad slotts verksamhetsledare Per St\u00e5lebro har l\u00e5nat dagstidningens format i sommarens utst\u00e4llning i den ljusa Kyrksalen. Och varf\u00f6r inte \u2013 <em>1918<\/em> var ett \u00e5r som k\u00e4nnetecknades av de stora rubrikerna.<\/p>\n<p>&nbsp;<\/p>\n<p><a title=\"Ransoneringskort\" href=\"https:\/\/www.flickr.com\/photos\/kultursidan\/27806811187\/in\/album-72157697220246594\/\"><img loading=\"lazy\" decoding=\"async\" src=\"https:\/\/farm2.staticflickr.com\/1738\/27806811187_5017cc6235.jpg\" alt=\"Ransoneringskort\" width=\"500\" height=\"333\" \/><\/a><br \/>\n<em>Fl\u00e4skkuponger. Staten tryckte upp ransoneringskort till svenska folket. Den som handlade skulle ocks\u00e5 visa upp sin kupong.<\/em><\/p>\n<p>&nbsp;<\/p>\n<p><strong>Ute i v\u00e4rlden p\u00e5gick V\u00e4rldskriget.<\/strong> Det skulle dr\u00f6ja till slutet av \u00e5ret innan det blev fred i Europa och andra delar av v\u00e4rlden. Sverige var inte direkt indraget i kriget men p\u00e5verkades.<\/p>\n<p>\u2013 Sveriges st\u00f6rsta handelspartners, England och Tyskland, var p\u00e5 olika sidor i kriget och uppr\u00e4ttade handelsblockader. Importstoppet ledde till stor brist p\u00e5 varor och det blev social oro och miss\u00e4mja med upplopp och demonstrationer runt om i landet, \u00e4ven i Norrk\u00f6ping, ber\u00e4ttar Per St\u00e5lebro.<\/p>\n<p><strong>P\u00e5 det dukade bordet i arbetark\u00f6ket i ett h\u00f6rn av utst\u00e4llningen ligger ransoneringskuponger f\u00f6r fl\u00e4sk, lika f\u00f6r alla.<\/strong> Det var regeringens bidrag till att l\u00f6sa problemet. Svartab\u00f6rsmarknaden var ett annat, tillg\u00e4ngligt f\u00f6r dem som hade r\u00e5d. De andra blev utan.<\/p>\n<p><strong>V\u00e4rlden \u2013 Sverige \u2013 Norrk\u00f6ping \u2013 L\u00f6fstad.<\/strong> Med sm\u00e5 nedslag och stora rubriker skissar utst\u00e4llningen 1918 ett \u00e5r d\u00e5 den moderna tiden klev fram flera steg. Allm\u00e4n r\u00f6str\u00e4tt inf\u00f6rdes f\u00f6r m\u00e4n och marken bereddes f\u00f6r allm\u00e4n r\u00f6str\u00e4tt \u00e4ven f\u00f6r kvinnor.<\/p>\n<p>\u2013 Man kan spekulera i hur n\u00e4ra revolution Sverige var. Hjalmar Branting anv\u00e4nde ryska revolutionen f\u00f6r att skr\u00e4mma upp h\u00f6gern att sl\u00e4ppa igenom den kvinnliga r\u00f6str\u00e4tten, kommenterar Per St\u00e5lebro.<\/p>\n<p>&nbsp;<\/p>\n<p><a title=\"Per St\u00e5lebro har gjort utst\u00e4llning p\u00e5 L\u00f6fstad slott\" href=\"https:\/\/www.flickr.com\/photos\/kultursidan\/42674884021\/in\/album-72157697220246594\/\"><img loading=\"lazy\" decoding=\"async\" src=\"https:\/\/farm2.staticflickr.com\/1755\/42674884021_2a9df40755.jpg\" alt=\"Per St\u00e5lebro har gjort utst\u00e4llning p\u00e5 L\u00f6fstad slott\" width=\"500\" height=\"333\" \/><\/a><br \/>\n<em>Historieskrivare. Verksamhetsledaren Per St\u00e5lebro har gjort utst\u00e4llningen p\u00e5 L\u00f6fstad slott.<\/em><\/p>\n<p>&nbsp;<\/p>\n<p><strong>P\u00e5 L\u00f6fstad slott led herrskapet ingen n\u00f6d, men g\u00e4sterna blev f\u00e4rre.<\/strong> Per St\u00e5lebro har granskat g\u00e4stb\u00f6ckerna. Han har ocks\u00e5 h\u00e4mtat b\u00f6cker ur slottsbiblioteket, bland annat Fr\u00e5n fronten i v\u00e4ster och Kriget mot Ryssland. F\u00f6rfattare \u00e4r uppt\u00e4cktsresanden Sven Hedin som anser att Sverige ska g\u00e5 med i kriget p\u00e5 Tysklands sida.<\/p>\n<p>\u2013 Sven Hedin faller ganska h\u00e5rt mot marken n\u00e4r han senare orienterar sig mot nazismen, anm\u00e4rker Per St\u00e5lebro som vill g\u00f6ra skillnad p\u00e5 adelns traditionella tyskv\u00e4nlighet och Hedins gryende fascism.<\/p>\n<p><strong>Get\u00e5olyckan 1 oktober 1918 \u00e4r dock en lokal katastrof.<\/strong> 42 personer omkom och m\u00e5nga skadades n\u00e4r t\u00e5get st\u00f6rtade rakt ner i den ravin som uppstod efter ett jordskred. Den \u00e4r \u00e4n i dag Sveriges v\u00e4rsta t\u00e5golycka.<\/p>\n<p>Farligare var \u00e4nd\u00e5 spanska sjukan som br\u00f6t ut 1918 och ber\u00e4knas ha tagit mer \u00e4n 37.000 liv till och med 1920 d\u00e5 epidemin dog ut.<\/p>\n<p>&nbsp;<\/p>\n<p><a title=\"N\u00f6jen\" href=\"https:\/\/www.flickr.com\/photos\/kultursidan\/27807458847\/in\/album-72157697220246594\/\"><img loading=\"lazy\" decoding=\"async\" src=\"https:\/\/farm2.staticflickr.com\/1738\/27807458847_2e58dcba6d.jpg\" alt=\"N\u00f6jen\" width=\"333\" height=\"500\" \/><\/a><br \/>\n<em>F\u00f6r n\u00f6jes skull. Teater, cirkus, dans och bio \u2013 s\u00e5 roade sig Norrk\u00f6pingsborna.<\/em><\/p>\n<p>&nbsp;<\/p>\n<p><strong>Allt var inte el\u00e4nde.<\/strong> Utst\u00e4llningen beskriver n\u00f6jeslivet med dans, Arbis, cirkus och bio. Fr\u00e5n Stadsarkivet har en film \u00f6ver Norrk\u00f6pings stad l\u00e5nats in, f\u00f6rmodligen filmad fr\u00e5n luftballong.<\/p>\n<p>Modernismen gjorde allt st\u00f6rre insteg i konsten med namn som GAN, Nils Dardel, Isaac Gr\u00fcnewald och Sigrid Hjerth\u00e9n samt Leander Engstr\u00f6m. Flera av deras m\u00e5lningar fr\u00e5n just detta \u00e5r hamnar s\u00e5 sm\u00e5ningom p\u00e5 Norrk\u00f6pings konstmuseum.<\/p>\n<p>1918 \u00e4r ocks\u00e5 \u00e5ret d\u00e5 R\u00f6da stan byggdes, en tr\u00e4dg\u00e5rdsstad f\u00f6r vanliga Norrk\u00f6pingsbor.<\/p>\n<p><em>\u00a9 Text och foto: Ann-Charlotte Sandelin<\/em><\/p>\n<p>BILDSPEL \u2013 KLICKA P\u00c5 BILDENS PILAR<\/p>\n<p><a data-flickr-embed='true' href='https:\/\/www.flickr.com\/photos\/kultursidan\/albums\/72157697220246594' title='1918, L\u00f6fstad slott 2018 by Kultursidan, on Flickr'><img src='https:\/\/live.staticflickr.com\/1754\/41776062505_d1be857c52_z.jpg' width='800' height='600' alt='R\u00f6da stan byggdes samma \u00e5r som Get\u00e5olyckan intr\u00e4ffade'><\/a><script async src='https:\/\/embedr.flickr.com\/assets\/client-code.js' charset='utf-8'><\/script><\/p>\n<blockquote><p>KYRKSALEN, L\u00d6FSTAD SLOTT Norrk\u00f6ping<\/p>\n<p><em>26 maj \u2013 9 september 2018<\/em><br \/>\n<strong>1918 \u2013 Livet i Sverige och Norrk\u00f6ping under krigets sista \u00e5r<\/strong><br \/>\nUtst\u00e4llning<br \/>\nProd: \u00d6sterg\u00f6tlands museum<\/p><\/blockquote>\n<p>L\u00c4NKAR<br \/>\nR\u00f6da stan firar 100 \u00e5r <a href=\"https:\/\/www.facebook.com\/events\/200840847400210\/\" target=\"_blank\" rel=\"noopener noreferrer\">FB-evenemang<\/a><br \/>\nR\u00f6str\u00e4ttens utveckling i Sverige <a href=\"https:\/\/sv.wikipedia.org\/wiki\/R\u00f6str\u00e4ttens_utveckling_i_Sverige\" target=\"_blank\" rel=\"noopener noreferrer\">Wikipedia<\/a><br \/>\nL\u00f6fstad slott <a href=\"http:\/\/ostergotlandsmuseum.se\/lofstad\" target=\"_blank\" rel=\"noopener noreferrer\">hemsida<\/a> <a href=\"https:\/\/www.facebook.com\/lofstadslott\/?fref=ts\" target=\"_blank\" rel=\"noopener noreferrer\">Facebook<\/a> <a href=\"http:\/\/ostergotlandsmuseum.se\/pages\/46\" target=\"_blank\" rel=\"noopener noreferrer\">1918<\/a><\/p>\n","protected":false},"excerpt":{"rendered":"<p>NORRK\u00d6PING 1918 \u2013 freden br\u00f6t ut och en ny tid klev fram. L\u00f6fstad slotts sommarutst\u00e4llning skildrar livet i Sverige och Norrk\u00f6ping. 1918 \u00e4r R\u00f6da stans \u00e5r, Get\u00e5olyckans och modernismens genombrott. Spanska sjukan, r\u00f6str\u00e4tt, Sven Hedin och morotspannkaka. <a class=\"continue-reading-link\" href=\"https:\/\/www.kultursidan.nu\/?p=36724\">L\u00e4s mer <span class=\"meta-nav\">&rarr; <\/span><\/a><\/p>\n","protected":false},"author":1001006,"featured_media":0,"comment_status":"closed","ping_status":"open","sticky":false,"template":"","format":"standard","meta":{"_jetpack_memberships_contains_paid_content":false,"footnotes":""},"categories":[7],"tags":[47],"class_list":["post-36724","post","type-post","status-publish","format-standard","hentry","category-norrkoping","tag-utstallning"],"jetpack_featured_media_url":"","jetpack_sharing_enabled":true,"_links":{"self":[{"href":"https:\/\/www.kultursidan.nu\/index.php?rest_route=\/wp\/v2\/posts\/36724","targetHints":{"allow":["GET"]}}],"collection":[{"href":"https:\/\/www.kultursidan.nu\/index.php?rest_route=\/wp\/v2\/posts"}],"about":[{"href":"https:\/\/www.kultursidan.nu\/index.php?rest_route=\/wp\/v2\/types\/post"}],"author":[{"embeddable":true,"href":"https:\/\/www.kultursidan.nu\/index.php?rest_route=\/wp\/v2\/users\/1001006"}],"replies":[{"embeddable":true,"href":"https:\/\/www.kultursidan.nu\/index.php?rest_route=%2Fwp%2Fv2%2Fcomments&post=36724"}],"version-history":[{"count":6,"href":"https:\/\/www.kultursidan.nu\/index.php?rest_route=\/wp\/v2\/posts\/36724\/revisions"}],"predecessor-version":[{"id":41343,"href":"https:\/\/www.kultursidan.nu\/index.php?rest_route=\/wp\/v2\/posts\/36724\/revisions\/41343"}],"wp:attachment":[{"href":"https:\/\/www.kultursidan.nu\/index.php?rest_route=%2Fwp%2Fv2%2Fmedia&parent=36724"}],"wp:term":[{"taxonomy":"category","embeddable":true,"href":"https:\/\/www.kultursidan.nu\/index.php?rest_route=%2Fwp%2Fv2%2Fcategories&post=36724"},{"taxonomy":"post_tag","embeddable":true,"href":"https:\/\/www.kultursidan.nu\/index.php?rest_route=%2Fwp%2Fv2%2Ftags&post=36724"}],"curies":[{"name":"wp","href":"https:\/\/api.w.org\/{rel}","templated":true}]}}