{"id":36748,"date":"2018-06-10T16:10:25","date_gmt":"2018-06-10T15:10:25","guid":{"rendered":"https:\/\/intelligent-friend-7861.standoutwp.com\/?p=36748"},"modified":"2019-03-25T20:50:05","modified_gmt":"2019-03-25T19:50:05","slug":"sjukt-rolig-teatersommar-i-hela-lanet","status":"publish","type":"post","link":"https:\/\/www.kultursidan.nu\/?p=36748","title":{"rendered":"Sjukt rolig teatersommar i hela l\u00e4net"},"content":{"rendered":"<p><a title=\"Den inbillade sjuke med Choopp Event, L\u00f6fstad slott\" href=\"https:\/\/www.flickr.com\/photos\/kultursidan\/40903060440\/in\/album-72157667932931827\/\"><img loading=\"lazy\" decoding=\"async\" src=\"https:\/\/farm2.staticflickr.com\/1760\/40903060440_dbb753c683.jpg\" alt=\"Den inbillade sjuke med Choopp Event, L\u00f6fstad slott\" width=\"500\" height=\"333\" \/><\/a><br \/>\n<em>Det svaga k\u00f6net. J\u00f6rgen Mulligans hypokondriker Argan lockar publiken till L\u00f6fstad slott under juni m\u00e5nad.<\/em><\/p>\n<p>&nbsp;<\/p>\n<h1><span style=\"color: #ff0000;\">N\u00e5gra pausar \u2013 Allt annat \u00e4r kvar!<\/span><\/h1>\n<p>&nbsp;<\/p>\n<p>\u00d6STERG\u00d6TLAND <strong>Teatersommaren b\u00f6rjar sjukt bra med J\u00f6rgen Mulligans hyllade comeback i <em>Den inbillade sjuke<\/em>.<\/strong> Sommarteater spelas b\u00e5de ute och inne, f\u00f6r b\u00e5de barn och vuxna. \u00c4ven om n\u00e5gra s\u00e4llskap st\u00e4ller sig p\u00e5 paus s\u00e5 finns det s\u00e5 det r\u00e4cker, fr\u00e5n bygdespel till opera.<\/p>\n<p>Barn- och familjepubliken hittar <em>Emil<\/em> i Norrk\u00f6ping, <em>Pelle Svansl\u00f6s <\/em>och<em> Askungen<\/em> i Link\u00f6ping, och <em>Sherlock Holmes<\/em>-musikal i Mj\u00f6lby. Dessutom v\u00e4nder sig stora delar av <em>Cirkusslottet<\/em> till en ung publik. Teater Tundra \u00e4r en helt ny akt\u00f6r som presenterar familjef\u00f6rest\u00e4llningen <em>Kampen om skogen<\/em> i Godeg\u00e5rd\u00a0 i Motala kommun.<\/p>\n<p><strong>I Norrk\u00f6pings kommun g\u00f6r Chopp Event ett inhopp p\u00e5 L\u00f6fstad slott medan G\u00f6ran Sarring pausar.<\/strong> Ett lyckokast. Publiken k\u00f6ar f\u00f6r att se J\u00f6rgen Mulligan i <em>Den inbillade sjuke<\/em>.<\/p>\n<p>Efter n\u00e5gra \u00e5rs fr\u00e5nvaro \u00e4r Gruvspelet i Finsp\u00e5ng tillbaka p\u00e5 scenen vid Gruvstugan i H\u00e4llestad. <em>Folklivsforskaren<\/em> heter \u00e5rets spel som skrivits p\u00e5 faktahistorisk grund av en manusgrupp.<\/p>\n<p><strong>Vad saknas?<\/strong> Vikblandsspelet pausar fr\u00e5n sommarspel, senast det begav sig var det h\u00f6strevy. Ett folklustspel var p\u00e5 g\u00e5ng i S\u00f6derk\u00f6ping men ensemblen drabbades av avhopp. Alvastra kr\u00f6nikespel tar paus p\u00e5 grund av ofullst\u00e4ndig styrelse. Och vad g\u00f6r Uffe Holmertz? Ingen sommarrevy som det verkar.<\/p>\n<p>&nbsp;<\/p>\n<p><a title=\"Folklivsforskaren med Gruvspelet, H\u00e4llestad\" href=\"https:\/\/www.flickr.com\/photos\/kultursidan\/41813589955\/in\/album-72157667932931827\/\"><img loading=\"lazy\" decoding=\"async\" src=\"https:\/\/farm2.staticflickr.com\/1754\/41813589955_601bc761b3.jpg\" alt=\"Folklivsforskaren med Gruvspelet, H\u00e4llestad\" width=\"500\" height=\"333\" \/><\/a><br \/>\n<em>H\u00e5ller f\u00f6r granskning. Nyskrivna Folklivsforskaren \u00e4r Gruvspelets upps\u00e4ttning i \u00e5r.<\/em><\/p>\n<p>&nbsp;<\/p>\n<p><strong>Allt annat \u00e4r kvar!<\/strong> H\u00e5ll tillgodo med folklustspel, opera, musikal, nycirkus och lite till \u00d6sterg\u00f6tland runt. Mer kan tillkomma i listan nedan. Tipsa g\u00e4rna!<\/p>\n<p><em>\u00a9 Text och foto: Ann-Charlotte Sandelin\u2028<\/em><\/p>\n<blockquote>\n<h4>TEATERSOMMAREN i \u00d6sterg\u00f6tland 2018<\/h4>\n<p>NORRK\u00d6PING<\/p>\n<p style=\"padding-left: 30px;\"><em>26 maj \u2013 21 juni\u2028<\/em><br \/>\n<strong>Den inbillade sjuke<\/strong><br \/>\nav Moli\u00e8re <a href=\"https:\/\/www.kultursidan.nu\/?p=36526\" target=\"_blank\" rel=\"noopener noreferrer\">reportage<\/a> <a href=\"https:\/\/www.kultursidan.nu\/?p=36632\" target=\"_blank\" rel=\"noopener noreferrer\">recension<\/a><br \/>\nG\u00e4stabudssalen, L\u00f6fstad slott<br \/>\nProd: Chopp <em>Event <\/em><em><a href=\"http:\/\/choppevent.se\" target=\"_blank\" rel=\"noopener noreferrer\">hemsida<\/a> <a href=\"https:\/\/www.facebook.com\/Chopp-Event-235897749758284\/?fref=ts\" target=\"_blank\" rel=\"noopener noreferrer\">Facebook<\/a><\/em><\/p>\n<p style=\"padding-left: 30px;\"><em>18\u201330 juni, 27 juli \u2013 26 augusti\u2028<\/em><br \/>\n<strong>Emil i L\u00f6nneberga\u00a0<\/strong>familjeteater med s\u00e5ng musik och dans<br \/>\nefter Astrid Lindgren <a href=\"https:\/\/www.kultursidan.nu\/?p=36862\" target=\"_blank\" rel=\"noopener noreferrer\">reportage<\/a> <a href=\"https:\/\/www.kultursidan.nu\/?p=36926\" target=\"_blank\" rel=\"noopener noreferrer\">recension<\/a><br \/>\nF\u00e4rgarg\u00e5rden<br \/>\nProd: Chopp <em>Event <\/em><em><a href=\"http:\/\/choppevent.se\" target=\"_blank\" rel=\"noopener noreferrer\">hemsida<\/a> <a href=\"https:\/\/www.facebook.com\/Chopp-Event-235897749758284\/?fref=ts\" target=\"_blank\" rel=\"noopener noreferrer\">Facebook<\/a><\/em><\/p>\n<p style=\"padding-left: 30px;\"><em>27 juni\u20135 juli, 28 juli \u2013 19 augusti\u2028<\/em><br \/>\n<strong>Gu\u2019 s\u00e5 klyschigt <\/strong><br \/>\nNyskriven musikalfars <a href=\"https:\/\/www.kultursidan.nu\/?p=36954\" target=\"_blank\" rel=\"noopener noreferrer\">reportage<\/a>\u00a0\u00a0<a href=\"https:\/\/www.kultursidan.nu\/?p=36988\" target=\"_blank\" rel=\"noopener noreferrer\">recension<\/a><br \/>\nF\u00e4rgarg\u00e5rden<br \/>\nProd: WAOW Production (Marcus Fyrberg och Clara Turd\u00e9n) <a href=\"https:\/\/www.facebook.com\/WAOWProduction\/\" target=\"_blank\" rel=\"noopener noreferrer\">Facebook<\/a><\/p>\n<p style=\"padding-left: 30px;\"><em>30 juni \u2013 21 juli\u2028<\/em><br \/>\n<strong>Grabbarna i 57:an<\/strong><br \/>\nfolklustspel av Gideon Wahlberg <a href=\"https:\/\/www.kultursidan.nu\/?p=36936\" target=\"_blank\" rel=\"noopener noreferrer\">reportage<\/a>\u00a0\u00a0<a href=\"https:\/\/www.kultursidan.nu\/?p=37014\" target=\"_blank\" rel=\"noopener noreferrer\">recension<\/a><br \/>\nKn\u00e4ppingsborg<br \/>\nProd: Kalbokultur <em><a href=\"http:\/\/kalbokultur.se\" target=\"_blank\" rel=\"noopener noreferrer\">hemsida<\/a> <a href=\"https:\/\/www.facebook.com\/kalbokultur\/\" target=\"_blank\" rel=\"noopener noreferrer\">Facebook<\/a><\/em><\/p>\n<p style=\"padding-left: 30px;\"><em>10\u201321 juli\u2028<\/em><br \/>\n<strong>Em@il &amp; k\u00e4rlek<br \/>\n<\/strong>lustspel av Anna Nyman <a href=\"https:\/\/www.kultursidan.nu\/?p=37173\" target=\"_blank\" rel=\"noopener noreferrer\"><em>recension<\/em><\/a><br \/>\nKvarnberget, ARK\u00d6SUND<br \/>\nProd: Ark\u00f6sunds friluftsteater <em><a href=\"http:\/\/www.arkosundsteatern.com\" target=\"_blank\" rel=\"noopener noreferrer\">hemsida<\/a> <a href=\"https:\/\/www.facebook.com\/arkosunds.friluftsteater?fref=ts\" target=\"_blank\" rel=\"noopener noreferrer\">Facebook<\/a><\/em><\/p>\n<p>PARKTEATER i Norrk\u00f6ping <a href=\"https:\/\/www.kultursidan.nu\/?p=37148\" target=\"_blank\" rel=\"noopener noreferrer\">lista<\/a><\/p>\n<p style=\"padding-left: 30px;\"><em><strong>Vilket v\u00e4der!<\/strong><\/em><br \/>\n<em>Teater Fenix<\/em><\/p>\n<p style=\"padding-left: 30px;\"><strong><em>Vad \u00e4r du bra p\u00e5?<\/em><\/strong><br \/>\n<em>Musikteater Gulasch<\/em><\/p>\n<p style=\"padding-left: 30px;\"><strong><em>V\u00e5r version av Askungen<\/em><\/strong><br \/>\n<em>Teater Imba<\/em><\/p>\n<p style=\"padding-left: 30px;\"><em><strong>Vem ska tr\u00f6sta Knyttet, Folket flyger, Molly Blom show, Sol\u00e4gget<\/strong><\/em><br \/>\n<em>Teater Pelikanen<br \/>\n<\/em><\/p>\n<p>FINSP\u00c5NG<\/p>\n<p style=\"padding-left: 30px;\"><em>2\u201310 juni<br \/>\n<\/em><strong>Folklivsforskaren<\/strong><br \/>\ndokument\u00e4rt bygdespel <a href=\"https:\/\/www.kultursidan.nu\/?p=36625\" target=\"_blank\" rel=\"noopener noreferrer\">reportage<\/a> <a href=\"https:\/\/www.kultursidan.nu\/?p=36689\" target=\"_blank\" rel=\"noopener noreferrer\">recension\u2028<\/a><br \/>\nGruvstugan, H\u00e4llestad<br \/>\nProd: Gruvspelet <a href=\"http:\/\/www.gruvspelet.se\/\" target=\"_blank\" rel=\"noopener noreferrer\">hemsida<\/a>\u00a0\u00a0<a href=\"https:\/\/www.facebook.com\/events\/1817321784992110\/\" target=\"_blank\" rel=\"noopener noreferrer\">FB-evenemang<\/a><\/p>\n<p style=\"padding-left: 30px;\"><em>10\u201319 augusti\u2028<\/em><br \/>\n<strong>Cirkusslottet<\/strong><br \/>\nNycirkusfestival f\u00f6r hela familjen med 10 svenska och utl\u00e4ndska cirkusakter<\/p>\n<p style=\"padding-left: 60px;\">Circus I love you <strong>Variet\u00e9<\/strong><br \/>\nSisus Sirkus <strong>Mosh Split<\/strong><br \/>\nSirqus Alfons <strong>I am Somebody<\/strong><br \/>\nHenrik &amp; Louise <strong>Extreme Symbiosis och Tv\u00e5<\/strong><br \/>\nLalla and The Amazing Other <strong>The High Life<\/strong><br \/>\nTutu Marques <strong>Tutu Cube Show<\/strong><br \/>\nM.P.A.C. <strong>Hairy Tales<\/strong><br \/>\n\u00d6stg\u00f6tateatern <strong>Inget kalas utan knas<\/strong><br \/>\nNorrk\u00f6pings Ungdomscirkus, Norrk\u00f6pings Cirkus &amp; Variet\u00e9 och Frisksport Ljungsbro samt clownen och komikern Angela Wand <strong>Variet\u00e9<\/strong><\/p>\n<p style=\"padding-left: 30px;\">Arr: Cirkusslottet Finsp\u00e5ng <a href=\"http:\/\/www.ostgotateatern.se\/pa-scen\/cirkusslottet\" target=\"_blank\" rel=\"noopener noreferrer\">hemsida<\/a> <a href=\"https:\/\/www.facebook.com\/Cirkusslottet\/?fref=ts\" target=\"_blank\" rel=\"noopener noreferrer\">Facebook<\/a><\/p>\n<p>S\u00d6DERK\u00d6PING<\/p>\n<p style=\"padding-left: 30px;\"><em>31 augusti \u2013 2 september<\/em><br \/>\n<strong>\u2028S\u00f6derk\u00f6pings G\u00e4stabud<\/strong><\/p>\n<p>\u00d6VRIGA L\u00c4NET i datumordning<\/p>\n<p style=\"padding-left: 30px;\"><em>20 maj \u2013 10 juni, 5 juli \u2013 12 augusti\u2028<\/em><br \/>\n<strong>Pelle Svansl\u00f6s<\/strong> efter G\u00f6sta Knutsson<br \/>\nFamiljef\u00f6rest\u00e4llning med musik och mystik<br \/>\nFolkparksteatern, Gamla Link\u00f6ping, LINK\u00d6PING<br \/>\nProd: Globengruppen, NBV \u00d6sterg\u00f6tland och Friluftsteatern\u00a0<a href=\"http:\/\/www.friluftsteatern.se\/\" target=\"_blank\" rel=\"noopener noreferrer\">hemsida<\/a><\/p>\n<p style=\"padding-left: 30px;\"><em>2\u201317 juni\u2028<\/em><br \/>\n<strong>Sherlock Holmes<\/strong><br \/>\nnyskriven barn- och familjemusikal, fr\u00e5n 6 \u00e5r<br \/>\nS\u00f6rby rundloge, MJ\u00d6LBY<br \/>\nProd: Svart\u00e5 Soffteater <a href=\"http:\/\/www.soffteater.se\" target=\"_blank\" rel=\"noopener noreferrer\"><em>hemsida<\/em><\/a><em>\u00a0 <a href=\"https:\/\/www.kultursidan.nu\/?p=31014https:\/\/www.facebook.com\/svartasoffteater\/\" target=\"_blank\" rel=\"noopener noreferrer\">Facebook<\/a> <\/em><\/p>\n<p style=\"padding-left: 30px;\"><em>30 juni \u2013 29 juli\u2028<\/em><br \/>\n<strong>Tv\u00e5 adelsm\u00e4n fr\u00e5n Verona <\/strong><a href=\"https:\/\/www.kultursidan.nu\/?p=37048\" target=\"_blank\" rel=\"noopener noreferrer\">recension<\/a><br \/>\nGr\u00e4sg\u00e5rden, VADSTENA<br \/>\nProd: Shakespeare p\u00e5 Gr\u00e4sg\u00e5rden <em><a href=\"http:\/\/shpg.se\/\" target=\"_blank\" rel=\"noopener noreferrer\">hemsida<\/a> <a href=\"https:\/\/www.facebook.com\/Shakespearepagrasgarden\/?fref=ts\" target=\"_blank\" rel=\"noopener noreferrer\">Facebook<\/a><\/em><\/p>\n<p style=\"padding-left: 30px;\"><em>2\u20138 juli\u2028<\/em><br \/>\n<strong>Askungen<\/strong><br \/>\nkort familjef\u00f6rest\u00e4llning\u2028<em>\/uppspel<\/em><br \/>\nH\u00e5llg\u00e5rdsscenen, Gamla Link\u00f6ping, LINK\u00d6PING<br \/>\nArr:\u00a0 Globengruppen\/Teaterns hus teaterskola <a href=\"http:\/\/teaternshus.se\/\" target=\"_blank\" rel=\"noopener noreferrer\">hemsida<\/a><\/p>\n<p style=\"padding-left: 30px;\"><em>5\u20138 juli\u2028<\/em><br \/>\n<strong>Riddartornet<\/strong><br \/>\nkammaropera<br \/>\nGamla Teatern, VADSTENA<br \/>\nProd: Vadstena-Akademien\u00a0<em><a href=\"http:\/\/www.vadstena-akademien.org\" target=\"_blank\" rel=\"noopener noreferrer\">hemsida<\/a> <a href=\"https:\/\/www.facebook.com\/VadstenaAkademien\/?fref=ts\" target=\"_blank\" rel=\"noopener noreferrer\">Facebook<\/a><\/em><\/p>\n<p style=\"padding-left: 30px;\"><em>12\u201322 juli\u2028<\/em><br \/>\n<strong>Fr\u00f6ken Julie \u2013 en galen historia\u2028<\/strong><br \/>\nVadstena Nya Teater, Vadstena<br \/>\nProd: Vadstena Nya Teater <em><a href=\"http:\/\/vadstenanyateater.se\/gallery\/marta-gift-soderberg\/\" target=\"_blank\" rel=\"noopener noreferrer\">hemsida<\/a> <a href=\"https:\/\/www.facebook.com\/VadstenaNyaTeater\" target=\"_blank\" rel=\"noopener noreferrer\">Facebook<\/a><\/em><\/p>\n<p style=\"padding-left: 30px;\"><em>20 juli \u2013 8 augusti<\/em><br \/>\n<strong>Solen och Nordstj\u00e4rnan<\/strong><br \/>\nOp\u00e9ra-ballet pour Louis XIV et Charles XII<br \/>\nBr\u00f6llopssalen, Vadstena slott, VADSTENA<br \/>\nProd: Vadstena-Akademien <em><a href=\"http:\/\/www.vadstena-akademien.org\" target=\"_blank\" rel=\"noopener noreferrer\">hemsida<\/a> <a href=\"https:\/\/www.facebook.com\/VadstenaAkademien\/?fref=ts\" target=\"_blank\" rel=\"noopener noreferrer\">Facebook<\/a><\/em><\/p>\n<p style=\"padding-left: 30px;\"><em>25 juli \u2013 11 augusti\u2028<\/em><br \/>\n<strong>Hurra f\u00f6r Tage!<\/strong><br \/>\nSommarrevy som hyllar 90-\u00e5ringen<br \/>\nFolkparksteatern, Gamla Link\u00f6ping, LINK\u00d6PING<br \/>\nArr: S\u00e4llskapet Tage Danielssons v\u00e4nner, NBV \u00d6sterg\u00f6tland och Kreativ partner <a href=\"https:\/\/www.visitostergotland.se\/sv\/evenemangskalender\/249909\/Hurra-for-Tage\/\" target=\"_blank\" rel=\"noopener noreferrer\">evenemang<\/a><\/p>\n<p style=\"padding-left: 30px;\"><em>11\u201326 augusti\u2028<\/em><br \/>\n<strong>B\u00e4ddat f\u00f6r Galenskap<\/strong><br \/>\nNyskrivet lustspel<br \/>\nLanderyds hembygdspark. LINK\u00d6PING<br \/>\nProd: Kulturakt\u00f6rerna <a href=\"http:\/\/www.kulturaktorerna.se\" target=\"_blank\" rel=\"noopener noreferrer\">hemsida<\/a> <a href=\"https:\/\/www.facebook.com\/kulturaktorerna\/\" target=\"_blank\" rel=\"noopener noreferrer\">Facebook<\/a><\/p>\n<p style=\"padding-left: 30px;\"><em>11\u201326 augusti\u2028<\/em><br \/>\n<strong>Trassliga aff\u00e4rer<\/strong><br \/>\nFolklustspel i 1950-talston<br \/>\nSmedstorp\/DHR, \u00c5TVIDABERG<br \/>\nProd: Teater Traska <a href=\"http:\/\/teatertraska.se\" target=\"_blank\" rel=\"noopener noreferrer\">hemsida<\/a> <a href=\"https:\/\/www.facebook.com\/teatertraska\/\" target=\"_blank\" rel=\"noopener noreferrer\">Facebook<\/a><\/p>\n<p style=\"padding-left: 30px;\"><em>18\u201325 augusti\u2028<\/em><br \/>\n<strong>Kampen om skogen<\/strong><br \/>\nFamiljef\u00f6rest\u00e4llning med skogens \u00e4lvor, djur, och trollet som flytt fr\u00e5n H\u00e4xans gruvor<br \/>\nGodeg\u00e5rds festplats, MOTALA<br \/>\nProd: Teater Tundra <a href=\"https:\/\/www.facebook.com\/teatertundra\/\" target=\"_blank\" rel=\"noopener noreferrer\">Facebook<\/a><\/p><\/blockquote>\n","protected":false},"excerpt":{"rendered":"<p>\u00d6STERG\u00d6TLAND Det b\u00f6rjar bra med J\u00f6rgen Mulligans hyllade comeback i Den inbillade sjuke. Sommarteatern spelas b\u00e5de ute och inne, f\u00f6r b\u00e5de barn och vuxna. \u00c4ven om n\u00e5gra s\u00e4llskap st\u00e4ller sig p\u00e5 paus s\u00e5 finns det s\u00e5 det r\u00e4cker, fr\u00e5n bygdespel till opera.  <a class=\"continue-reading-link\" href=\"https:\/\/www.kultursidan.nu\/?p=36748\">L\u00e4s mer <span class=\"meta-nav\">&rarr; <\/span><\/a><\/p>\n","protected":false},"author":1001006,"featured_media":0,"comment_status":"closed","ping_status":"open","sticky":false,"template":"","format":"standard","meta":{"_jetpack_memberships_contains_paid_content":false,"footnotes":""},"categories":[1],"tags":[37,101,31,11,12],"class_list":["post-36748","post","type-post","status-publish","format-standard","hentry","category-okategoriserade","tag-barnkultur","tag-cirkus","tag-musikal","tag-opera","tag-teater"],"jetpack_featured_media_url":"","jetpack_sharing_enabled":true,"_links":{"self":[{"href":"https:\/\/www.kultursidan.nu\/index.php?rest_route=\/wp\/v2\/posts\/36748","targetHints":{"allow":["GET"]}}],"collection":[{"href":"https:\/\/www.kultursidan.nu\/index.php?rest_route=\/wp\/v2\/posts"}],"about":[{"href":"https:\/\/www.kultursidan.nu\/index.php?rest_route=\/wp\/v2\/types\/post"}],"author":[{"embeddable":true,"href":"https:\/\/www.kultursidan.nu\/index.php?rest_route=\/wp\/v2\/users\/1001006"}],"replies":[{"embeddable":true,"href":"https:\/\/www.kultursidan.nu\/index.php?rest_route=%2Fwp%2Fv2%2Fcomments&post=36748"}],"version-history":[{"count":18,"href":"https:\/\/www.kultursidan.nu\/index.php?rest_route=\/wp\/v2\/posts\/36748\/revisions"}],"predecessor-version":[{"id":40840,"href":"https:\/\/www.kultursidan.nu\/index.php?rest_route=\/wp\/v2\/posts\/36748\/revisions\/40840"}],"wp:attachment":[{"href":"https:\/\/www.kultursidan.nu\/index.php?rest_route=%2Fwp%2Fv2%2Fmedia&parent=36748"}],"wp:term":[{"taxonomy":"category","embeddable":true,"href":"https:\/\/www.kultursidan.nu\/index.php?rest_route=%2Fwp%2Fv2%2Fcategories&post=36748"},{"taxonomy":"post_tag","embeddable":true,"href":"https:\/\/www.kultursidan.nu\/index.php?rest_route=%2Fwp%2Fv2%2Ftags&post=36748"}],"curies":[{"name":"wp","href":"https:\/\/api.w.org\/{rel}","templated":true}]}}