{"id":3678,"date":"2011-12-16T21:59:41","date_gmt":"2011-12-16T20:59:41","guid":{"rendered":"https:\/\/intelligent-friend-7861.standoutwp.com\/?p=3678"},"modified":"2015-02-26T11:43:42","modified_gmt":"2015-02-26T10:43:42","slug":"kommunens-nya-konst-for-deposition-visas-pa-galleri-kronan","status":"publish","type":"post","link":"https:\/\/www.kultursidan.nu\/?p=3678","title":{"rendered":"Kommunens nya konst f\u00f6r deposition visas p\u00e5 Galleri Kronan"},"content":{"rendered":"<p><iframe loading=\"lazy\" src=\"https:\/\/www.flickr.com\/photos\/kultursidan\/6521769431\/in\/set-72157628446010737\/player\/\" width=\"500\" height=\"333\" frameborder=\"0\" allowfullscreen=\"allowfullscreen\"><\/iframe><br \/>\n<em>Personlig favorit bland \u00e5rets ink\u00f6p. Lars Ove \u00d6stensson vid Korridoren, ett konstfoto av Linda Andersson.<\/em><\/p>\n<p>&nbsp;<\/p>\n<h1><span style=\"color: #ff0000;\">Offentlig konst b\u00e5de uppr\u00f6r och ber\u00f6r<\/span><\/h1>\n<p>&nbsp;<\/p>\n<p><strong>\u2013 Den h\u00e4r tavlan har redan en historia. Den h\u00e4ngde p\u00e5 ett \u00e4ldreboende och personalen tyckte att den var lite ot\u00e4ck.<\/strong> N\u00e4r jag tagit ner den och skulle g\u00e5 iv\u00e4g kom en \u00e4ldre man med rullator och undrade om det var jag som gjort den. Han tyckte att den var v\u00e4ldigt fin.<\/p>\n<p>Konstintendenten Lars Ove \u00d6stenssons uppdrag \u00e4r att k\u00f6pa in konst till Norrk\u00f6pings kommun. Det \u00e4r verk som placeras i sammantr\u00e4desrum, samlingssalar, tj\u00e4nsterum, \u00e4ldreboenden, kort sagt allehanda offentliga utrymmen. Det \u00e4r inte museikonst utan verk som ska t\u00e5la att titta p\u00e5 l\u00e4nge, f\u00f6r oftast h\u00e4nger den p\u00e5 samma plats under m\u00e5nga \u00e5r.<\/p>\n<p><strong>Genom \u00e5ren har han l\u00e4rt sig att om konst har m\u00e5nga en \u00e5sikt.<\/strong> Detta har Konstmuseet och Galleri Kronan tagit fasta p\u00e5 i utst\u00e4llningen <em>DepoN \u2013 konst som uppr\u00f6r och ber\u00f6r<\/em>. Fr\u00e4msta syftet \u00e4r f\u00f6rst\u00e5s att visa upp konsten f\u00f6r allm\u00e4nheten och s\u00e4rskilt f\u00f6r kommunens personal som \u00e4r ute efter n\u00e5got nytt till sin arbetsplats, f\u00f6r den ink\u00f6pta konsten vill bli adopterad eller deponerad som det heter.<\/p>\n<p>Men under utst\u00e4llningen vill ocks\u00e5 man samla in fler ber\u00e4ttelser om den deponerade konsten. Lars Ove \u00d6stensson tycker det \u00e4r roligt n\u00e4r han som kommer fr\u00e5n \u201dkonstv\u00e4rlden\u201d \u00e4r ute i \u201dvardagsv\u00e4rlden\u201d.<\/p>\n<p>\u2013 Det har h\u00e4nt att jag st\u00f6tt p\u00e5 personer som inte \u00e4r konstintresserade men som m\u00f6tt ett verk som de sm\u00e4lter inf\u00f6r och tar till sig utan att kunna f\u00f6rklara.<\/p>\n<p>P\u00e5 Galleri Kronan h\u00e4nger m\u00e5nga av de verk han k\u00f6pt in till kommunen under \u00e5ret. H\u00e4r finns ocks\u00e5 n\u00e5gra verk som h\u00e4ngt med lite l\u00e4ngre men som av n\u00e5gon anledning \u00e5terl\u00e4mnats, som Pasi Tammis <em>Guds s\u00f6ta frukt utfordrad \u00e5t dj\u00e4vulen<\/em>, en dramatiskt m\u00e5lning med en delad kropp i ett blodr\u00f6tt t\u00f6cken.<\/p>\n<p><strong>Verken hittar han p\u00e5 utst\u00e4llningar i och utanf\u00f6r Norrk\u00f6ping, men han g\u00f6r g\u00e4rna bes\u00f6k i hemma i konstn\u00e4rsatelj\u00e9erna.<\/strong> K\u00f6per Lars Ove \u00d6stensson\u00a0 bara in konst som han sj\u00e4lv tycker om till kommunen?<\/p>\n<p>\u2013 Det m\u00e5ste inte vara just konst i min egen smak men det m\u00e5ste vara konst med kvalitet. \u201d\u00c5t folket \u00e4r endast det b\u00e4sta gott nog\u201d, citerar han Aron Borelius, Konstmuseets allra f\u00f6rste chef.<\/p>\n<p>Och nog har alla konstverk, \u00e4ven de nyink\u00f6pta, en historia. Konstintendenten talar engagerat om det fina tuschtecknandet i Erik Perssons <em>Dockor<\/em>, eller Agneta \u00d6stlunds <em>Looking through<\/em>, en m\u00e5lad monotypi vars ursprung \u00e4r fotot av vyn inifr\u00e5n en hotellfoaj\u00e9 ut mot gatan i New York.<\/p>\n<p><strong>Deponikonst har sina begr\u00e4nsningar.<\/strong> Det blir inte helt l\u00e4tt att hitta den v\u00e4gg som rymmer Peter Freudenthals vackra djupbl\u00e5 <em>Kulknappen<\/em>. D\u00e5 \u00e4r bortg\u00e5ngne konstn\u00e4ren Corneilles f\u00e4rgglada skulptur <em>Cat<\/em> mer l\u00e4ttplacerad. Den \u00e4r fr\u00e5n konstn\u00e4rens storhetstid, kanske fr\u00e5n 1960-talet.<\/p>\n<p>\u2013 Det \u00e4r inte i v\u00e5r samtidskonsts framkant. Det \u00e4r det mycket h\u00e4r som inte \u00e4r. Men det \u00e4r \u00e4nd\u00e5 av god kvalitet.<\/p>\n<p>Lars Ove \u00d6stensson pekar ut n\u00e5gra verk som \u00e4r \u00e4ldre, eller som \u00e4r m\u00e5lade av en konstn\u00e4r som \u00e4n idag m\u00e5lar i samma stil som p\u00e5 1970-talet. Han hittar ocks\u00e5 ett verk som enligt hans mening andas nu och samtid, Maria Svenssons <em>Atacama<\/em> med gula streck och vita rundlar i ett dramatiskt m\u00f6rkt landskap.<\/p>\n<p>\u2013 Den h\u00e4r dystopiska bilden av en konstn\u00e4r som fortfarande utbildar sig visar p\u00e5 m\u00e5leriets \u00e5terkomst.<\/p>\n<p><strong>Men hur vet man om konsten passar p\u00e5 jobbet?<\/strong> Carin Fahl\u00e9n, ocks\u00e5 hon p\u00e5 Konstmuseet, har kl\u00e4ckt id\u00e9n om Verkstad i galleriets minsta rum. M\u00f6blerat som kontor med skrivbord och lampa v\u00e4lkomnar man alla bes\u00f6kare att provh\u00e4nga tavlor p\u00e5 de vita v\u00e4ggarna, sl\u00e5 sig ner vid skrivbordet och begrunda. Och skulle den utst\u00e4llda konsten inte r\u00e4cka s\u00e5 finns en uppsj\u00f6 av reproduktioner och \u00e4ldre original att v\u00e4lja mellan. Vill man ha Van Goghs <em>Solrosor<\/em> s\u00e5 kan man f\u00e5 h\u00e4r i Verkstan. Fast inte \u00e4kta.<\/p>\n<p><em>Text och foto: Ann-Charlotte Sandelin<\/em><\/p>\n<p>&nbsp;<\/p>\n<ul>\n<li>\n<h3>GALLERI KRONAN Norrk\u00f6ping<\/h3>\n<\/li>\n<li><em>17 december 2011 \u2013 4 januari 2012<\/em><br \/>\n<strong>DepoN \u2013 konst som uppr\u00f6r och ber\u00f6r<\/strong><br \/>\nNorrk\u00f6pings konstmuseum visar deponikonst<\/li>\n<li><strong>Verkstad<\/strong><br \/>\nmed Pia Alfredsson, illustrat\u00f6r<\/li>\n<\/ul>\n<p>&nbsp;<\/p>\n<p>L\u00c4NKAR<br \/>\nNorrk\u00f6pings konstmuseum <a title=\"Konstmuseet\" href=\"http:\/\/www.norrkoping.se\/kultur-fritid\/museer\/konstmuseum\/\" target=\"_blank\">hemsida<\/a><br \/>\nGalleri Kronan <a title=\"Galleri Kronan\" href=\"http:\/\/www.gallerikronan.se\/\" target=\"_blank\">hemsida<\/a><\/p>\n<p>BILDSPEL (FLASH) \u2013 KLICKA P\u00c5 BILDEN <em><br \/>\nALT\/MOBIL: SE BILDSPELET <a title=\"Bildspel\" href=\"https:\/\/www.flickr.com\/photos\/kultursidan\/sets\/72157628446010737\/show\/\" target=\"_blank\">H\u00c4R<\/a><\/em><br \/>\n<object width=\"400\" height=\"300\"><param name=\"flashvars\" value=\"offsite=true&amp;lang=en-us&amp;page_show_url=%2Fphotos%2Fkultursidan%2Fsets%2F72157628446010737%2Fshow%2F&amp;page_show_back_url=%2Fphotos%2Fkultursidan%2Fsets%2F72157628446010737%2F&amp;set_id=72157628446010737&amp;jump_to=\" \/><param name=\"movie\" value=\"https:\/\/www.flickr.com\/apps\/slideshow\/show.swf?v=1811922554\" \/><param name=\"allowFullScreen\" value=\"true\" \/><\/object><\/p>\n","protected":false},"excerpt":{"rendered":"<p>NORRK\u00d6PING Under \u00e5ret har Norrk\u00f6pings kommun som vanligt k\u00f6pt in en rad konstverk som vill hitta nya hem ute p\u00e5 arbetsplatser och \u00e4ldreboenden. Nu har Konstmuseet f\u00f6rlagt utst\u00e4llningen DepoN till ett galleri och bjuder in till verkstad med tavelprovning.  <a class=\"continue-reading-link\" href=\"https:\/\/www.kultursidan.nu\/?p=3678\">L\u00e4s mer <span class=\"meta-nav\">&rarr; <\/span><\/a><\/p>\n","protected":false},"author":1001006,"featured_media":0,"comment_status":"closed","ping_status":"open","sticky":false,"template":"","format":"standard","meta":{"_jetpack_memberships_contains_paid_content":false,"footnotes":""},"categories":[7],"tags":[14],"class_list":["post-3678","post","type-post","status-publish","format-standard","hentry","category-norrkoping","tag-konst"],"jetpack_featured_media_url":"","jetpack_sharing_enabled":true,"_links":{"self":[{"href":"https:\/\/www.kultursidan.nu\/index.php?rest_route=\/wp\/v2\/posts\/3678","targetHints":{"allow":["GET"]}}],"collection":[{"href":"https:\/\/www.kultursidan.nu\/index.php?rest_route=\/wp\/v2\/posts"}],"about":[{"href":"https:\/\/www.kultursidan.nu\/index.php?rest_route=\/wp\/v2\/types\/post"}],"author":[{"embeddable":true,"href":"https:\/\/www.kultursidan.nu\/index.php?rest_route=\/wp\/v2\/users\/1001006"}],"replies":[{"embeddable":true,"href":"https:\/\/www.kultursidan.nu\/index.php?rest_route=%2Fwp%2Fv2%2Fcomments&post=3678"}],"version-history":[{"count":0,"href":"https:\/\/www.kultursidan.nu\/index.php?rest_route=\/wp\/v2\/posts\/3678\/revisions"}],"wp:attachment":[{"href":"https:\/\/www.kultursidan.nu\/index.php?rest_route=%2Fwp%2Fv2%2Fmedia&parent=3678"}],"wp:term":[{"taxonomy":"category","embeddable":true,"href":"https:\/\/www.kultursidan.nu\/index.php?rest_route=%2Fwp%2Fv2%2Fcategories&post=3678"},{"taxonomy":"post_tag","embeddable":true,"href":"https:\/\/www.kultursidan.nu\/index.php?rest_route=%2Fwp%2Fv2%2Ftags&post=3678"}],"curies":[{"name":"wp","href":"https:\/\/api.w.org\/{rel}","templated":true}]}}