{"id":36954,"date":"2018-06-26T20:51:42","date_gmt":"2018-06-26T19:51:42","guid":{"rendered":"https:\/\/intelligent-friend-7861.standoutwp.com\/?p=36954"},"modified":"2019-03-23T19:07:30","modified_gmt":"2019-03-23T18:07:30","slug":"gu-sa-klyschigt-det-blir-pa-fargargarden","status":"publish","type":"post","link":"https:\/\/www.kultursidan.nu\/?p=36954","title":{"rendered":"Gu\u2019 s\u00e5 klyschigt det blir p\u00e5 F\u00e4rgarg\u00e5rden"},"content":{"rendered":"<p><a title=\"Marcus Fyrberg\" href=\"https:\/\/www.flickr.com\/photos\/kultursidan\/41216076000\/in\/album-72157695247764422\/\"><img loading=\"lazy\" decoding=\"async\" src=\"https:\/\/farm2.staticflickr.com\/1840\/41216076000_65eeb036c8.jpg\" alt=\"Marcus Fyrberg\" width=\"500\" height=\"333\" \/><\/a><br \/>\n<em>Fyndplats. F\u00e4rgarg\u00e5rden f\u00f6rvandlas till en sk\u00e4rg\u00e5rds\u00f6 om kv\u00e4llarna i sommar n\u00e4r Marcus Fyrberg s\u00e4tter upp sommarl\u00e4tta musikalen Gu&#8217; s\u00e5 klyschigt. Bara f\u00f6r att han f\u00f6ljer hj\u00e4rtats lust.<br \/>\n<\/em><\/p>\n<p>&nbsp;<\/p>\n<h1><span style=\"color: #ff0000;\">Hantverkare f\u00f6r kropp &amp; kostym<\/span><\/h1>\n<p>&nbsp;<\/p>\n<p>NORRK\u00d6PING <strong>\u201dJag kan utforska saker p\u00e5 scenen.\u201d<\/strong> S\u00e4ger Jonas Johansson som spelar unge Carl Qvist i <em>Gu\u2019 s\u00e5 klyschigt<\/em> som spelas p\u00e5 F\u00e4rgarg\u00e5rden i sommar. Marcus Fyrberg har skrivit \u00e5rets sommarn\u00f6je som inneh\u00e5ller s\u00e5ng, dans och v\u00e4ldigt mycket humor.<\/p>\n<p><strong>Det \u00e4r som att F\u00e4rgarg\u00e5rden har sv\u00e4ngd\u00f6rrar i sommar.<\/strong> Knappt st\u00e4nger Stadsmuseets friluftsmuseum f\u00f6r dagen n\u00e4r Chopp Events Emil i L\u00f6nneberga g\u00f6r sina hyss. Knappt halas Ida ner fr\u00e5n flaggst\u00e5ngen i Katthult f\u00f6rr\u00e4n Waow Productions pensionatet Sk\u00e4rg\u00e5rdsruffen tar emot f\u00f6rsta sommarg\u00e4sten.<\/p>\n<p>P\u00e5 tal om sv\u00e4ngd\u00f6rrar, m\u00e5tte F\u00e4rgeribodens inre rum ha snabba s\u00e5dana. Marcus Fyrberg och Jonas Johansson m\u00e5ste n\u00e4mligen ladda om fr\u00e5n en timme till n\u00e4sta n\u00e4r dr\u00e4ngen Alfred ska bli stilige spanjoren\u00a0Rodrigo Fernandez Julio della Garcia Freza och busen Bulten i Bo bli en timid och f\u00f6rsiktig ung Carl Qvist.<\/p>\n<p>&nbsp;<\/p>\n<p><a title=\"Ensemblen\" href=\"https:\/\/www.flickr.com\/photos\/kultursidan\/41216076570\/in\/album-72157695247764422\/\"><img loading=\"lazy\" decoding=\"async\" src=\"https:\/\/farm2.staticflickr.com\/1833\/41216076570_18ae0cd94f.jpg\" alt=\"Ensemblen\" width=\"500\" height=\"333\" \/><\/a><br \/>\n<em>Mellanaktspaus. Sk\u00e5despelarna kommer ut fr\u00e5n F\u00e4rgarg\u00e5rdens &#8221;kulisser&#8221;. N\u00e5gon m\u00e5ste ha hj\u00e4lp med ljudelektroniken. Fler \u00e4n Carina Perenkranz stoltserar med tjusiga peruker.<\/em><\/p>\n<p>&nbsp;<\/p>\n<p><strong>Carina Perenkranz har det lite enklare.<\/strong> Hon spelar inte med i <em>Emil<\/em> \u00e4ven om hon som regiss\u00f6r och producent f\u00f6r Chopp Event \u00e4r med p\u00e5 varje f\u00f6rest\u00e4llning. H\u00e4r slipper hon t\u00e4nka p\u00e5 allt runtomkring och bara kliva in i rollen som pensionatv\u00e4rdinnan Ahlla, som f\u00f6rs\u00f6ker komma p\u00e5 ett bra s\u00e4tt att f\u00e5 in mer pengar i r\u00f6relsen. D\u00f6ttrarna borde v\u00e4l kunna bidra lite mer\u2026<\/p>\n<p><strong>Efter sommarmusikalerna i Gubbens tr\u00e4dg\u00e5rd flyttar Marcus Fyrberg (och sambon Clara Turd\u00e9n som utg\u00f6r andra halvan i Waow Production) allts\u00e5 in i F\u00e4rgarg\u00e5rden.<\/strong> <em>Gu\u2019 s\u00e5 klyschigt<\/em> heter spektaklet som utlovar mycket s\u00e5ng, dans och humor.<\/p>\n<p>\u2013 Namnet vinkar till \u00d6sterg\u00f6tland och \u00e4r l\u00e4tt att bygga forts\u00e4ttning p\u00e5, s\u00e4ger Marcus Fyrberg och t\u00e4nker p\u00e5 Gubbens tr\u00e4dg\u00e5rd som fick agera hotell ena sommaren och arm\u00e9 n\u00e4sta.<\/p>\n<p><strong>Och s\u00e5 var det det d\u00e4r med klyschorna\u2026<\/strong><\/p>\n<p>\u2013 Jag skulle s\u00e4ga att den h\u00e4r f\u00f6rest\u00e4llningar har alla klyschor man kan t\u00e4nka sig, forts\u00e4tter han och ber\u00e4ttar om personf\u00f6rv\u00e4xlingar, ung k\u00e4rlek, alkoholromantik, en sj\u00f6man och en eldig spanjor.<\/p>\n<p>&nbsp;<\/p>\n<p><a title=\"Jonas Johansson\" href=\"https:\/\/www.flickr.com\/photos\/kultursidan\/43026494701\/in\/album-72157695247764422\/\"><img loading=\"lazy\" decoding=\"async\" src=\"https:\/\/farm2.staticflickr.com\/1766\/43026494701_8479ee1b31.jpg\" alt=\"Jonas Johansson\" width=\"500\" height=\"333\" \/><\/a><br \/>\n<em>\u2013 Om jag inte blir sk\u00e5despelare s\u00e5 blir jag filosof, s\u00e4ger Jonas Johansson. I sommar handlar det i alla fall om teater, \u00e4ven om han funderar mycket kring roller och gestaltning. Och vad det \u00e4r att vara m\u00e4nniska.<\/em><\/p>\n<p>&nbsp;<\/p>\n<p><strong>Den unga k\u00e4rleken, det m\u00e5ste vara Jonas Johansson som \u00e4r den manliga parten i det spelet.<\/strong> Nu ska han ta mod till sig.<\/p>\n<p>\u2013 Carl \u00e4r en blyg pojke som kommer till sk\u00e4rg\u00e5rds\u00f6n f\u00f6r att tr\u00e4ffa Sofi som han brevv\u00e4xlat med l\u00e4nge. \u00c4ntligen f\u00e5r jag spela en komisk roll som \u00e4r ganska lik mig sj\u00e4lv, s\u00e4ger Jonas Johansson.<\/p>\n<p><strong>21-\u00e5ringen Jonas Johansson har skaffat sig stor teatererfarenhet genom \u00e5ren, fr\u00e4mst inom det komiska facket h\u00e4r i Norrk\u00f6ping.<\/strong> I \u00e5r har han g\u00e5tt p\u00e5 Calle Flygares teaterskola i Stockholm och f\u00f6rdjupat kunskaperna. Att st\u00e5 p\u00e5 scenen inf\u00f6r kamraterna och spela upp en monolog av Shakespeare utan att vara minsta rolig gav en sk\u00f6n k\u00e4nsla.<\/p>\n<p>\u2013 Jag s\u00f6kte mig till teatern f\u00f6r att synas och k\u00e4nna v\u00e4rde i en roll, bli accepterad f\u00f6r det jag gjorde, s\u00e4ger han om b\u00f6rjan p\u00e5 sin teaterresa f\u00f6r s\u00e5d\u00e4r en tio \u00e5r sedan.<\/p>\n<p><strong>Han har bland mycket annat spelat polisen Klang och piraten Jocke med Kniven i Chopp Events Pippiupps\u00e4ttningar.<\/strong> Komiska roller som lockar till skratt. I <em>Emil i L\u00f6nneberga<\/em> spelar han busen Bulten i Bo, han som muckar gr\u00e4l vid auktionen i Backhorva.<\/p>\n<p>\u2013 Kan jag g\u00f6ra honom utan att bara g\u00f6ra ett fyllo? Det vi uppfattar som trov\u00e4rdigt \u00e4r schabloner. \u00c4r det typen eller situationen vi skrattar \u00e5t, resonerar Jonas Johansson som tackar sin mentor Dramatensk\u00e5despelaren Erik Ehn f\u00f6r f\u00f6rdjupade kunskaper i teaterkonsten.<\/p>\n<p>\u2013 Jag har l\u00e4rt mig hur brett sk\u00e5despeleriet \u00e4r. Jag kan utforska repliker och kroppen p\u00e5 olika s\u00e4tt. Nu \u00e4r jag mer en hantverkare som pr\u00f6var hur kroppen l\u00e4ses.<\/p>\n<p><strong>Att spela Carl Qvist \u00e4r att kliva in i en st\u00f6rre roll.<\/strong> Nu ska han fr\u00e4mst f\u00f6rh\u00e5lla sig till Jaana Salos Sofi och Peter Mattssons Gubben Carlqvist. Det \u00e4r fortfarande humor, men av en annan, lite mildare sort.<\/p>\n<p>\u2013 Jag k\u00e4nner mig fri p\u00e5 scenen f\u00f6r d\u00e4r kan jag g\u00f6ra saker jag inte kan g\u00f6ra annars. I teatern och konsten kan man bryta is\u00e4r normer, filosoferar Jonas Johansson.<\/p>\n<p>&nbsp;<\/p>\n<p><a title=\"Koreografi\" href=\"https:\/\/www.flickr.com\/photos\/kultursidan\/41216076770\/in\/album-72157695247764422\/\"><img loading=\"lazy\" decoding=\"async\" src=\"https:\/\/farm2.staticflickr.com\/1769\/41216076770_8e90b628ab.jpg\" alt=\"Koreografi\" width=\"500\" height=\"333\" \/><\/a><br \/>\n<em>Ohoj! Marcus Fyrberg st\u00e5r inte bara bakom dansarna, han har \u00e4ven sytt de m\u00e5nga kostymerna. Fr\u00e5n v\u00e4nster Ida Friberg, Alva Turd\u00e9n, Lisen K\u00e4lvehed och Alva Gr\u00f6nkvist.<\/em><\/p>\n<p>&nbsp;<\/p>\n<p><strong>Den unge Carl Qvist b\u00e4r en ljust vinr\u00f6d kostym med prydlig slips.<\/strong> Signerad m\u00e5ngbeg\u00e5vade Marcus Fyrberg som hoppas att publiken ska se hantverket n\u00e4r dansare och musikartister byter om inf\u00f6r i stort sett varje scen.<\/p>\n<p>\u2013 Jag har sytt j\u00e4ttemycket p\u00e5 kostymerna, det \u00e4r 70 stycken. Och peruker till alla. Jag \u00e4r s\u00e5 glad att jag kan g\u00f6ra det h\u00e4r. Jag f\u00f6ljer hj\u00e4rtats lust, avslutar Marcus Fyrberg.<\/p>\n<p><em>\u00a9 Text och foto: Ann-Charlotte Sandelin<\/em><\/p>\n<p>BILDSPEL \u2013 KLICKA P\u00c5 BILDENS PILAR<\/p>\n<p><a data-flickr-embed='true' href='https:\/\/www.flickr.com\/photos\/kultursidan\/albums\/72157695247764422' title='Gu&#039; s\u00e5 klyschigt F\u00d6RH, WAOW Production 2018 by Kultursidan, on Flickr'><img src='https:\/\/live.staticflickr.com\/1824\/41216076910_4e4db9912d_z.jpg' width='800' height='600' alt='Clara Turd\u00e9n'><\/a><script async src='https:\/\/embedr.flickr.com\/assets\/client-code.js' charset='utf-8'><\/script><\/p>\n<blockquote>\n<h4><em>F\u00c4RGARG\u00c5RDEN Norrk\u00f6ping<\/em><\/h4>\n<p>27 juni\u20135 juli, 28 juli\u201319 augusti 2018<br \/>\n<strong><em>Gu\u2019 s\u00e5 klyschigt<\/em><\/strong><br \/>\n<em>Sommarmusikal<\/em><br \/>\n<em>Manus, regi, kostym: Marcus Fyrberg<\/em><br \/>\n<em>Koreografi: Marcus Fyrberg och Susanna Karlsson<\/em><br \/>\n<em>Prod: Clara Turd\u00e9n\/Waow Production<\/em><\/p>\n<p style=\"padding-left: 30px;\"><em>MEDVERKANDE<\/em><br \/>\n<em>Carina Perenkranz \u2013 Ahlla, v\u00e4rdinna<\/em><br \/>\n<em>Peter Mattsson \u2013 Gubben Carlqvist<\/em><br \/>\n<em>Jaana Salo \u2013 Sofi<\/em><br \/>\n<em>Jonas Johansson \u2013 Carl Qvist<\/em><br \/>\n<em>Susanna Karlsson \u2013 Ann<\/em><br \/>\n<em>Marcus Fyrberg \u2013 Rodrigo Fernandez Julio della Garcia Freza<\/em><br \/>\n<em>Alva Turd\u00e9n \u2013 Johanna och dansare<\/em><br \/>\n<em>Alva Gr\u00f6nkvist \u2013 dansare<\/em><br \/>\n<em>Ida Friberg \u2013 dansare<\/em><br \/>\n<em>Lisen K\u00e4lvehed \u2013 dansare<\/em><\/p>\n<\/blockquote>\n<p>L\u00c4NKAR<br \/>\nWaow Production <a href=\"https:\/\/www.facebook.com\/WAOWProduction\/\" target=\"_blank\" rel=\"noopener noreferrer\">Facebook<\/a> <a href=\"https:\/\/www.facebook.com\/events\/349378985584541\/\" target=\"_blank\" rel=\"noopener noreferrer\">FB-evenemang<\/a><br \/>\nGu&#8217; s\u00e5 klyschigt charmant bagatell <a href=\"https:\/\/www.kultursidan.nu\/?p=36988\" target=\"_blank\" rel=\"noopener noreferrer\">recension<\/a> Kultursidan.nu 30\/6 2018<br \/>\nSjukt rolig teatersommar i hela l\u00e4net <a href=\"https:\/\/www.kultursidan.nu\/?p=36748\" target=\"_blank\" rel=\"noopener noreferrer\">listan<\/a> Kultursidan.nu 10\/6 2018<\/p>\n","protected":false},"excerpt":{"rendered":"<p>NORRK\u00d6PING Jag kan utforska saker p\u00e5 scenen. S\u00e4ger Jonas Johansson som spelar unge Carl Qvist i Gu\u2019 s\u00e5 klyschigt som spelas p\u00e5 F\u00e4rgarg\u00e5rden i sommar. Marcus Fyrberg har skrivit \u00e5rets sommarn\u00f6je som inneh\u00e5ller s\u00e5ng, dans och v\u00e4ldigt mycket humor. <a class=\"continue-reading-link\" href=\"https:\/\/www.kultursidan.nu\/?p=36954\">L\u00e4s mer <span class=\"meta-nav\">&rarr; <\/span><\/a><\/p>\n","protected":false},"author":1001006,"featured_media":0,"comment_status":"closed","ping_status":"open","sticky":false,"template":"","format":"standard","meta":{"_jetpack_memberships_contains_paid_content":false,"footnotes":""},"categories":[7],"tags":[27,12],"class_list":["post-36954","post","type-post","status-publish","format-standard","hentry","category-norrkoping","tag-komedi","tag-teater"],"jetpack_featured_media_url":"","jetpack_sharing_enabled":true,"_links":{"self":[{"href":"https:\/\/www.kultursidan.nu\/index.php?rest_route=\/wp\/v2\/posts\/36954","targetHints":{"allow":["GET"]}}],"collection":[{"href":"https:\/\/www.kultursidan.nu\/index.php?rest_route=\/wp\/v2\/posts"}],"about":[{"href":"https:\/\/www.kultursidan.nu\/index.php?rest_route=\/wp\/v2\/types\/post"}],"author":[{"embeddable":true,"href":"https:\/\/www.kultursidan.nu\/index.php?rest_route=\/wp\/v2\/users\/1001006"}],"replies":[{"embeddable":true,"href":"https:\/\/www.kultursidan.nu\/index.php?rest_route=%2Fwp%2Fv2%2Fcomments&post=36954"}],"version-history":[{"count":8,"href":"https:\/\/www.kultursidan.nu\/index.php?rest_route=\/wp\/v2\/posts\/36954\/revisions"}],"predecessor-version":[{"id":40792,"href":"https:\/\/www.kultursidan.nu\/index.php?rest_route=\/wp\/v2\/posts\/36954\/revisions\/40792"}],"wp:attachment":[{"href":"https:\/\/www.kultursidan.nu\/index.php?rest_route=%2Fwp%2Fv2%2Fmedia&parent=36954"}],"wp:term":[{"taxonomy":"category","embeddable":true,"href":"https:\/\/www.kultursidan.nu\/index.php?rest_route=%2Fwp%2Fv2%2Fcategories&post=36954"},{"taxonomy":"post_tag","embeddable":true,"href":"https:\/\/www.kultursidan.nu\/index.php?rest_route=%2Fwp%2Fv2%2Ftags&post=36954"}],"curies":[{"name":"wp","href":"https:\/\/api.w.org\/{rel}","templated":true}]}}