{"id":37075,"date":"2018-07-04T16:40:38","date_gmt":"2018-07-04T15:40:38","guid":{"rendered":"https:\/\/intelligent-friend-7861.standoutwp.com\/?p=37075"},"modified":"2019-03-13T19:28:27","modified_gmt":"2019-03-13T18:28:27","slug":"jan-ake-sallermo-aktuell-i-harmynten","status":"publish","type":"post","link":"https:\/\/www.kultursidan.nu\/?p=37075","title":{"rendered":"Jan-\u00c5ke Sallermo aktuell i Harmynten"},"content":{"rendered":"<p><a title=\"Harmynten\" href=\"https:\/\/www.flickr.com\/photos\/kultursidan\/33494200188\/in\/album-72157707550265894\/\"><img loading=\"lazy\" decoding=\"async\" class=\"alignnone size-medium wp-image-37076\" src=\"https:\/\/www.kultursidan.nu\/wp-content\/uploads\/2018\/07\/HarmyntenVIT-567x425.jpg\" alt=\"\" width=\"567\" height=\"425\" \/><\/a><br \/>\n<em>Jan-\u00c5ke Sallermo tar upp aktuell problematik i Harmynten.<\/em><\/p>\n<p>&nbsp;<\/p>\n<h1><span style=\"color: #ff0000;\">\u00d6vriga orter n\u00e4mns vid riktiga namn<\/span><\/h1>\n<p>&nbsp;<\/p>\n<p>RECENSION\/ NORRK\u00d6PING <strong>Han var inte som andra och h\u00e5nades d\u00e4rf\u00f6r.<\/strong> F\u00f6rst i gruppen &#8221;Riktiga svenskar&#8221; hittar Sten-G\u00f6sta en plats. Jan-\u00c5ke Sallermo j\u00e4mf\u00f6r barndomens mobbning med vuxensamh\u00e4llets bem\u00f6tande av flyktingar i sin nya kriminalroman <em>Harmynten<\/em>.<\/p>\n<p><strong>Kommissarie G\u00f6te Granberg kallas till Norrk\u00f6ping f\u00f6r att utreda ett antal mord som beg\u00e5tts i staden och dess omgivningar.<\/strong> Han m\u00e5ste hitta g\u00e4rningsmannen innan fler personer mister livet. Tillsammans med sin utredningsgrupp unders\u00f6ks de ledtr\u00e5dar som till en b\u00f6rjan tycks peka \u00e5t ett v\u00e4ldigt best\u00e4mt h\u00e5ll. Men \u00e4r allt s\u00e5 enkelt som det verkar?<\/p>\n<p><strong>I <em>Harmynten<\/em> f\u00e5r vi m\u00f6ta Sten-G\u00f6sta \u201dSluggo\u201d Nilsson. En trasig m\u00e4nniska, pr\u00e4glad av en sv\u00e5r uppv\u00e4xt.<\/strong> Utfryst av klasskamrater och l\u00e4rare. Han ser inte ut som andra. En defekt i munnen ger honom ett ovanligt utseende. Han f\u00e5r \u00f6knamnet \u201dHarmynten\u201d. Blir st\u00e4ndigt mobbad av j\u00e4mn\u00e5riga elever och h\u00e5nad av sin l\u00e4rare som f\u00f6resl\u00e5r att han ska s\u00e4lja sina skolb\u00f6cker och k\u00f6pa tuggummi f\u00f6r pengarna, eftersom han \u00e4nd\u00e5 aldrig kommer att l\u00e4ra sig n\u00e5got.<\/p>\n<p>De j\u00e4mn\u00e5riga eleverna ser ofta till att g\u00f6ra livet till ett helvete f\u00f6r Sten-G\u00f6sta. Han f\u00e5r stryk allt som oftast. Det \u00e4r en uppv\u00e4xt ingen m\u00e4nniska f\u00f6rtj\u00e4nar. Det \u00e4r den uppv\u00e4xten som s\u00e4gs ha skapat den b\u00e5de vilsna, psykiskt sjuka och kriminella m\u00e4nniska som \u201dSluggo\u201d har blivit.<\/p>\n<p><strong>Han s\u00f6ker sig till en h\u00f6gerextremistisk grupp som kallar sig \u201dRiktiga svenskar\u201d.<\/strong> D\u00e4r f\u00e5r han f\u00f6r f\u00f6rsta g\u00e5ngen k\u00e4nna att ocks\u00e5 han, trots sitt utseende, har en plats och v\u00e4rderas f\u00f6r n\u00e5got han g\u00f6r. Samtidigt k\u00e4nner han att hans \u00e5sikter och tankar om invandrare kanske inte g\u00e5r fullt s\u00e5 l\u00e5ngt som gruppen kr\u00e4ver. Han st\u00e4lls inf\u00f6r m\u00e5nga sv\u00e5ra beslut.<\/p>\n<p><strong>En kriminalroman ska vara b\u00e5de sp\u00e4nnande och k\u00e4nnas trov\u00e4rdig.<\/strong> Det \u00e4r ingen enkel uppgift att lyckas med. Ibland blir det sm\u00e5 missar. En del kan ha en avg\u00f6rande effekt p\u00e5 h\u00e4ndelsef\u00f6rloppet, andra \u00e4r betydelsel\u00f6sa. Men n\u00e4r fingeravtryck som inte finns p\u00e5 en sida i boken pl\u00f6tsligt kan anv\u00e4ndas som f\u00e4llande bevis p\u00e5 en sida l\u00e4ngre fram blir det lite m\u00e4rkligt. Det g\u00e4ller att h\u00e5lla reda p\u00e5 allt som har h\u00e4nt tidigare n\u00e4r man g\u00e5r fram\u00e5t i en s\u00e5dan h\u00e4r historia.<\/p>\n<p><strong>Att l\u00e4sa en bok d\u00e4r handlingen utspelar sig i trakter och milj\u00f6er man sj\u00e4lv \u00e4r f\u00f6rtrogen med \u00e4r inte alltid l\u00e4tt.<\/strong> Det blir ofr\u00e5nkomligen funderingar p\u00e5 vad som \u00e4r taget ur verkligheten och vad som \u00e4r ren fiktion.<\/p>\n<p>Jag undrar bland annat varf\u00f6r den ort d\u00e4r jag sj\u00e4lv bor inte ben\u00e4mns med dess riktiga namn. Med den kunskap jag har om den lokala geografin och fr\u00e5n de beskrivningar boken tillhandah\u00e5ller tycks den bytt namn till \u201dTr\u00e5ngby\u201d? \u00d6vriga orter, \u00e5tminstone de jag k\u00e4nner till i verkligheten, n\u00e4mns vid sina riktiga namn. Anledningen \u00e4r f\u00f6rmodligen irrelevant f\u00f6r den egentliga ber\u00e4ttelsen, men jag kan inte l\u00e5ta bli att undra\u2026<\/p>\n<p><strong>Sallermo sj\u00e4lv s\u00e4ger att \u201dHarmynten\u201d \u00e4r en bok om mobbning.<\/strong> Han menar ocks\u00e5 att det inte bara \u00e4r barn som mobbar utan ocks\u00e5 vuxna. Organisationen \u201dRiktiga svenskar\u201d, som vi m\u00f6ter i boken, har en central roll i ber\u00e4ttelsen. Man kanske inte t\u00e4nker p\u00e5 mobbning n\u00e4r hela grupper av m\u00e4nniskor, som flyr till Sverige f\u00f6r att r\u00e4dda sina liv, blir behandlade precis som <em>Harmynten<\/em>.<\/p>\n<p><strong>Boken \u00e4r skriven p\u00e5 ett l\u00e4ttsamt spr\u00e5k och jag beh\u00f6ver en eftermiddag p\u00e5 altanen f\u00f6r att l\u00e4sa den.<\/strong> Handlingen \u00e4r stundtals lite sp\u00e4nnande men inga hisnande \u201dcliffhangers\u201d f\u00e5r mig att skynda fram\u00e5t i handlingen av ren nyfikenhet. Hur gick det d\u00e5? Lyckades kommissarien och hans grupp l\u00f6sa mordfallen? Jag vet svaret, men s\u00e4ger f\u00f6rst\u00e5s inget. Det m\u00e5ste du ta reda p\u00e5 sj\u00e4lv genom att l\u00e4sa boken.<\/p>\n<p>F\u00f6r min egen del undrar jag faktiskt bara om G\u00f6te och Maria n\u00e5gonsin kom iv\u00e4g p\u00e5 bio.<\/p>\n<p><em>\u00a9 Text: Bj\u00f6rn Eriksson<\/em><\/p>\n<blockquote>\n<h4>KRIMINALROMAN<\/h4>\n<p><strong>Harmynten\u2028<\/strong><br \/>\nJan-\u00c5ke Sallermo<br \/>\nSolentro f\u00f6rlag 2018<\/p><\/blockquote>\n<p>L\u00c4NKAR<br \/>\nJan-\u00c5ke Sallermo\u00a0<a href=\"http:\/\/www.solentro.se\/bokhandel\/author\/sallermo\" target=\"_blank\" rel=\"noopener noreferrer\">info<\/a>\u00a0 <a href=\"https:\/\/www.solentro.se\/publish\/3089\" target=\"_blank\" rel=\"noopener noreferrer\">Harmynten<\/a><br \/>\nNerv i Jan-\u00c5ke Sallermos N\u00e4r ingen vet <a href=\"https:\/\/www.kultursidan.nu\/?p=28615\" target=\"_blank\" rel=\"noopener noreferrer\">recension<\/a> Kultursidan.nu 4\/1 2017<\/p>\n","protected":false},"excerpt":{"rendered":"<p>RECENSION\/ NORRK\u00d6PING Han var inte som andra och h\u00e5nades d\u00e4rf\u00f6r. F\u00f6rst i gruppen &#8221;Riktiga svenskar&#8221; hittar Sten-G\u00f6sta en plats. Jan-\u00c5ke Sallermo j\u00e4mf\u00f6r barndomens mobbning med vuxensamh\u00e4llets bem\u00f6tande av flyktingar i sin nya kriminalroman Harmynten. <a class=\"continue-reading-link\" href=\"https:\/\/www.kultursidan.nu\/?p=37075\">L\u00e4s mer <span class=\"meta-nav\">&rarr; <\/span><\/a><\/p>\n","protected":false},"author":1001006,"featured_media":0,"comment_status":"closed","ping_status":"open","sticky":false,"template":"","format":"standard","meta":{"_jetpack_memberships_contains_paid_content":false,"footnotes":""},"categories":[7],"tags":[16],"class_list":["post-37075","post","type-post","status-publish","format-standard","hentry","category-norrkoping","tag-litteratur"],"jetpack_featured_media_url":"","jetpack_sharing_enabled":true,"_links":{"self":[{"href":"https:\/\/www.kultursidan.nu\/index.php?rest_route=\/wp\/v2\/posts\/37075","targetHints":{"allow":["GET"]}}],"collection":[{"href":"https:\/\/www.kultursidan.nu\/index.php?rest_route=\/wp\/v2\/posts"}],"about":[{"href":"https:\/\/www.kultursidan.nu\/index.php?rest_route=\/wp\/v2\/types\/post"}],"author":[{"embeddable":true,"href":"https:\/\/www.kultursidan.nu\/index.php?rest_route=\/wp\/v2\/users\/1001006"}],"replies":[{"embeddable":true,"href":"https:\/\/www.kultursidan.nu\/index.php?rest_route=%2Fwp%2Fv2%2Fcomments&post=37075"}],"version-history":[{"count":7,"href":"https:\/\/www.kultursidan.nu\/index.php?rest_route=\/wp\/v2\/posts\/37075\/revisions"}],"predecessor-version":[{"id":40669,"href":"https:\/\/www.kultursidan.nu\/index.php?rest_route=\/wp\/v2\/posts\/37075\/revisions\/40669"}],"wp:attachment":[{"href":"https:\/\/www.kultursidan.nu\/index.php?rest_route=%2Fwp%2Fv2%2Fmedia&parent=37075"}],"wp:term":[{"taxonomy":"category","embeddable":true,"href":"https:\/\/www.kultursidan.nu\/index.php?rest_route=%2Fwp%2Fv2%2Fcategories&post=37075"},{"taxonomy":"post_tag","embeddable":true,"href":"https:\/\/www.kultursidan.nu\/index.php?rest_route=%2Fwp%2Fv2%2Ftags&post=37075"}],"curies":[{"name":"wp","href":"https:\/\/api.w.org\/{rel}","templated":true}]}}