{"id":37243,"date":"2018-07-18T11:58:24","date_gmt":"2018-07-18T10:58:24","guid":{"rendered":"https:\/\/intelligent-friend-7861.standoutwp.com\/?p=37243"},"modified":"2019-03-05T20:27:01","modified_gmt":"2019-03-05T19:27:01","slug":"utomhusbion-visar-filmer-med-bredd","status":"publish","type":"post","link":"https:\/\/www.kultursidan.nu\/?p=37243","title":{"rendered":"Utomhusbion visar filmer med bredd"},"content":{"rendered":"<p><a title=\"Black Panther 16 augusti\" href=\"https:\/\/www.flickr.com\/photos\/kultursidan\/43437595012\/in\/album-72157698755129134\/\"><img loading=\"lazy\" decoding=\"async\" src=\"https:\/\/farm2.staticflickr.com\/1809\/43437595012_264bdd9afe.jpg\" alt=\"Black Panther 16 augusti\" width=\"500\" height=\"204\" \/><\/a><br \/>\n<em>Breda filmer. Marvelfilmen black Panter Black Panther\u00a0 kommer till Marielund i augusti.<\/em><\/p>\n<p>&nbsp;<\/p>\n<h1><span style=\"color: #ff0000;\">Barnfilmsfestival i Hageby<\/span><\/h1>\n<p>&nbsp;<\/p>\n<p>NORRK\u00d6PING <strong>Tillbaka till Refvens grund. Men ocks\u00e5 in i Arbism\u00f6rkret.<\/strong> 20-\u00e5rsjubilerande filmf\u00f6reningen Flimmers Utomhusbio startar med musikalfilmen <em>Fame<\/em> fr\u00e5n 1980. Vid sidan av publikdragande filmer bjuds p\u00e5 japansk kortfilmfestival senare i augusti.<\/p>\n<p><strong>\u2013 F\u00f6r Flimmer k\u00e4nns det h\u00e4rligt att vara tillbaka p\u00e5 klassisk mark med en fantastisk film,<\/strong> s\u00e4ger Anders Grentzelius, verksamhetsledare p\u00e5 Filmf\u00f6reningen Flimmer. Utomhusbion huserade p\u00e5 Refvens Grund under m\u00e5nga \u00e5r s\u00e5 \u00e4ven det \u00e4r faktiskt lite av en favorit i repris<\/p>\n<p>Utomhusbion bl\u00e5ser upp sin filmduk (de har en LED-sk\u00e4rm ocks\u00e5) p\u00e5 fem platser i augusti med smygstart ikv\u00e4ll p\u00e5 Refvens grund. Det Anders Grentzelius syftar p\u00e5 \u00e4r en gammal goding \u2013 musikalfilmen <em>Fame<\/em> fr\u00e5n 1980.<\/p>\n<p>&nbsp;<\/p>\n<p><a title=\"Vaiana 14 augusti\" href=\"https:\/\/www.flickr.com\/photos\/kultursidan\/29614247758\/in\/album-72157698755129134\/\"><img loading=\"lazy\" decoding=\"async\" src=\"https:\/\/farm2.staticflickr.com\/1782\/29614247758_91948c8517.jpg\" alt=\"Vaiana 14 augusti\" width=\"500\" height=\"204\" \/><\/a><br \/>\n<em>Filmfest p\u00e5 ett br\u00e4de. Vaiana \u00e4r en av tre filmer och \u00e4nnu mer underh\u00e5llning i Hageby 14 augusti.<\/em><\/p>\n<p>&nbsp;<\/p>\n<p><strong>Om n\u00e5gon inte sett popul\u00e4ra filmen <em>Solsidan<\/em>, framr\u00f6stad p\u00e5 Flimmers webb, \u00e4nnu s\u00e5 kom till Konstmuseets gr\u00e4smatta 8 augusti.<\/strong> Veckan d\u00e4rp\u00e5 bjuds den lite yngre publiken p\u00e5 inte mindre \u00e4n tre filmer i Hageby, en festival i sig. V\u00e4rdar f\u00f6r det evenemanget \u00e4r Portalen, Hyresbost\u00e4der och \u00d6stg\u00f6taporten. Alla filmkv\u00e4llar har n\u00e4mligen en v\u00e4rd som st\u00f6ttar evenemanget.<\/p>\n<p>Marvelfilmerna Thor Ragnarr\u00f6k och Black Panther kan kanske ses som en blinkning till sommarens heta utst\u00e4llning i Teknikhallen vid \u00d6stg\u00f6taporten.<\/p>\n<p><strong>\u2013 I och med att Norrk\u00f6ping Filmfestival firar 20-\u00e5rsjubileum, bjuder<\/strong> vi p\u00e5 en internationell kortfilmsfestival den 24-25 augusti tillsammans med den japanska festivalen <em>Short Shorts<\/em> som ocks\u00e5 den firar 20-\u00e5rsjubileum. L\u00e4gg d\u00e4rtill att Sverige och Japan i \u00e5r firar 150 \u00e5r av diplomatiska relationer, ett jubileum d\u00e4r fimfestivalen i Norrk\u00f6ping den 24-25 augusti \u00e4r ett av m\u00e5nga inslag.<\/p>\n<p>\u2013 Och sj\u00e4lvklart kommer vi h\u00e4r i Norrk\u00f6ping att uppm\u00e4rksamma de lokala filmpionj\u00e4rerna Crazy Pictures 10-\u00e5rsjubileum, l\u00e4gger Anders Grentzelius till.<\/p>\n<p><em>\u00a9 Text: Ann-Charlotte Sandelin<br \/>\n\u00a9 Foto: Filmbolagen\/Flimmer<\/em><\/p>\n<p>BILDSPEL \u2013 KLICKA P\u00c5 BILDENS PILAR<\/p>\n<p><a data-flickr-embed='true' href='https:\/\/www.flickr.com\/photos\/kultursidan\/albums\/72157698755129134' title='Utomhusbion F\u00d6RH, Flimmer 2018 by Kultursidan, on Flickr'><img src='https:\/\/live.staticflickr.com\/1763\/41677446250_d945f56808_z.jpg' width='800' height='600' alt='Fame 18 juli'><\/a><script async src='https:\/\/embedr.flickr.com\/assets\/client-code.js' charset='utf-8'><\/script><\/p>\n<blockquote>\n<h4>UTOMHUSBION Norrk\u00f6ping<\/h4>\n<p>Sommaren 2018<br \/>\nArr: Flimmer<\/p>\n<p style=\"padding-left: 30px;\">REFVENS GRUND<br \/>\n18 juli 22.00<br \/>\n<strong>Fame<\/strong><br \/>\nV\u00e4rd: Flimmer &amp; Upplev Norrk\u00f6ping<\/p>\n<p style=\"padding-left: 30px;\">KONSTMUSEET<br \/>\n8 augusti 22.00<br \/>\n<strong>Solsidan<\/strong><br \/>\nV\u00e4rd: Upplev Norrk\u00f6ping &#8211; Augustifesten<\/p>\n<p style=\"padding-left: 30px;\">NAVESTAD<br \/>\n13 augusti 21.30 (start fr\u00e5n 17.00)<br \/>\n<strong>Thor Ragnar\u00f6k<\/strong><br \/>\nUnderh\u00e5llning med Agnes Matsdotter &amp; Lill-Erik<br \/>\nV\u00e4rd: Portalen, Hyresbost\u00e4der &amp; \u00d6stg\u00f6taporten<\/p>\n<p style=\"padding-left: 30px;\">HAGEBY (LED-Sk\u00e4rm)<br \/>\n14 augusti 13.00\u00a0(start fr\u00e5n 12.30)<br \/>\n<strong>R\u00f6jar Ralf, Vaina, Jumanji &#8211; Welcome to the Jungle<\/strong><br \/>\nUnderh\u00e5llning med Agnes Matsdotter &amp; Lill-Erik<br \/>\nV\u00e4rd: Portalen, Hyresbost\u00e4der &amp; \u00d6stg\u00f6taporten<\/p>\n<p style=\"padding-left: 30px;\">MARIELUND<br \/>\n16 augusti kl 21 (start fr\u00e5n 17.00)<br \/>\n<strong>Black Panther<\/strong><br \/>\nUnderh\u00e5llning med Agnes Matsdotter &amp; Lill-Erik<br \/>\nV\u00e4rd: Portalen, Hyresbost\u00e4der &amp; \u00d6stg\u00f6taporten<\/p>\n<p style=\"padding-left: 30px;\">ARBIS (inomhus)<br \/>\n24 augusti<br \/>\n<strong>ShortShorts<\/strong><br \/>\nV\u00e4rd: Flimmer<\/p>\n<p style=\"padding-left: 30px;\">ARBIS (utomhus) (LED-Sk\u00e4rm)<br \/>\n25 augusti (start fr\u00e5n 13.30)<br \/>\nCrazy Pictures 10 \u00e5r \u2013 tre favoriter fr\u00e5n <strong>Poesi f\u00f6r fiskar.<\/strong><br \/>\nMelker Becker \u2013 om f\u00e4ngelser ur serien <strong>Svenska Hemligheter.<\/strong><br \/>\n13.30 <strong>Grottmannen Dug<\/strong><br \/>\n15.40 <strong>Ted \u2013 f\u00f6r k\u00e4rlekens skull<\/strong><br \/>\n21.25 <strong>Star Wars \u2013 The last Jedi<\/strong><br \/>\nV\u00e4rd: Flimmer<\/p>\n<\/blockquote>\n<p>L\u00c4NKAR<br \/>\nFilmf\u00f6reningen Flimmer <a href=\"http:\/\/www.flimmer.nu\" target=\"_blank\" rel=\"noopener noreferrer\">hemsida<\/a> <a href=\"https:\/\/www.facebook.com\/flimmer.nu\/?fref=ts\" target=\"_blank\" rel=\"noopener noreferrer\">Facebook<\/a><\/p>\n","protected":false},"excerpt":{"rendered":"<p>NORRK\u00d6PING Tillbaka till Refvens grund. Men ocks\u00e5 in i Arbism\u00f6rkret. 20-\u00e5rsjubilerande filmf\u00f6reningen Flimmers Utomhusbio startar med musikalfilmen Fame fr\u00e5n 1980. Vid sidan av publikdragande filmer bjuds p\u00e5 japansk kortfilmfestival senare i augusti. <a class=\"continue-reading-link\" href=\"https:\/\/www.kultursidan.nu\/?p=37243\">L\u00e4s mer <span class=\"meta-nav\">&rarr; <\/span><\/a><\/p>\n","protected":false},"author":1001006,"featured_media":0,"comment_status":"closed","ping_status":"open","sticky":false,"template":"","format":"standard","meta":{"_jetpack_memberships_contains_paid_content":false,"footnotes":""},"categories":[7],"tags":[38],"class_list":["post-37243","post","type-post","status-publish","format-standard","hentry","category-norrkoping","tag-film"],"jetpack_featured_media_url":"","jetpack_sharing_enabled":true,"_links":{"self":[{"href":"https:\/\/www.kultursidan.nu\/index.php?rest_route=\/wp\/v2\/posts\/37243","targetHints":{"allow":["GET"]}}],"collection":[{"href":"https:\/\/www.kultursidan.nu\/index.php?rest_route=\/wp\/v2\/posts"}],"about":[{"href":"https:\/\/www.kultursidan.nu\/index.php?rest_route=\/wp\/v2\/types\/post"}],"author":[{"embeddable":true,"href":"https:\/\/www.kultursidan.nu\/index.php?rest_route=\/wp\/v2\/users\/1001006"}],"replies":[{"embeddable":true,"href":"https:\/\/www.kultursidan.nu\/index.php?rest_route=%2Fwp%2Fv2%2Fcomments&post=37243"}],"version-history":[{"count":3,"href":"https:\/\/www.kultursidan.nu\/index.php?rest_route=\/wp\/v2\/posts\/37243\/revisions"}],"predecessor-version":[{"id":40527,"href":"https:\/\/www.kultursidan.nu\/index.php?rest_route=\/wp\/v2\/posts\/37243\/revisions\/40527"}],"wp:attachment":[{"href":"https:\/\/www.kultursidan.nu\/index.php?rest_route=%2Fwp%2Fv2%2Fmedia&parent=37243"}],"wp:term":[{"taxonomy":"category","embeddable":true,"href":"https:\/\/www.kultursidan.nu\/index.php?rest_route=%2Fwp%2Fv2%2Fcategories&post=37243"},{"taxonomy":"post_tag","embeddable":true,"href":"https:\/\/www.kultursidan.nu\/index.php?rest_route=%2Fwp%2Fv2%2Ftags&post=37243"}],"curies":[{"name":"wp","href":"https:\/\/api.w.org\/{rel}","templated":true}]}}