{"id":37422,"date":"2018-07-29T11:19:20","date_gmt":"2018-07-29T10:19:20","guid":{"rendered":"https:\/\/intelligent-friend-7861.standoutwp.com\/?p=37422"},"modified":"2018-11-03T20:14:39","modified_gmt":"2018-11-03T19:14:39","slug":"ewks-menageri-pa-arbetets-museum","status":"publish","type":"post","link":"https:\/\/www.kultursidan.nu\/?p=37422","title":{"rendered":"EWK:s menageri p\u00e5 Arbetets museum"},"content":{"rendered":"<p><a title=\"EWK:s menageri\" href=\"https:\/\/www.flickr.com\/photos\/kultursidan\/43707951501\/in\/album-72157697941172131\/\"><img loading=\"lazy\" decoding=\"async\" src=\"https:\/\/farm1.staticflickr.com\/859\/43707951501_fb01d126dd.jpg\" alt=\"EWK:s menageri\" width=\"500\" height=\"284\" \/><\/a><br \/>\n<em>Sommarzoo. M\u00e4rkliga djur i den politiska djungeln fr\u00e5n tidigare decennier i EWK:s menageri p\u00e5 Arbetets museum.<\/em><\/p>\n<p>&nbsp;<\/p>\n<h1><span style=\"color: #ff0000;\">Politiker i djurf\u00f6rkl\u00e4dnad<\/span><\/h1>\n<p>&nbsp;<\/p>\n<p>NORRK\u00d6PING <strong>M\u00e4rkliga djur b\u00e5de h\u00e4r och d\u00e4r.<\/strong> EWK-museet matchar Arbetets museums lustfyllda familjeutst\u00e4llning <em>Min djuriska park <\/em>med<em> EWK:s menageri<\/em>. 12 originalteckningar med f\u00f6rra generationens ledande politiker, passande s\u00e5 h\u00e4r i valtider.<\/p>\n<p><strong>Djur i olika former kan vi se i sommar p\u00e5 Arbetets Museum.<\/strong> P\u00e5 entr\u00e9plan i Arbetets Museum finns den stora utst\u00e4llningen <em>Min djuriska park <\/em>med konstn\u00e4ren Eric Langerts fantasifulla f\u00e5glar, krokodiler och fj\u00e4rilar, tillverkade av gamla handskar, skoborstar, d\u00e4ck och elektronikkretsar.<\/p>\n<p>&nbsp;<\/p>\n<p><a title=\"Rune Gustavsson (C)\" href=\"https:\/\/www.flickr.com\/photos\/kultursidan\/42804480165\/in\/album-72157697941172131\/\"><img loading=\"lazy\" decoding=\"async\" src=\"https:\/\/farm1.staticflickr.com\/941\/42804480165_860a4b795a.jpg\" alt=\"Rune Gustavsson (C)\" width=\"500\" height=\"332\" \/><\/a><br \/>\n<em>Balansakt. Socionomen och riksdagsledamoten Rune Gustavsson (C) var socialminister i Thorbj\u00f6rn F\u00e4lldins f\u00f6rsta regering 1976\u20131978.<\/em><\/p>\n<p>&nbsp;<\/p>\n<p><strong>EWK-museet f\u00f6ljer upp djurtemat med <em>EWK:s menageri<\/em>.<\/strong> D\u00e5 och d\u00e5 byts 12 guldinramade originalteckningar ut, h\u00e4mtade ur EWK:s rika arkiv. Nu under sommaren, p\u00e5passligt inf\u00f6r valet, har man hittat politiska djurbilder med ministrar och andra politiker som \u201doffer\u201d.<\/p>\n<p>D\u00e4r \u00e4r Mundebo som var borgerlig finansminister, Leif Blomman Blomberg som var socialdemokratisk minister p\u00e5 olika poster, Gun Hellsvik, borgerlig justitieminister och m\u00e5nga andra, med p\u00e5hittade latinska namn. Fast bilden av moderatledaren G\u00f6sta Bohman \u00e4r en kopia, originalet finns p\u00e5 Nationalmuseum.<\/p>\n<p>Det var 1977 som Aftonbladet gav EWK m\u00f6jlighet att teckna den borgerliga regeringen, vilket g\u00f6r att det mest \u00e4r borgerliga politiker som tecknats i djurf\u00f6rkl\u00e4dnader.<\/p>\n<p><strong>Den \u00e4ldre generationens politiker kanske inte s\u00e5 v\u00e4l k\u00e4nda i dag.<\/strong> Vi som varit med ett tag ler dock igenk\u00e4nnande n\u00e4r vi ser teckningarna.<\/p>\n<p>Men saknar samtidigt en dagens \u201dEWK\u201d som kunde spegla dagens politiker.<\/p>\n<p><em>\u00a9 Text och foto: Sven \u00c5ke Molund<\/em><\/p>\n<p>BILDSPEL \u2013 KLICKA P\u00c5 BILDENS PILAR<\/p>\n<p><a data-flickr-embed='true' href='https:\/\/www.flickr.com\/photos\/kultursidan\/sets\/72157697941172131' title='EWK:s Menageri, EWK-museet, Arbetets museum 2018 by Kultursidan, on Flickr'><img src='https:\/\/live.staticflickr.com\/851\/42804480215_9ef2bd1d61_z.jpg' width='800' height='600' alt='G\u00f6sta Bohman (M)'><\/a><script async src='https:\/\/embedr.flickr.com\/assets\/client-code.js' charset='utf-8'><\/script><\/p>\n<blockquote>\n<h4>ARBETETS MUSEUM Norrk\u00f6ping<\/h4>\n<p>20 juni \u2013 7 oktober 2018<br \/>\n<strong>EWK:s menageri<\/strong><\/p><\/blockquote>\n<p>L\u00c4NKAR<br \/>\nEWK-museet\/Arbetets museum <a href=\"http:\/\/www.arbetetsmuseum.se\/ewk-museet\/\" target=\"_blank\" rel=\"noopener\">hemsida<\/a> <a href=\"https:\/\/www.facebook.com\/arbetetsmuseum\" target=\"_blank\" rel=\"noopener\">Facebook<\/a><br \/>\nErik Langerts djur p\u00e5 Arbetets museum <a href=\"https:\/\/www.kultursidan.nu\/?p=36718\" target=\"_blank\" rel=\"noopener\">reportage<\/a> Kultursidan.nu 8 juni 2018<\/p>\n","protected":false},"excerpt":{"rendered":"<p>NORRK\u00d6PING M\u00e4rkliga djur b\u00e5de h\u00e4r och d\u00e4r. EWK-museet matchar Arbetets museums lustfyllda familjeutst\u00e4llning Min djuriska park med EWK:s menageri. 12 originalteckningar med f\u00f6rra generationens ledande politiker, passande s\u00e5 h\u00e4r i valtider. <a class=\"continue-reading-link\" href=\"https:\/\/www.kultursidan.nu\/?p=37422\">L\u00e4s mer <span class=\"meta-nav\">&rarr; <\/span><\/a><\/p>\n","protected":false},"author":1001006,"featured_media":0,"comment_status":"closed","ping_status":"open","sticky":false,"template":"","format":"standard","meta":{"_jetpack_memberships_contains_paid_content":false,"footnotes":""},"categories":[7],"tags":[47],"class_list":["post-37422","post","type-post","status-publish","format-standard","hentry","category-norrkoping","tag-utstallning"],"jetpack_featured_media_url":"","jetpack_sharing_enabled":true,"_links":{"self":[{"href":"https:\/\/www.kultursidan.nu\/index.php?rest_route=\/wp\/v2\/posts\/37422","targetHints":{"allow":["GET"]}}],"collection":[{"href":"https:\/\/www.kultursidan.nu\/index.php?rest_route=\/wp\/v2\/posts"}],"about":[{"href":"https:\/\/www.kultursidan.nu\/index.php?rest_route=\/wp\/v2\/types\/post"}],"author":[{"embeddable":true,"href":"https:\/\/www.kultursidan.nu\/index.php?rest_route=\/wp\/v2\/users\/1001006"}],"replies":[{"embeddable":true,"href":"https:\/\/www.kultursidan.nu\/index.php?rest_route=%2Fwp%2Fv2%2Fcomments&post=37422"}],"version-history":[{"count":4,"href":"https:\/\/www.kultursidan.nu\/index.php?rest_route=\/wp\/v2\/posts\/37422\/revisions"}],"predecessor-version":[{"id":38858,"href":"https:\/\/www.kultursidan.nu\/index.php?rest_route=\/wp\/v2\/posts\/37422\/revisions\/38858"}],"wp:attachment":[{"href":"https:\/\/www.kultursidan.nu\/index.php?rest_route=%2Fwp%2Fv2%2Fmedia&parent=37422"}],"wp:term":[{"taxonomy":"category","embeddable":true,"href":"https:\/\/www.kultursidan.nu\/index.php?rest_route=%2Fwp%2Fv2%2Fcategories&post=37422"},{"taxonomy":"post_tag","embeddable":true,"href":"https:\/\/www.kultursidan.nu\/index.php?rest_route=%2Fwp%2Fv2%2Ftags&post=37422"}],"curies":[{"name":"wp","href":"https:\/\/api.w.org\/{rel}","templated":true}]}}