{"id":37482,"date":"2018-08-01T09:27:58","date_gmt":"2018-08-01T08:27:58","guid":{"rendered":"https:\/\/intelligent-friend-7861.standoutwp.com\/?p=37482"},"modified":"2020-11-07T19:55:45","modified_gmt":"2020-11-07T18:55:45","slug":"silvana-imam-besvarar-fansens-karlek","status":"publish","type":"post","link":"https:\/\/www.kultursidan.nu\/?p=37482","title":{"rendered":"Silvana Imam v\u00e4cker hopp och k\u00e4rlek"},"content":{"rendered":"<p><img loading=\"lazy\" decoding=\"async\" class=\"alignnone\" src=\"https:\/\/farm2.staticflickr.com\/1792\/43062236164_ee3eb7d552.jpg\" alt=\"Silvana Imam\" width=\"500\" height=\"333\" \/><br \/>\n<em>Hj\u00e4rta. Silvana Imam \u00e4r st\u00f6rre \u00e4n sin musik. Hon b\u00e4r fram ett budskap som v\u00e4cker hopp om frihet och b\u00e4ttre v\u00e4rderingar.<\/em><\/p>\n<p>&nbsp;<\/p>\n<h1><span style=\"color: #ff0000;\">\u201dM\u00e5let \u00e4r aldrig makt, det \u00e4r frihet\u201d<\/span><\/h1>\n<p>&nbsp;<\/p>\n<p>RECENSION\/ NORRK\u00d6PING <strong>Friheten \u00e4r st\u00f6rre.<\/strong> Sist ut att toppa l\u00f6rdagskv\u00e4llen och veckan p\u00e5 Hugo Parkfestival var Sveriges f\u00f6rmodligen mest hyllade rappare \u2013 Silvana Imam. Vi satte en recensent och tv\u00e5 fotografer p\u00e5 att f\u00e5nga artisten p\u00e5 scenen och k\u00e4rleken mellan Silvana och fansen.<\/p>\n<p><strong>Scenen \u00e4r omvandlad till ett omkl\u00e4dningsrum med basketkorg och f\u00f6rmodade minnen fr\u00e5n Silvanas tid inom sporten, och fr\u00e5n hennes tid i New York likas\u00e5.<\/strong> Det osar amerikanskt p\u00e5 ett positivt vis. Jag ser bilder i mitt inre hur man samlas f\u00f6r rap och gemenskap. Mina aningar visar sig sanna och publiken \u00e4lskar henne.<\/p>\n<p>Jag som lyssnade en del p\u00e5 hiphop i min ungdom, ska erk\u00e4nna att jag inte f\u00f6ljt Silvana Imams framg\u00e5ngar lika v\u00e4l. Men hon \u00e4r namnet p\u00e5 allas l\u00e4ppar och nyfikenheten inom mig tr\u00e4dde fram.<\/p>\n<p>&nbsp;<\/p>\n<p><img loading=\"lazy\" decoding=\"async\" class=\"alignnone\" src=\"https:\/\/farm2.staticflickr.com\/1833\/29908065458_cf0787dedb.jpg\" alt=\"Silvana Imam\" width=\"333\" height=\"500\" \/><br \/>\n<em>N\u00e4rkontakt. Vera bj\u00f6ds upp till scenen, fick en l\u00e5t och en kram.<\/em><\/p>\n<p>&nbsp;<\/p>\n<p><strong>\u2013 En g\u00e5ng hade jag komplex f\u00f6r min r\u00f6st, men sen t\u00e4nkte jag &#8221;\u00e4h fan, skit i det&#8221;.<\/strong> Silvana ber\u00e4ttar hur man kan ha komplex f\u00f6r mycket och hur hon en g\u00e5ng ville operera sin n\u00e4sa rak. Men nu uppmanar hon hellre till att man \u00e4r som man vill.<\/p>\n<p><strong>Lekfullhet, kultur och v\u00e4l t\u00e4nkta visdomsord. <\/strong>Det k\u00e4nns som Silvana Imam planerat sin show fr\u00e5n start till slut, men ingenting k\u00e4nns \u00e4nd\u00e5 speciellt riggat. Det handlar mer om att hon vet vilka budskap hon vill f\u00e5 fram. F\u00f6r henne \u00e4r musiken ett viktigt instrument f\u00f6r att f\u00f6rmedla budskap och sanning.<\/p>\n<p><strong>Den p\u00e4lsglada maskoten HELIG dansar loss p\u00e5 scenen i omg\u00e5ngar.<\/strong> En och annan basketboll hamnar i korgen och n\u00e5gon annan boll blir till minne i publikens f\u00e5ngst. Lyckliga tjejen Vera f\u00e5r komma upp p\u00e5 scenen och Silvana sjunger <em>Ta hand om dig<\/em> just f\u00f6r henne. Det \u00e4r fint och \u00f6dmjukt.<\/p>\n<p>\u2013 M\u00e5let \u00e4r aldrig makt, det \u00e4r frihet. S\u00e5 n\u00e4r de talar om makt p\u00e5 tv s\u00e5 \u00e4r det bullshit. F\u00f6r allt handlar om frihet. F\u00f6rklarar Silvana i ett av sina mellansnack.<\/p>\n<p>&nbsp;<\/p>\n<p><img loading=\"lazy\" decoding=\"async\" class=\"alignnone\" src=\"https:\/\/farm2.staticflickr.com\/1814\/43778607261_03621293b6.jpg\" alt=\"Silvana Imam\" width=\"500\" height=\"333\" \/><br \/>\n<em>Sista l\u00e5ten. Silvana kl\u00e4ttrar p\u00e5 kravallstaketet innan hon hoppar ner i den t\u00e4ta folkmassan och blir som upp\u00e4ten av publiken.<\/em><\/p>\n<p>&nbsp;<\/p>\n<p><strong>Inom rappen \u00e4r texterna n\u00e4stan djupare \u00e4n annars, speciellt n\u00e4r de skrivs p\u00e5 svenska.<\/strong> Men musik handlar ocks\u00e5 om k\u00e4nsla och publiken \u00e4r som enad med Silvana. Med h\u00e4nder i luften, n\u00e4rvaro och alls\u00e5ng f\u00e5r de G\u00f6taplatsen att lyfta i sommarnatten.<\/p>\n<p>Den aningen amerikanska andan forts\u00e4tter, n\u00e4r publiken ropar \u201den l\u00e5t till\u201d kommer Silvana Imam rusande p\u00e5 gr\u00e4set nedanf\u00f6r scenen ist\u00e4llet. Hon kl\u00e4ttrar p\u00e5 kravallstaketet f\u00f6r att vara ett huvud \u00f6ver sina fans, innan hon hoppar ner i den t\u00e4ta folkmassan och blir som upp\u00e4ten av publiken.<\/p>\n<p><strong>Tillsammans sjunger de upprepat <em>Vikken vikken d\u00e5<\/em>,<\/strong> som redan blivit en hit fr\u00e5n hennes senaste album \u201dHeliga Moder\u201d.<\/p>\n<p>Det \u00e4r stort och det k\u00e4nns. Wow vilket avslut!<\/p>\n<p>&nbsp;<\/p>\n<p><a title=\"Silvana Imam\"><img loading=\"lazy\" decoding=\"async\" src=\"https:\/\/live.staticflickr.com\/932\/28842006457_bc249940ae.jpg\" alt=\"Silvana Imam\" width=\"500\" height=\"333\" \/><\/a><\/p>\n<p><img loading=\"lazy\" decoding=\"async\" class=\"alignnone\" src=\"https:\/\/live.staticflickr.com\/861\/29908065518_8a9a3d6758.jpg\" alt=\"Silvana Imam\" width=\"500\" height=\"333\" \/><\/p>\n<p><img loading=\"lazy\" decoding=\"async\" class=\"alignnone\" src=\"https:\/\/live.staticflickr.com\/1833\/28842006057_a2f04a281a.jpg\" alt=\"Silvana Imam\" width=\"500\" height=\"333\" \/><\/p>\n<p><img loading=\"lazy\" decoding=\"async\" class=\"alignnone\" src=\"https:\/\/live.staticflickr.com\/1833\/43778607371_176087cb63.jpg\" alt=\"Silvana Imam\" width=\"333\" height=\"500\" \/><\/p>\n<p><img loading=\"lazy\" decoding=\"async\" class=\"alignnone\" src=\"https:\/\/live.staticflickr.com\/1818\/42874730905_bc8dcea679.jpg\" alt=\"Silvana Imam\" width=\"500\" height=\"333\" \/><\/p>\n<p><em>\u00a9 Text: <a href=\"https:\/\/www.facebook.com\/druttizen\/\" target=\"_blank\" rel=\"noopener noreferrer\">Josefina Dernsj\u00f6<\/a><br \/>\n\u00a9 Foto: <a href=\"http:\/\/www.photosbyhuman.com\/\" target=\"_blank\" rel=\"noopener noreferrer\">Human Golmohammadi<\/a> och Tanja Volkova<\/em><\/p>\n<blockquote>\n<h4>HUGO\/G\u00d6TAPARKEN Norrk\u00f6ping<\/h4>\n<p>24\u201328 juli 2018<br \/>\n<strong>Hugo Parkfestival<\/strong><\/p>\n<p style=\"padding-left: 30px;\">TISDAG 24\/7<br \/>\n18.00 Markus De Besche<br \/>\n19.00 Eleonor L\u00e9one och KNY<br \/>\n20.30 The Sounds<br \/>\n22.30 Markus Kruneg\u00e5rd<\/p>\n<p style=\"padding-left: 30px;\">ONSDAG 25\/7<br \/>\n18.00 Way to Lie<br \/>\n19.00 Tjuvjakt<br \/>\n20.30 Daniel Adams-Ray\/Human<br \/>\n22.30 Hov1<\/p>\n<p style=\"padding-left: 30px;\">TORSDAG 26\/7<br \/>\n16.30 Plura<br \/>\n18.30 Jill Johnson<br \/>\n20.00 Magnus Carlson<br \/>\n22.00 Lena Philipsson<\/p>\n<p style=\"padding-left: 30px;\">FREDAG 27\/7<br \/>\n18.00 Shirin<br \/>\n19.30 Petter<br \/>\n21.00 SHY Martin<br \/>\n22.30 Oskar Linnros<\/p>\n<p>L\u00d6RDAG 28\/7<\/p>\n<p style=\"padding-left: 30px;\">17.00 Rhys<br \/>\n18.30 LBSB<br \/>\n20.00 Norlie &amp; KKV<br \/>\n21.30 Molly Sand\u00e9n<\/p>\n<p>23.00 Silvana Imam<\/p><\/blockquote>\n<p>L\u00c4NKAR<br \/>\nSilvana Imam <a href=\"https:\/\/sv.wikipedia.org\/wiki\/Silvana_Imam\" target=\"_blank\" rel=\"noopener noreferrer\">Wikipedia<\/a> <a href=\"https:\/\/www.facebook.com\/silvanaimam\/\" target=\"_blank\" rel=\"noopener noreferrer\">Facebook<\/a> <a href=\"https:\/\/open.spotify.com\/artist\/14vNE9iqS5eGAL6OogiN8g\" target=\"_blank\" rel=\"noopener noreferrer\">Spotify<\/a><br \/>\nHugo <a href=\"http:\/\/www.hugonorrkoping.se\" target=\"_blank\" rel=\"noopener noreferrer\">hemsida<\/a> <a href=\"https:\/\/www.facebook.com\/hugonorrkoping\" target=\"_blank\" rel=\"noopener noreferrer\">Facebook<\/a> <a href=\"https:\/\/www.facebook.com\/hugoparkfestival\/\" target=\"_blank\" rel=\"noopener noreferrer\">Hugo Parkfestival<\/a><\/p>\n<p>TIDIGARE OM SILVANA IMAM<br \/>\nKompromissl\u00f6s Silvana v\u00e4cker och ber\u00f6r <a href=\"https:\/\/www.kultursidan.nu\/?p=32540\" target=\"_blank\" rel=\"noopener noreferrer\">filmrecension<\/a> Kultursidan.nu 22\/9 2017<br \/>\nSilvana Iman och Erik Lundin p\u00e5 Arbis <a href=\"https:\/\/www.kultursidan.nu\/?p=24644\" target=\"_blank\" rel=\"noopener noreferrer\">recension<\/a> Kultursidan.nu 4\/4 2016<\/p>\n<h4>HUGO PARKFESTIVAL 2018<\/h4>\n<p>L\u00d6RDAG<br \/>\nSilvana Imam v\u00e4cker hopp och k\u00e4rlek <a href=\"https:\/\/www.kultursidan.nu\/?p=37482\" target=\"_blank\" rel=\"noopener noreferrer\">recension<\/a> Kultursidan.nu 1\/8 2018<br \/>\nMolly Sand\u00e9n g\u00f6r Parkfestivalen St\u00f6rre <a href=\"https:\/\/www.kultursidan.nu\/?p=37446\" target=\"_blank\" rel=\"noopener noreferrer\">recension<\/a> Kultursidan.nu 30\/7 2018<br \/>\nFansen \u00e4lskar Norlie &amp; KKV p\u00e5 Hugo <a href=\"https:\/\/www.kultursidan.nu\/?p=37431\" target=\"_blank\" rel=\"noopener noreferrer\">recension<\/a> Kultursidan.nu 29\/7 2018<\/p>\n<p>FREDAG<br \/>\nStabil Petter och nerv\u00f6s SHY Martin <a href=\"https:\/\/www.kultursidan.nu\/?p=37454\" target=\"_blank\" rel=\"noopener noreferrer\">recension<\/a> Kultursidan.nu 31\/7 2018<\/p>\n<p>TORSDAG<br \/>\nGenv\u00e4g fr\u00e5n Jills country till Magnus soul <a href=\"https:\/\/www.kultursidan.nu\/?p=37405\" target=\"_blank\" rel=\"noopener noreferrer\">recension<\/a> Kultursidan.nu 28\/7 2018<br \/>\nLena Ph gav grymt glittrande show <a href=\"https:\/\/www.kultursidan.nu\/?p=37402\" target=\"_blank\" rel=\"noopener noreferrer\">recension<\/a> Kultursidan.nu 28\/7 2018<br \/>\nPlura Jonsson p\u00e5 kunglig hemmaplan <a href=\"https:\/\/www.kultursidan.nu\/?p=37388\" target=\"_blank\" rel=\"noopener noreferrer\">recension<\/a> Kultursidan.nu 27\/7 2018<\/p>\n<p>TISDAG<br \/>\nVi m\u00f6ter Markus Kruneg\u00e5rd i Dr\u00f6mmen <a href=\"https:\/\/www.kultursidan.nu\/?p=37369\" target=\"_blank\" rel=\"noopener noreferrer\">recension<\/a> Kultursidan.nu 26\/7 2018<br \/>\nPotent rock\u2019n\u2019roll med The Sounds <a href=\"https:\/\/www.kultursidan.nu\/?p=37363\" target=\"_blank\" rel=\"noopener noreferrer\">recension<\/a> Kultursidan.nu 26\/7 2018<br \/>\nSoul och danspop \u00f6ppnade Parkfestivalen <a href=\"https:\/\/www.kultursidan.nu\/?p=37348\" target=\"_blank\" rel=\"noopener noreferrer\">reportage<\/a> Kultursidan.nu 25\/7 2018<\/p>\n<p>INF\u00d6R FESTIVALEN<br \/>\nHugo kliver fram\u00e5t med Parkfestival <a href=\"https:\/\/www.kultursidan.nu\/?p=37257\" target=\"_blank\" rel=\"noopener noreferrer\">reportage<\/a> Kultursidan.nu 19\/7 2018<\/p>\n","protected":false},"excerpt":{"rendered":"<p>RECENSION\/ NORRK\u00d6PING Friheten \u00e4r st\u00f6rre. Sist ut att toppa l\u00f6rdagskv\u00e4llen och veckan p\u00e5 Hugo Parkfestival var Sveriges f\u00f6rmodligen mest hyllade rappare \u2013 Silvana Imam. Vi satte en recensent och tv\u00e5 fotografer p\u00e5 att f\u00e5nga artisten p\u00e5 scenen och k\u00e4rleken mellan Silvana och fansen. <a class=\"continue-reading-link\" href=\"https:\/\/www.kultursidan.nu\/?p=37482\">L\u00e4s mer <span class=\"meta-nav\">&rarr; <\/span><\/a><\/p>\n","protected":false},"author":1001006,"featured_media":0,"comment_status":"closed","ping_status":"open","sticky":false,"template":"","format":"standard","meta":{"_jetpack_memberships_contains_paid_content":false,"footnotes":""},"categories":[7],"tags":[29,13],"class_list":["post-37482","post","type-post","status-publish","format-standard","hentry","category-norrkoping","tag-festival","tag-musik"],"jetpack_featured_media_url":"","jetpack_sharing_enabled":true,"_links":{"self":[{"href":"https:\/\/www.kultursidan.nu\/index.php?rest_route=\/wp\/v2\/posts\/37482","targetHints":{"allow":["GET"]}}],"collection":[{"href":"https:\/\/www.kultursidan.nu\/index.php?rest_route=\/wp\/v2\/posts"}],"about":[{"href":"https:\/\/www.kultursidan.nu\/index.php?rest_route=\/wp\/v2\/types\/post"}],"author":[{"embeddable":true,"href":"https:\/\/www.kultursidan.nu\/index.php?rest_route=\/wp\/v2\/users\/1001006"}],"replies":[{"embeddable":true,"href":"https:\/\/www.kultursidan.nu\/index.php?rest_route=%2Fwp%2Fv2%2Fcomments&post=37482"}],"version-history":[{"count":16,"href":"https:\/\/www.kultursidan.nu\/index.php?rest_route=\/wp\/v2\/posts\/37482\/revisions"}],"predecessor-version":[{"id":42609,"href":"https:\/\/www.kultursidan.nu\/index.php?rest_route=\/wp\/v2\/posts\/37482\/revisions\/42609"}],"wp:attachment":[{"href":"https:\/\/www.kultursidan.nu\/index.php?rest_route=%2Fwp%2Fv2%2Fmedia&parent=37482"}],"wp:term":[{"taxonomy":"category","embeddable":true,"href":"https:\/\/www.kultursidan.nu\/index.php?rest_route=%2Fwp%2Fv2%2Fcategories&post=37482"},{"taxonomy":"post_tag","embeddable":true,"href":"https:\/\/www.kultursidan.nu\/index.php?rest_route=%2Fwp%2Fv2%2Ftags&post=37482"}],"curies":[{"name":"wp","href":"https:\/\/api.w.org\/{rel}","templated":true}]}}