{"id":37534,"date":"2018-08-03T18:01:41","date_gmt":"2018-08-03T17:01:41","guid":{"rendered":"https:\/\/intelligent-friend-7861.standoutwp.com\/?p=37534"},"modified":"2018-11-03T20:01:55","modified_gmt":"2018-11-03T19:01:55","slug":"musikdagarna-hyllar-birgit-nilsson-100-ar","status":"publish","type":"post","link":"https:\/\/www.kultursidan.nu\/?p=37534","title":{"rendered":"Musikdagarna hyllar Birgit Nilsson 100 \u00e5r"},"content":{"rendered":"<p><a title=\"Staffan M\u00e5rtensson\" href=\"https:\/\/www.flickr.com\/photos\/kultursidan\/43822165111\/in\/album-72157696600521402\/\"><img loading=\"lazy\" decoding=\"async\" src=\"https:\/\/farm2.staticflickr.com\/1771\/43822165111_1dd0a3f496.jpg\" alt=\"Staffan M\u00e5rtensson\" width=\"500\" height=\"333\" \/><\/a><br \/>\n<em>Storslagen. Staffan M\u00e5rtensson bjuder in och bjuder till. I \u00e5r skapar han en ny orkester, Festivalsinfoniettan, genom att sl\u00e5 ihop \u00d6stg\u00f6tamusikens Bl\u00e5sarsymfoniker med unga str\u00e5kmusiker fr\u00e5n Kungliga Musikh\u00f6gskolan.<\/em><\/p>\n<p>&nbsp;<\/p>\n<h1><span style=\"color: #ff0000;\">Festivalsinfonietta plus minivariant<br \/>\n<\/span><\/h1>\n<p>&nbsp;<\/p>\n<p>\u00d6STERG\u00d6TLAND <strong>V\u00e4rldssopranen hyllar v\u00e4rldssopranen.<\/strong> Ingela Brimberg sjunger Birgit Nilssons repertoar n\u00e4r \u00d6sterg\u00f6tlands musikdagar invigs l\u00f6rdag 11 augusti. Sex konserter h\u00e5lls i Norrk\u00f6ping, b\u00e5de jazz och kammarmusik samt barnkonsert under festivalveckan. \u00c5rets nyhet \u00e4r Festivalsinfoniettan.<\/p>\n<p><strong>Det \u00e4r 100 \u00e5r sedan Birgit Nilsson f\u00f6ddes.<\/strong> Hur stor den svenska sopranen var kan faktiskt beskrivas i pengar \u2013 Metropolitan Opera betalade ett h\u00f6gre gage till Birgit Nilsson \u00e4n till Maria Callas, \u00e4ven hon en ikonisk operadiva. Detta ber\u00e4ttade artisten Mattias Enn nyligen i H\u00e4radshammars bygdeg\u00e5rd p\u00e5 Zarahdagen.<\/p>\n<p>&nbsp;<\/p>\n<p><a title=\"Ingela Brimberg\" href=\"https:\/\/www.flickr.com\/photos\/kultursidan\/42918419795\/in\/album-72157696600521402\/\"><img loading=\"lazy\" decoding=\"async\" src=\"https:\/\/farm2.staticflickr.com\/1815\/42918419795_fa95d1441a.jpg\" alt=\"Ingela Brimberg\" width=\"500\" height=\"340\" \/><\/a><br \/>\n<em>Wagnersopran. Svenska Ingela Brimberg \u00e4r mycket eftertraktad p\u00e5 operahusen i Europa. Det var n\u00e4r hon sj\u00f6ng i en opera av Benjamin Britten p\u00e5 Kungliga Operan som Musikdagarnas Staffan M\u00e5rtensson fick upp \u00f6ronen f\u00f6r henne.<\/em><\/p>\n<p>&nbsp;<\/p>\n<p><strong>N\u00e4r \u00d6sterg\u00f6tlands musikdagar invigs l\u00f6rdag 11 augusti p\u00e5 Borgg\u00e5rden i Link\u00f6ping handlar det om Birgit Nilsson.<\/strong> Sopransolisten Ingela Brimberg sjunger arior h\u00e4mtade fr\u00e5n verk av Wagner, Verdi och Puccini, allts\u00e5 i allra h\u00f6gsta grad Birgit Nilssons repertoar. Spelar g\u00f6r \u00d6stg\u00f6ta Bl\u00e5sarsymfoniker som dirigeras av musikdagarnas konstn\u00e4rlige ledare Staffan M\u00e5rtensson. Konserten repriseras dagen d\u00e4rp\u00e5 i \u00c5tvidaberg.<\/p>\n<p>\u2013 Jag h\u00f6rde Ingela Brimberg hos oss p\u00e5 Stockholmsoperan i Peter Grimes f\u00f6r n\u00e5gra \u00e4r sedan, har sedan f\u00f6ljt hennes internationella karri\u00e4r. Lysande r\u00f6st, lysande rolltolkningar. Hon g\u00f6r m\u00e5nga av Birgits paradroller, som Elsa, Elektra, Tosca, Senta och Amelia. Hon \u00e4r oftare p\u00e5 kontinenten \u00e4n i Sverige numera, d\u00e4rf\u00f6r \u00e4r det extra roligt att f\u00e5 henne som g\u00e4st till Link\u00f6ping och \u00c5tvidaberg, f\u00f6rklarar Staffan M\u00e5rtensson.<\/p>\n<p>&nbsp;<\/p>\n<p><a title=\"Rebecka T\u00f6rnqvist\" href=\"https:\/\/www.flickr.com\/photos\/kultursidan\/43773724032\/in\/album-72157696600521402\/\"><img loading=\"lazy\" decoding=\"async\" src=\"https:\/\/farm2.staticflickr.com\/1834\/43773724032_91fda7ee73.jpg\" alt=\"Rebecka T\u00f6rnqvist\" width=\"333\" height=\"500\" \/><\/a><br \/>\n<em>Musikalisk magi. Rebecka T\u00f6rnqvist sjunger p\u00e5 Crescendo.<\/em><\/p>\n<p>&nbsp;<\/p>\n<p><strong>Uppburen \u00e4r \u00e4ven jazzs\u00e5ngerskan Rebecka T\u00f6rnqvist som inleder musikdagarnas sex konserter i Norrk\u00f6ping.<\/strong> <em>Musikalisk magi<\/em> kallas konserten, titeln \u00e4r stulen fr\u00e5n en tidningsrecension. Rebecka kommer i s\u00e4llskap med musikerna Johan Lindstr\u00f6m, Per Texas Johansson (som lirade sax och fl\u00f6jt med Magnus Carlson p\u00e5 Hugo Parkfestival nylien), Margareta Bengtson och Konrad Agnas.<\/p>\n<p>Mer jazz blir det senare i veckan n\u00e4r trombonisten Vincent Nilsson fr\u00e5n Danish Radio Big Band lirar \u00e4ldre l\u00e5tar, fr\u00e5n swing till spirituals, med \u00d6stg\u00f6tabandet. <em>Wade in the Water<\/em> \u00e4r konsertens svalkande titel.<\/p>\n<p><strong>Andra konserter i Norrk\u00f6ping har inriktning mot kammarmusik.<\/strong> Tillsammans med F\u00f6reningen Annan musik spelar trion Amus Kerstin Andersson, violin, Chrichan Larson, cello, och Stefan Lindgren, piano, musik av Ravel och Debussy, <em>Impressionism \u2013 Modernism<\/em>.<\/p>\n<p>Dessutom blir det ett f\u00f6redrag om<em> Luther och \u00f6stg\u00f6tarna<\/em> d\u00e4r Markus Lindberg, chef p\u00e5 Vadstena klostermuseum, ber\u00e4ttar och \u00d6stg\u00f6ta brasskvintett spelar utvald musik.<\/p>\n<p>&nbsp;<\/p>\n<p><a title=\"Allt i loopar\" href=\"https:\/\/www.flickr.com\/photos\/kultursidan\/43822165221\/in\/album-72157696600521402\/\"><img loading=\"lazy\" decoding=\"async\" src=\"https:\/\/farm1.staticflickr.com\/931\/43822165221_e2b85ef2e5.jpg\" alt=\"Allt i loopar\" width=\"500\" height=\"256\" \/><\/a><br \/>\n<em>Barnkonsert. Allt i loopar l\u00e5ter den unga publiken upt\u00e4cka den elektroniska musikens magi.<\/em><\/p>\n<p>&nbsp;<\/p>\n<p><strong>Som vanligt blir det barnkonsert p\u00e5 Konstmuseet.<\/strong> <em>Allt i loopar<\/em> med folk- och v\u00e4rldsmusikern Dan Svensson unders\u00f6ker tillsammans med sin unga publik vad man kan g\u00f6ra med en loop-pedal, en mikrofon och\u00a0barnens egna\u00a0r\u00f6ster.<\/p>\n<p>\u2013 Dan Svensson var ett tips fr\u00e5n \u00d6stg\u00f6tamusikens Katariiina Mathiessen. Jag kollade p\u00e5 Youtube och f\u00f6ll pladask. Enkelt och genialt, vilken kommunikation med barnen!<\/p>\n<p><strong>\u00c5rets nyhet \u00e4r Festivalsinfoniettan, en orkester som s\u00e4tts upp f\u00f6r just musikdagarna.<\/strong><\/p>\n<p>\u2013 Festivalsinfoniettan \u00e4r en satsning p\u00e5 unga musiker som just avslutat studier p\u00e5 Kungliga Musikh\u00f6gskolan med mig som dirigent. Konsertm\u00e4stare \u00e4r \u00f6stg\u00f6tskan Lina Samuelsson, uppvuxen i Ljungsbro. Vi har gjort ett orkesterprojekt ihop tidigare, p\u00e5 Artipelag i Stockholm. Nu kompletteras str\u00e5karna med bl\u00e5sare fr\u00e5n \u00d6stg\u00f6tamusiken, ber\u00e4ttar Staffan M\u00e5rtensson.<\/p>\n<p>\u2013 J\u00e4tteroligt! Staffan h\u00f6rde av sig till Musikh\u00f6gskolan i h\u00f6stas och ville ha tips p\u00e5 n\u00e5gon som kunde b\u00e5de spela och h\u00e5lla i tr\u00e5darna. Jag var precis klar med min masterexamen, s\u00e4ger violinisten Lina Samuelsson.<\/p>\n<p>Nu \u00e4r tjejen fr\u00e5n Ljungsbro \u2013 hon gick musikkonservatoriet i Falun n\u00e4r det var dags att v\u00e4lja gymnasium \u2013 ansvarig f\u00f6r Festivalsinfoniettan.<\/p>\n<p>&nbsp;<\/p>\n<p><a title=\"Lina Samuelsson\" href=\"https:\/\/www.flickr.com\/photos\/kultursidan\/42918419895\/in\/album-72157696600521402\/\"><img loading=\"lazy\" decoding=\"async\" src=\"https:\/\/farm1.staticflickr.com\/941\/42918419895_9352755ec3.jpg\" alt=\"Lina Samuelsson\" width=\"334\" height=\"500\" \/><\/a><br \/>\n<em>\u00d6stg\u00f6tskan som r\u00e5ddar Festivalsinfoniettan. Violinisten Lina Samuelsson \u00e4r konsertm\u00e4stare.<\/em><\/p>\n<p>&nbsp;<\/p>\n<p><strong>\u2013 Str\u00e5karna \u00e4r toppskiktet fr\u00e5n Kungliga Musikh\u00f6gskolan.<\/strong> Det \u00e4r femton str\u00e5kar som s\u00e4tts samman med \u00d6stg\u00f6ta Bl\u00e5sarsymfoniker, s\u00e4ger Lina Samuelsson och ser fram emot att de unga musikerna f\u00e5r spela tillsammans med \u00d6stg\u00f6tamusikens erfarna musiker.<\/p>\n<p>Sinfoniettan spelar i Link\u00f6ping under festivalens sista dag. D\u00e5 blir det musik av Beethoven, <em>Pianokonsert nr 4<\/em>, Mendelssohns <em>Symfoni nr 4<\/em> samt ett postumt uruppf\u00f6rande av ett verk av Otto Freudenthal.<\/p>\n<p><strong>Till Norrk\u00f6ping kommer en miniversion av Festivalsinfoniettan.<\/strong> Str\u00e5kst\u00e4mledarna g\u00f6r n\u00e4mligen gemensam sak med bl\u00e5sare fr\u00e5n \u00d6stg\u00f6tamusikens Crusellkvintett. P\u00e5 programmet st\u00e5r bland annat <em>Beethovens Septett <\/em>som serveras som soppkonsert.<em><br \/>\n<\/em><\/p>\n<p>\u2013 Det \u00e4r ett fantastiskt stycke! Det har en \u00f6k\u00e4nt sv\u00e5r och stor violinst\u00e4mma. Jag \u00e4r j\u00e4tteglad f\u00f6r att f\u00e5 den utmaningen.<\/p>\n<p><em>\u00a9 Text Ann-Charlotte Sandelin<\/em><br \/>\n<em>\u2028\u00a9 Foto: Ann-Charlotte Sandelin, Lasse Hejdenberg, Malin Arnesson m.fl<\/em><\/p>\n<p>BILDSPEL \u2013 KLICKA P\u00c5 BILDENS PILAR<\/p>\n<p><a data-flickr-embed='true' href='https:\/\/www.flickr.com\/photos\/kultursidan\/sets\/72157696600521402' title='\u00d6sterg\u00f6tlands musikdagar F\u00d6RH, 2018 by Kultursidan, on Flickr'><img src='https:\/\/live.staticflickr.com\/1812\/43773724202_fbd920d86d_z.jpg' width='800' height='600' alt='Staffan M\u00e5rtensson dirigerar \u00d6stg\u00f6ta Bl\u00e5sarsymfoniker'><\/a><script async src='https:\/\/embedr.flickr.com\/assets\/client-code.js' charset='utf-8'><\/script><\/p>\n<blockquote>\n<h4>\u2028\u00d6STERG\u00d6TLANDS MUSIKDAGAR<\/h4>\n<p>11\u201318 augusti 2018<br \/>\n<strong>Musikfestival<\/strong><br \/>\nKonsertorter: Bj\u00e4rka-S\u00e4by, H\u00e4gerstad, Kinda, Link\u00f6ping, L\u00f6fstad slott, Norrk\u00f6ping, Vadstena, \u00c5tvidaberg<br \/>\nKonstn\u00e4rlig ledare: Staffan M\u00e5rtensson<br \/>\nSamarr: \u00d6stg\u00f6tamusiken, F\u00f6reningen Musik i Link\u00f6ping, F\u00f6reningen Annan musik, Crescendo , Norrk\u00f6pings Konstmuseum m.fl.<\/p>\n<p style=\"padding-left: 30px;\">UR PROGRAMMET \u2013 fr\u00e4mst NORRK\u00d6PING<\/p>\n<p style=\"padding-left: 30px;\">L\u00f6rdag 11 augusti kl 17 \u2013 Inre borgg\u00e5rden, Slottet, (Link\u00f6ping)<br \/>\n<strong>Birgit Nilsson 100 \u00e5r \u2013 Invigningskonsert<\/strong><br \/>\n\u00d6stg\u00f6ta Bl\u00e5sarsymfoniker<br \/>\nDirigent: Staffan M\u00e5rtensson<br \/>\nIngela Brimberg, sopran<\/p>\n<p style=\"padding-left: 30px;\">M\u00e5ndag 13 august kl 19 \u2013 Crescendo<br \/>\n<strong>Musikalisk magi<\/strong><br \/>\nRebecka T\u00f6rnqvist med musikerna Johan Lindstr\u00f6m, Per Texas Johansson, Margareta Bengtson och Konrad Agnas<\/p>\n<p style=\"padding-left: 30px;\">Tisdag 14 augusti kl 19 \u2013 Konstmuseet<br \/>\n<strong>Impressionism \u2013 Modernism<\/strong><br \/>\nMusik av Ravel och Debussy<br \/>\nAmus Kerstin Andersson, violin, Chrichan Larson, cello, och Stefan Lindgren, piano<\/p>\n<p style=\"padding-left: 30px;\">Onsdag 15 augusti kl 13 \u2013 Konstmuseet<br \/>\n<strong>Allt i loopar<\/strong><br \/>\nBarnkonsert med s\u00e5ngaren och multiinstrumentalisten Dan Svensson, f\u00f6r 4\u20139 \u00e5r<\/p>\n<p style=\"padding-left: 30px;\">Onsdag 15 augusti kl 19 \u2013 Crescendo<br \/>\n<strong>Wade in the Water<\/strong><br \/>\nFr\u00e5n swing till spirituals<br \/>\n\u00d6stg\u00f6tabandet och trombonisten Vincent Nilsson fr\u00e5n Danish Radio Big Band<\/p>\n<p style=\"padding-left: 30px;\">Fredag 17 augusti kl 12.30 \u2013 Konstmuseet<br \/>\n<strong>Soppkonsert \u2013 Beethovens septett<\/strong><br \/>\nFyra str\u00e5kar samt musiker fr\u00e5n Crusellkvintetten (\u00d6stg\u00f6tamusiken)<\/p>\n<p style=\"padding-left: 30px;\">L\u00f6rdag 18 augusti kl 15 \u2013 G\u00e4stabudssalen, L\u00f6fstad slott<br \/>\n<strong>Luther och \u00f6stg\u00f6tarna<\/strong><br \/>\nMarkus Lindberg, Vadstena klostermuseum, och \u00d6stg\u00f6ta Brasskvintett<\/p>\n<p style=\"padding-left: 30px;\">L\u00f6rdag 18 augusti kl 19\u00a0 \u2013 Missionskyrkan (Link\u00f6ping)<br \/>\n<strong>Festivalfinal \u2013 Beethoven, Mendelssohn, Freudenthal<\/strong><br \/>\nStaffan M\u00e5rtensson leder Festivalsinfoniettan<\/p>\n<\/blockquote>\n<p>L\u00c4NKAR<br \/>\n\u00d6stg\u00f6tamusiken <a href=\"http:\/\/www.ostgotamusiken.se\" target=\"_blank\" rel=\"noopener\">hemsida<\/a> <a href=\"https:\/\/www.facebook.com\/%C3%96stg%C3%B6tamusiken-119589751389546\/?fref=ts\" target=\"_blank\" rel=\"noopener\">Facebook<\/a><br \/>\nStaffan M\u00e5rtensson <a href=\"http:\/\/www.staffanmartensson.com\/index.html\" target=\"_blank\" rel=\"noopener\">hemsida<\/a><br \/>\n\u00d6sterg\u00f6tlands Musikdagar <a href=\"http:\/\/www.musikdagar.com\" target=\"_blank\" rel=\"noopener\">hemsida<\/a> <a href=\"https:\/\/www.facebook.com\/%C3%96sterg%C3%B6tlands-Musikdagar-1619689628341800\/\" target=\"_blank\" rel=\"noopener\">Facebook<\/a><br \/>\nDubbelstj\u00e4rnor p\u00e5 Zarahdagen med Enn <a href=\"https:\/\/www.kultursidan.nu\/?p=37305\" target=\"_blank\" rel=\"noopener\">recension<\/a> Kultursidan.nu 23\/7 2018<\/p>\n","protected":false},"excerpt":{"rendered":"<p>\u00d6STERG\u00d6TLAND V\u00e4rldssopranen hyllar v\u00e4rldssopranen. Ingela Brimberg sjunger Birgit Nilssons repertoar n\u00e4r \u00d6sterg\u00f6tlands musikdagar invigs 11 augusti. Sex konserter h\u00e5lls i Norrk\u00f6ping, b\u00e5de jazz och kammarmusik samt barnkonsert. \u00c5rets nyhet \u00e4r Festivalsinfoniettan.  <a class=\"continue-reading-link\" href=\"https:\/\/www.kultursidan.nu\/?p=37534\">L\u00e4s mer <span class=\"meta-nav\">&rarr; <\/span><\/a><\/p>\n","protected":false},"author":1001006,"featured_media":0,"comment_status":"closed","ping_status":"open","sticky":false,"template":"","format":"standard","meta":{"_jetpack_memberships_contains_paid_content":false,"footnotes":""},"categories":[7],"tags":[29,13],"class_list":["post-37534","post","type-post","status-publish","format-standard","hentry","category-norrkoping","tag-festival","tag-musik"],"jetpack_featured_media_url":"","jetpack_sharing_enabled":true,"_links":{"self":[{"href":"https:\/\/www.kultursidan.nu\/index.php?rest_route=\/wp\/v2\/posts\/37534","targetHints":{"allow":["GET"]}}],"collection":[{"href":"https:\/\/www.kultursidan.nu\/index.php?rest_route=\/wp\/v2\/posts"}],"about":[{"href":"https:\/\/www.kultursidan.nu\/index.php?rest_route=\/wp\/v2\/types\/post"}],"author":[{"embeddable":true,"href":"https:\/\/www.kultursidan.nu\/index.php?rest_route=\/wp\/v2\/users\/1001006"}],"replies":[{"embeddable":true,"href":"https:\/\/www.kultursidan.nu\/index.php?rest_route=%2Fwp%2Fv2%2Fcomments&post=37534"}],"version-history":[{"count":11,"href":"https:\/\/www.kultursidan.nu\/index.php?rest_route=\/wp\/v2\/posts\/37534\/revisions"}],"predecessor-version":[{"id":38849,"href":"https:\/\/www.kultursidan.nu\/index.php?rest_route=\/wp\/v2\/posts\/37534\/revisions\/38849"}],"wp:attachment":[{"href":"https:\/\/www.kultursidan.nu\/index.php?rest_route=%2Fwp%2Fv2%2Fmedia&parent=37534"}],"wp:term":[{"taxonomy":"category","embeddable":true,"href":"https:\/\/www.kultursidan.nu\/index.php?rest_route=%2Fwp%2Fv2%2Fcategories&post=37534"},{"taxonomy":"post_tag","embeddable":true,"href":"https:\/\/www.kultursidan.nu\/index.php?rest_route=%2Fwp%2Fv2%2Ftags&post=37534"}],"curies":[{"name":"wp","href":"https:\/\/api.w.org\/{rel}","templated":true}]}}