{"id":37582,"date":"2018-08-07T10:32:35","date_gmt":"2018-08-07T09:32:35","guid":{"rendered":"https:\/\/intelligent-friend-7861.standoutwp.com\/?p=37582"},"modified":"2018-10-22T18:54:31","modified_gmt":"2018-10-22T17:54:31","slug":"liza-och-therese-czarnecki-skriver-ihop","status":"publish","type":"post","link":"https:\/\/www.kultursidan.nu\/?p=37582","title":{"rendered":"Liza och Therese Czarnecki skriver ihop"},"content":{"rendered":"<p><a title=\"Flickan i 45:an\" href=\"https:\/\/www.flickr.com\/photos\/kultursidan\/44774545884\/in\/album-72157702544187244\/\"><img loading=\"lazy\" decoding=\"async\" src=\"https:\/\/farm2.staticflickr.com\/1927\/44774545884_047510d7bb.jpg\" alt=\"Flickan i 45:an\" width=\"500\" height=\"333\" \/><\/a><br \/>\n<em>Unga flickors m\u00f6te. Flickan i 45:an \u00e4r skriven av Liza och Thereze Czarnecki.<\/em><\/p>\n<p>&nbsp;<\/p>\n<h1><span style=\"color: #ff0000;\">Clara l\u00e4gger Sofias livspussel<\/span><\/h1>\n<p>&nbsp;<\/p>\n<p>S\u00d6DERK\u00d6PING <strong>Det \u00e4r en vacker historia.<\/strong> <em>Flickan i 45:an<\/em> utspelas i S\u00f6derk\u00f6ping under tv\u00e5 parallella tider \u2013 nutid och \u00e5r 1973. F\u00f6rfattare \u00e4r Therese och Liza Czarnecki, mor och dotter.<\/p>\n<p><strong>N\u00e4r jag hittar en ny f\u00f6rfattare \u00e4r det alltid sp\u00e4nnande att s\u00e4tta t\u00e4nderna i det f\u00f6rsta alstret,<\/strong> f\u00f6r att se och k\u00e4nna om tid och rum upph\u00f6r att existera och jag blir helt uppslukad av historien som utspelar sig blad f\u00f6r blad.<\/p>\n<p>En ny bok luktar p\u00e5 ett visst s\u00e4tt. Boken beh\u00f6ver ocks\u00e5 ha ett omslag som v\u00e4cker nyfikenhet samt en baksidestext som inte avsl\u00f6jar f\u00f6r mycket men liksom s\u00e4tter ribban f\u00f6r vad det \u00e4r som jag h\u00e5ller i min hand \u2013 <em>Flickan i 45:an.<\/em><\/p>\n<p>Det som f\u00e5ngar mig med den h\u00e4r boken \u00e4r dels att den utspelar sig i S\u00f6derk\u00f6ping och dels att det \u00e4r konstellationen mor och dotter som skrivit boken ihop.<\/p>\n<p><strong>Jag tr\u00e4ffar Liza och Therese Czarnecki p\u00e5 Jannes konditori i S\u00f6derk\u00f6ping.<\/strong> Jag m\u00f6ter tv\u00e5 varma personer, mamma Therese, som \u00e4r skolkurator, inleder samtalet p\u00e5 vuxnas vis medan Liza observerar innan hon tar del. Jag f\u00e5r veta att b\u00e5da tv\u00e5 alltid varit intresserade av litteratur och att skriva men det h\u00e4r \u00e4r det f\u00f6rsta som de givit ut. I f\u00f6rlagets f\u00f6rfattarpresentation kan jag l\u00e4sa om en kreativ tjej som \u00e4gnar sig \u00e5t musik, film och teater.<\/p>\n<p>Det hela b\u00f6rjade f\u00f6r Lizas del med en svenskauppgift i klass 6 p\u00e5 Bj\u00f6rkhagaskolan i S\u00f6derk\u00f6ping. Skolan \u00e4r en viktig plats i ber\u00e4ttelsen fast den d\u00e4r f\u00e5tt ett annat namn.<\/p>\n<p><strong>Liza, som i dag \u00e4r 15 \u00e5r, spann s\u00e5 sm\u00e5ningom vidare p\u00e5 historien tillsammans med mamma Theresa.<\/strong> De s\u00e4ger b\u00e5da tv\u00e5 att det h\u00e4r har verkligen varit kvalitetstid. De har suttit p\u00e5 altanen hemma i S\u00f6derk\u00f6ping och skrivit, men ocks\u00e5 i fj\u00e4llstugan, sk\u00e4rg\u00e5rden och p\u00e5 Mauritzbergs slott. Historien har f\u00e5tt liv under bilf\u00e4rder och promenader. De har haft otroligt roligt i resan d\u00e4r boken har v\u00e4xt fram.<\/p>\n<p>De har skrivit allt tillsammans f\u00f6rutom tv\u00e5 kapitel som de skrivit ett var.<\/p>\n<p>Liza har fotograferat omslagsbilden. Det svartvita pianot kontrasterar mot buketten av liljekonvaljer, det signalerar en vacker historia.<\/p>\n<p><strong>Ber\u00e4ttelsen f\u00e5r mig att k\u00e4nna mig lite som n\u00e4r jag som barn l\u00e4ste Maria Gripe och i vuxen \u00e5lder n\u00e4r jag l\u00e4ser Jane Austen.<\/strong> Betraktarperspektivet l\u00e5ter l\u00e4saren f\u00f6lja med i karakt\u00e4rernas tankar och k\u00e4nslor och det \u00e4r det som alltid gjort att jag \u00e4lskat b\u00e5de Maria Gripe och Jane Austen.<\/p>\n<p>F\u00f6rfattarna anv\u00e4nder ett vackert och m\u00e5lande spr\u00e5k utan att konstra till det, rytmen finns d\u00e4r s\u00e5 det \u00e4r bara att v\u00e4nda blad och dras in i historien. Orden m\u00e5lar upp dofter av liljekonvaljer och syren, jag smakar b\u00e5de pannkakor och kanelbullar och k\u00e4nner verkligen huvudpersonernas k\u00e4nslor mot bakgrunden av mer perifera gestalter.<\/p>\n<p><strong><em>Flickan i 45:an <\/em>presenteras som en deckare men jag vill nog inte sj\u00e4lv s\u00e4tta den i det facket.<\/strong> Det \u00e4r dock en historia, ett livs\u00f6de som nystas upp men utan en mordg\u00e5ta.<\/p>\n<p>Delar av ber\u00e4ttelsen utspelas p\u00e5 Stor\u00e4ngen. F\u00f6rfattarna blev nyfikna p\u00e5 historien om det som numera \u00e4r grundskola och \u00e4ldreboende men tidigare var en anstalt. De gick till biblioteket och l\u00e4ste i stadens historiska arkiv f\u00f6r att f\u00e5 veta mer och med den kunskapen har historien v\u00e4xt fram. Det \u00e4r en parallellhistoria om tv\u00e5 flickor som \u00e4r 12 \u00e5r, Clara i nutid och Sofia som \u00e4r 12 \u00e5r 1973. De h\u00e4r tv\u00e5 flickorna m\u00f6ts n\u00e4r Sofias livs\u00f6de nystas upp.<\/p>\n<p><strong>Sp\u00e4nningen ligger i hur Clara l\u00e4gger Sofias livspussel och hur nutid och d\u00e5tid m\u00f6ts.<\/strong> Att se att tankar som en 12-\u00e5ring har \u00e4r v\u00e4ldigt lika oavsett tids\u00e5lder och vad som faktiskt \u00e4r viktigt f\u00f6r en ung flicka p\u00e5 v\u00e4g ut i livet.<\/p>\n<p>Det \u00e4r en ber\u00e4ttelse om relationer och hur man v\u00e4xer med andra m\u00e4nniskor. Det \u00e4r ocks\u00e5 en historia om hur hemmets trygga vr\u00e5 pl\u00f6tsligt byts ut mot det ok\u00e4nda p\u00e5 gott och ont. En vacker och s\u00e4llsam historia med ett k\u00e4nsloregister fr\u00e5n oerh\u00f6rd gl\u00e4dje till \u00f6desdiger ensamhet.<\/p>\n<p><strong>Boken, som \u00e4r egenutgiven p\u00e5 Vulkan f\u00f6rlag, var fr\u00e5n b\u00f6rjan t\u00e4nkt f\u00f6r mellanstadieelever men jag f\u00e5r veta att \u00e4ven vuxna har l\u00e4st den med bra respons.<\/strong> Jag sj\u00e4lv hade en s\u00e4llsamt vacker l\u00e4supplevelse och hoppas p\u00e5 en forts\u00e4ttning om Clara och Sofia.<\/p>\n<p><em>\u00a9 Text: Christina Wernersson\u2028<\/em><\/p>\n<blockquote>\n<h4>BER\u00c4TTELSE<\/h4>\n<p><strong>Flickan i 45:an<br \/>\n<\/strong>\u2028av Liza och Therese Czarnecki<br \/>\nVulkan f\u00f6rlag 2018<\/p><\/blockquote>\n<p>L\u00c4NKAR<br \/>\nLiza och Thereze Czarnecki <a href=\"https:\/\/www.vulkanmedia.se\/forfattarintervjuer\/flickan-i-45an-av-liza-och-therese-czarnecki\/\" target=\"_blank\" rel=\"noopener\">f\u00f6rfattarpresentation<\/a> <a href=\"https:\/\/www.vulkanmedia.se\/butik\/bocker\/svensk-skonlitteratur\/flickan-i-45an-av-therese-czarnecki\/\" target=\"_blank\" rel=\"noopener\">Flickan i 45:an<\/a><\/p>\n","protected":false},"excerpt":{"rendered":"<p>S\u00d6DERK\u00d6PING Det \u00e4r en vacker historia. Flickan i 45:an utspelas i S\u00f6derk\u00f6ping under tv\u00e5 parallella tider \u2013 nutid och \u00e5r 1973. F\u00f6rfattare \u00e4r Therese och Liza Czarnecki, mor och dotter.  <a class=\"continue-reading-link\" href=\"https:\/\/www.kultursidan.nu\/?p=37582\">L\u00e4s mer <span class=\"meta-nav\">&rarr; <\/span><\/a><\/p>\n","protected":false},"author":1001006,"featured_media":0,"comment_status":"closed","ping_status":"open","sticky":false,"template":"","format":"standard","meta":{"_jetpack_memberships_contains_paid_content":false,"footnotes":""},"categories":[64,6],"tags":[37,16],"class_list":["post-37582","post","type-post","status-publish","format-standard","hentry","category-litteratur-2","category-soderkoping","tag-barnkultur","tag-litteratur"],"jetpack_featured_media_url":"","jetpack_sharing_enabled":true,"_links":{"self":[{"href":"https:\/\/www.kultursidan.nu\/index.php?rest_route=\/wp\/v2\/posts\/37582","targetHints":{"allow":["GET"]}}],"collection":[{"href":"https:\/\/www.kultursidan.nu\/index.php?rest_route=\/wp\/v2\/posts"}],"about":[{"href":"https:\/\/www.kultursidan.nu\/index.php?rest_route=\/wp\/v2\/types\/post"}],"author":[{"embeddable":true,"href":"https:\/\/www.kultursidan.nu\/index.php?rest_route=\/wp\/v2\/users\/1001006"}],"replies":[{"embeddable":true,"href":"https:\/\/www.kultursidan.nu\/index.php?rest_route=%2Fwp%2Fv2%2Fcomments&post=37582"}],"version-history":[{"count":4,"href":"https:\/\/www.kultursidan.nu\/index.php?rest_route=\/wp\/v2\/posts\/37582\/revisions"}],"predecessor-version":[{"id":38668,"href":"https:\/\/www.kultursidan.nu\/index.php?rest_route=\/wp\/v2\/posts\/37582\/revisions\/38668"}],"wp:attachment":[{"href":"https:\/\/www.kultursidan.nu\/index.php?rest_route=%2Fwp%2Fv2%2Fmedia&parent=37582"}],"wp:term":[{"taxonomy":"category","embeddable":true,"href":"https:\/\/www.kultursidan.nu\/index.php?rest_route=%2Fwp%2Fv2%2Fcategories&post=37582"},{"taxonomy":"post_tag","embeddable":true,"href":"https:\/\/www.kultursidan.nu\/index.php?rest_route=%2Fwp%2Fv2%2Ftags&post=37582"}],"curies":[{"name":"wp","href":"https:\/\/api.w.org\/{rel}","templated":true}]}}