{"id":37662,"date":"2018-08-12T18:44:42","date_gmt":"2018-08-12T17:44:42","guid":{"rendered":"https:\/\/intelligent-friend-7861.standoutwp.com\/?p=37662"},"modified":"2018-10-18T08:00:17","modified_gmt":"2018-10-18T07:00:17","slug":"glasklar-invigning-med-ingela-brimberg","status":"publish","type":"post","link":"https:\/\/www.kultursidan.nu\/?p=37662","title":{"rendered":"Glasklar invigning med Ingela Brimberg"},"content":{"rendered":"<p><a title=\"Ingela Brimberg\" href=\"https:\/\/www.flickr.com\/photos\/kultursidan\/43279766664\/in\/album-72157672228719208\/\"><img loading=\"lazy\" decoding=\"async\" src=\"https:\/\/farm2.staticflickr.com\/1798\/43279766664_c9757ddcd0.jpg\" alt=\"Ingela Brimberg\" width=\"500\" height=\"333\" \/><\/a><br \/>\n<em>Inlevelse. N\u00e4r \u00d6sterg\u00f6tlands Musikdagar invigdes i l\u00f6rdags med sopranen Ingela Brimberg var temat 100-\u00e5rsminnet av Birgit Nilsson.<\/em><\/p>\n<p>&nbsp;<\/p>\n<h1><span style=\"color: #ff0000;\">Sjunger ganska fritt och \u201ditalienskt\u201d<\/span><\/h1>\n<p>&nbsp;<\/p>\n<p>RECENSION\/ LINK\u00d6PING <strong>Mycket italienskt och k\u00e4nslostarkt med Verdi, Puccini och La Strada.<\/strong> N\u00e4stan s\u00e5 att det spillde \u00f6ver p\u00e5 Wagner n\u00e4r konserten <em>Birgit Nilsson 100 \u00e5r<\/em> invigde \u00d6sterg\u00f6tlands musikdagar i Missionskyrkan i l\u00f6rdags.\u00a0 &#8221;La Nilsson&#8221; skulle varit mer \u00e4n n\u00f6jd med sopranen Ingela Brimberg och Bl\u00e5sarsymfonikerna.<\/p>\n<p><strong>Ingela Brimberg \u00e4r en av v\u00e4rldens fr\u00e4msta dramatiska sopraner med en stor r\u00f6st som \u00e4nd\u00e5 har bra legato och dessutom kommer med \u201dosvenska\u201d k\u00e4nsloutbrott;<\/strong> s\u00e4kert \u00e4r hon en av de b\u00e4sta att kunna fira \u201dBirgit Nilsson 100 \u00e5r\u201d med. Dessutom har hon en s\u00e4ker k\u00e4nsla f\u00f6r att hitta h\u00f6jdpunkterna i musiken och en genomborrande musikalisk intelligens med stor rutin.<\/p>\n<p>Hon anv\u00e4nder den italienska s\u00e5ngtekniken mer \u00e4n den tyska, det vill s\u00e4ga att hon \u00e5ker en del mellan tonerna (portamento) och vibrerar lite mer \u00e4n vad vi ofta g\u00f6r i Sverige. Hur som helst \u00e4r hon f\u00f6rkrossande effektiv och h\u00f6rs alltid glasklart \u00e4ven n\u00e4r alla bl\u00e5sare ligger p\u00e5 max i Verdi.<\/p>\n<p>&nbsp;<\/p>\n<p><a title=\"Staffan M\u00e5rtensson\" href=\"https:\/\/www.flickr.com\/photos\/kultursidan\/29061108087\/in\/album-72157672228719208\/\"><img loading=\"lazy\" decoding=\"async\" src=\"https:\/\/farm2.staticflickr.com\/1817\/29061108087_1ef2a27ebc.jpg\" alt=\"Staffan M\u00e5rtensson\" width=\"500\" height=\"333\" \/><\/a><br \/>\n<em>Topp. Staffan M\u00e5rtensson \u00e4r b\u00e5de konstn\u00e4rlig ledare f\u00f6r Musikdagarna och dirigerar de stora konserterna.<\/em><\/p>\n<p>&nbsp;<\/p>\n<p><strong>Som mellanspel f\u00f6rs\u00f6kte sig bl\u00e5sorkestern p\u00e5 gammal italiensk filmmusik.<\/strong>, Nino Rotas tons\u00e4ttning till <em>La Strada<\/em> med Anthony Quinn om n\u00e5gon minns den (han skrev ocks\u00e5 musiken till <em>Gudfadern<\/em>). Det blev ibland medryckande men lite l\u00e5ngrandigt.<\/p>\n<p><strong>Puccini och <em>Tosca<\/em> \u00e4r lite t\u00e4tare, t\u00e4tt l\u00e5ter det definitivt.<\/strong> Ingelas mellanregister \u00e4r s\u00e4kert ett av de b\u00e4sta i v\u00e4rlden och p\u00e5minner kanske mer om Jenny Linds \u00e4n om Nilssons. \u00c4ven <em>Lohengrin<\/em> (om Graalriddaren) l\u00e5ter mycket fylligt och det \u00e4r bra att hon sjunger ganska fritt och \u201ditalienskt\u201d \u00e4ven i Wagner. P\u00e5 hans 1840-tal var f\u00f6rst\u00e5s de flesta s\u00e5ngarna utbildade i Italien eller \u00e5tminstone i den skolan s\u00e5 att s\u00e4ga.<\/p>\n<p>&nbsp;<\/p>\n<p><a title=\"Ingela Brimberg\" href=\"https:\/\/www.flickr.com\/photos\/kultursidan\/43998460921\/in\/album-72157672228719208\/\"><img loading=\"lazy\" decoding=\"async\" src=\"https:\/\/farm2.staticflickr.com\/1800\/43998460921_16dc7a2f4f.jpg\" alt=\"Ingela Brimberg\" width=\"500\" height=\"333\" \/><\/a><br \/>\n<em>Wagner. \u00c4ven den tyngre tyska musiken f\u00e5r liv genom Inga Brimbergs engagemang. <\/em><\/p>\n<p>&nbsp;<\/p>\n<p><strong>\u00d6stg\u00f6ta Bl\u00e5sarsymfoniker l\u00e4t ocks\u00e5 mycket bra i ouvertyren till <em>Tannh\u00e4user.<\/em><\/strong> Man saknar ibland str\u00e5karna som ska symbolisera Venus och erotiken, men den och Elisabeths h\u00e4lsningss\u00e5ng, <em>Dich, Teure Halle,<\/em> med Ingela l\u00e4t mycket gediget under s\u00e4ker ledning av Staffan M\u00e5rtensson.<\/p>\n<p>De lysande men lyriska s\u00e5ngerskorna vi h\u00f6rt under tidigare \u00e5r fick h\u00e4r en om m\u00f6jligt \u00e4nnu starkare konkurrent. Inledningen till \u00d6sterg\u00f6tlands Musikdagar kunde knappast vara b\u00e4ttre.<\/p>\n<p><em>\u00a9 Text: Lars Henriksson<br \/>\n\u00a9 Foto: Ann-Charlotte Sandelin<\/em><\/p>\n<p>BILDSPEL \u2013 KLICKA P\u00c5 BILDENS PILAR<\/p>\n<p><a data-flickr-embed='true' href='https:\/\/www.flickr.com\/photos\/kultursidan\/albums\/72157672228719208' title='Invigningskonsert, \u00d6sterg\u00f6tlands Musikdagar 2018 by Kultursidan, on Flickr'><img src='https:\/\/live.staticflickr.com\/1796\/30129894958_a9aa82068b_z.jpg' width='800' height='600' alt='Harpan st\u00e4ms'><\/a><script async src='https:\/\/embedr.flickr.com\/assets\/client-code.js' charset='utf-8'><\/script><\/p>\n<blockquote>\n<h4>MISSIONSKYRKAN Link\u00f6ping<\/h4>\n<p>11 augusti 2018<br \/>\n<strong>Birgit Nilsson 100 \u00e5r<\/strong><br \/>\nInvigningskonsert<br \/>\n\u00d6stg\u00f6tamusikens Bl\u00e5sarsymfoniker<br \/>\nDirigent: Staffan M\u00e5rtensson<br \/>\nSopransolist: Ingela Brimberg<br \/>\nMusik: Verdi, Puccini, Rota, Wagner, Loewe, Gershwin<br \/>\nSamarr: Musik i Link\u00f6ping, \u00d6sterg\u00f6tlands Musikdagar och \u00d6stg\u00f6tamusiken<\/p><\/blockquote>\n<p>L\u00c4NKAR<br \/>\n\u00d6stg\u00f6tamusiken <a href=\"http:\/\/www.ostgotamusiken.se\" target=\"_blank\" rel=\"noopener\">hemsida<\/a> <a href=\"https:\/\/www.facebook.com\/%C3%96stg%C3%B6tamusiken-119589751389546\/?fref=ts\" target=\"_blank\" rel=\"noopener\">Facebook<\/a><br \/>\nStaffan M\u00e5rtensson <a href=\"http:\/\/www.staffanmartensson.com\/index.html\" target=\"_blank\" rel=\"noopener\">hemsida<\/a><br \/>\n\u00d6sterg\u00f6tlands Musikdagar <a href=\"http:\/\/www.musikdagar.com\" target=\"_blank\" rel=\"noopener\">hemsida<\/a> <a href=\"https:\/\/www.facebook.com\/%C3%96sterg%C3%B6tlands-Musikdagar-1619689628341800\/\" target=\"_blank\" rel=\"noopener\">Facebook<\/a><br \/>\nMusikdagarna hyllar Birgit Nilsson 100 \u00e5r <a href=\"https:\/\/www.kultursidan.nu\/?p=37534\" target=\"_blank\" rel=\"noopener\">reportage<\/a> Kultursidan.nu 3\/8 2018<\/p>\n","protected":false},"excerpt":{"rendered":"<p>RECENSION\/ LINK\u00d6PING Mycket italienskt och k\u00e4nslostarkt med Verdi, Puccini och La Strada. N\u00e4stan s\u00e5 att det spillde \u00f6ver p\u00e5 Wagner n\u00e4r konserten Birgit Nilsson 100 \u00e5r invigde \u00d6sterg\u00f6tlands musikdagar i Missionskyrkan i l\u00f6rdags.  &#8221;La Nilsson&#8221; skulle varit mer \u00e4n n\u00f6jd med sopranen Ingela Brimberg och Bl\u00e5sarsymfonikerna. <a class=\"continue-reading-link\" href=\"https:\/\/www.kultursidan.nu\/?p=37662\">L\u00e4s mer <span class=\"meta-nav\">&rarr; <\/span><\/a><\/p>\n","protected":false},"author":1001006,"featured_media":0,"comment_status":"closed","ping_status":"open","sticky":false,"template":"","format":"standard","meta":{"_jetpack_memberships_contains_paid_content":false,"footnotes":""},"categories":[55],"tags":[29,13],"class_list":["post-37662","post","type-post","status-publish","format-standard","hentry","category-linkoping","tag-festival","tag-musik"],"jetpack_featured_media_url":"","jetpack_sharing_enabled":true,"_links":{"self":[{"href":"https:\/\/www.kultursidan.nu\/index.php?rest_route=\/wp\/v2\/posts\/37662","targetHints":{"allow":["GET"]}}],"collection":[{"href":"https:\/\/www.kultursidan.nu\/index.php?rest_route=\/wp\/v2\/posts"}],"about":[{"href":"https:\/\/www.kultursidan.nu\/index.php?rest_route=\/wp\/v2\/types\/post"}],"author":[{"embeddable":true,"href":"https:\/\/www.kultursidan.nu\/index.php?rest_route=\/wp\/v2\/users\/1001006"}],"replies":[{"embeddable":true,"href":"https:\/\/www.kultursidan.nu\/index.php?rest_route=%2Fwp%2Fv2%2Fcomments&post=37662"}],"version-history":[{"count":6,"href":"https:\/\/www.kultursidan.nu\/index.php?rest_route=\/wp\/v2\/posts\/37662\/revisions"}],"predecessor-version":[{"id":38616,"href":"https:\/\/www.kultursidan.nu\/index.php?rest_route=\/wp\/v2\/posts\/37662\/revisions\/38616"}],"wp:attachment":[{"href":"https:\/\/www.kultursidan.nu\/index.php?rest_route=%2Fwp%2Fv2%2Fmedia&parent=37662"}],"wp:term":[{"taxonomy":"category","embeddable":true,"href":"https:\/\/www.kultursidan.nu\/index.php?rest_route=%2Fwp%2Fv2%2Fcategories&post=37662"},{"taxonomy":"post_tag","embeddable":true,"href":"https:\/\/www.kultursidan.nu\/index.php?rest_route=%2Fwp%2Fv2%2Ftags&post=37662"}],"curies":[{"name":"wp","href":"https:\/\/api.w.org\/{rel}","templated":true}]}}