{"id":37676,"date":"2018-08-13T11:39:36","date_gmt":"2018-08-13T10:39:36","guid":{"rendered":"https:\/\/intelligent-friend-7861.standoutwp.com\/?p=37676"},"modified":"2018-10-18T07:57:42","modified_gmt":"2018-10-18T06:57:42","slug":"loa-falkman-tog-plats-i-vasaparken","status":"publish","type":"post","link":"https:\/\/www.kultursidan.nu\/?p=37676","title":{"rendered":"Loa Falkman tog plats i Vasaparken"},"content":{"rendered":"<p><a title=\"Loa Falkman\" href=\"https:\/\/www.flickr.com\/photos\/kultursidan\/44010978131\/in\/album-72157700152091705\/\"><img loading=\"lazy\" decoding=\"async\" src=\"https:\/\/farm1.staticflickr.com\/929\/44010978131_44354f81a4.jpg\" alt=\"Loa Falkman\" width=\"500\" height=\"332\" \/><\/a><br \/>\n<em>Med musik i bagaget. Loa Falkman kom till Vasaparken i s\u00f6ndags f\u00f6r att sjunga med Norrk\u00f6pings symfoniorkester.<\/em><\/p>\n<p>&nbsp;<\/p>\n<h1><span style=\"color: #ff0000;\">En publikfriare \u2026och vi faller<\/span><\/h1>\n<p>&nbsp;<\/p>\n<p>RECENSION\/ NORRK\u00d6PING <strong>En publikfriare av rang \u00e4r Loa Falkman.<\/strong> Ljumma sommarvindar bl\u00e5ser n\u00e4r publiken tar plats i Vasaparken f\u00f6r att lyssna p\u00e5 Norrk\u00f6pings symfoniorkester. Med &#8221;Musik i det gr\u00f6na&#8221; sj\u00f6ngs sommaren ut p\u00e5 s\u00f6ndagen.<\/p>\n<p><strong>Ljumma sommarvindar bl\u00e5ser n\u00e4r publiken b\u00e4nkar sig med filtar, brassestolar och picknickkorgar i Vasaparken f\u00f6r att avnjuta SON och Loa Falkman.<\/strong> Det tisslas och tasslas i publiken om v\u00e5r briljanta orkester och storheten i Loas r\u00f6st, f\u00f6rv\u00e4ntningarna dallrar i luften.<\/p>\n<p>Henrik Marm\u00e9n, konstn\u00e4rlig ledare f\u00f6r SON, h\u00e4lsar v\u00e4lkommen. Han l\u00e5ter publiken veta att eftermiddagens konsert bjuder p\u00e5 smakprov fr\u00e5n h\u00f6stens program. Han sl\u00e5r \u00e4ven ett slag f\u00f6r konserten den 30:e augusti med SON och Vadstena-akademien. \u00c4ven den \u00e4r en gratiskonsert.<\/p>\n<p>&nbsp;<\/p>\n<p><a title=\"Loa Falkman sj\u00f6ng med SON\" href=\"https:\/\/www.flickr.com\/photos\/kultursidan\/30141868578\/in\/album-72157700152091705\/\"><img loading=\"lazy\" decoding=\"async\" src=\"https:\/\/farm1.staticflickr.com\/931\/30141868578_0ac9eaa913.jpg\" alt=\"Loa Falkman sj\u00f6ng med SON\" width=\"500\" height=\"332\" \/><\/a><br \/>\n<em>N\u00e5r ut. Loa Falkman sj\u00f6ng bland annat Toreadorarian ur Bizets Carmen.<\/em><\/p>\n<p>&nbsp;<\/p>\n<p><strong>Konserten b\u00f6rjar pampigt med <em>Ouvertyren<\/em> fr\u00e5n Carmen, sm\u00e4ktande vackert \u00f6verg\u00e5r den till <em>Entr&#8217;acte<\/em> akt 3.<\/strong> D\u00e4r g\u00f6r g\u00e4stsolisten entr\u00e9 och Loa Falkman vet hur en scen ska tas. P\u00e5 oklanderlig franska framf\u00f6r han <em>Toreadorarian<\/em>. Det \u00e4r inte bara hans scenpersona som \u00e4r stor, hans r\u00f6st sv\u00e4var \u00f6ver Vasaparken och det \u00e4r bara att njuta av sk\u00f6ns\u00e5ng och briljanta musiker.<\/p>\n<p>N\u00e4r hans r\u00f6st sticker i de l\u00e5nga, utdragna tonerna st\u00e5r jag d\u00e4r med ett l\u00f6jligt lyckligt leende just f\u00f6r att det \u00e4r s\u00e5 f\u00f6rbaskat bra! Det var Loa som i mina tidiga ton\u00e5r fick mig att uppt\u00e4cka Bizets musik och operan &#8221;Carmen&#8221;. En fantastisk k\u00e4rlekshistoria.<\/p>\n<p><strong>Loa Falkman bjuder p\u00e5 mycket humor i mellansnacket.<\/strong> Han g\u00f6r anspelningar p\u00e5 sin andra persona, som nog m\u00e5nga k\u00e4nner igen, ICA-Stig. Och \u2013 \u201djag har s\u00e5 svag r\u00f6st men min andedr\u00e4kt \u00e4r desto starkare\u201d\u2013 s\u00e4ger han n\u00e4r n\u00e5gra g\u00e5r fram med sina mobilkameror f\u00f6r att f\u00e5 en \u00f6gonblicksbild.<\/p>\n<p>Nu reser vi till New York. Ebb\/Kanders <em>New York, New York<\/em> g\u00e5r som en alls\u00e5ng genom publiken. Det avslutande \u201dK:et\u201d fraserar Loa som en kyss till publiken. Han \u00e4r en publikfriare och naturligtvis faller vi.<\/p>\n<p><strong><em>Beethovens 5:a<\/em> \u00e4r s\u00e5dan d\u00e4r musik som alla k\u00e4nner till.<\/strong> Den har anv\u00e4nts i filmer och reklam. K\u00e4nner man inte igen inledningen till femman s\u00e5 \u00e4r man antingen inte f\u00f6dd eller d\u00f6d! Den \u00e4r pampig och det finns allt fr\u00e5n det \u00f6desdigra till ett ljus l\u00e5ngt borta.<\/p>\n<p>Han forts\u00e4tter att tala om toner och intervaller och tar ett par toner och fr\u00e5gar orkestern hur det l\u00e5ter. Och f\u00e5r som svar inledningen till Brahms <em>3:e symfoni<\/em>. Det \u00e4r ljuvligt vackert och nostalgiskt.<\/p>\n<p>&nbsp;<\/p>\n<p><a title=\"Loa Falkman och Christoffer Nobin\" href=\"https:\/\/www.flickr.com\/photos\/kultursidan\/42201297430\/in\/album-72157700152091705\/\"><img loading=\"lazy\" decoding=\"async\" src=\"https:\/\/farm2.staticflickr.com\/1814\/42201297430_d081c5a113.jpg\" alt=\"Loa Falkman och Christoffer Nobin\" width=\"500\" height=\"332\" \/><\/a><br \/>\n<em>Mellansnack. Dirigenten Christoffer Nobin h\u00f6r Loa Falkman introducera n\u00e4sta stycke.<\/em><\/p>\n<p>&nbsp;<\/p>\n<p><strong>Loa ber\u00e4ttar att n\u00e5got av 1900-talets h\u00e4ftigaste musik \u00e4r baserad p\u00e5 en saga och skrevs som balettmusik av Igor Stravinskij.<\/strong> Men eftersom konsten ligger i betraktarens \u00f6ga eller \u00f6ra s\u00e5 uppmanar han oss alla att nu g\u00e5 in i v\u00e5r egen sagov\u00e4rld.<\/p>\n<p>F\u00f6rsta g\u00e5ngen jag h\u00f6rde <em>Eldf\u00e5geln<\/em> var i 5e klass. Vi fick l\u00e4gga oss p\u00e5 golvet och blunda och efter\u00e5t skulle vi skriva en ber\u00e4ttelse inspirerad av musiken. Min ber\u00e4ttelse var fylld av flygande eldsprutande drakar.<\/p>\n<p><strong>Jag har h\u00f6rt Webbers <em>Music of The Night<\/em> fr\u00e5n &#8221;Phantom of The Opera&#8221; med olika s\u00e5ngare.<\/strong> Loas framf\u00f6rande var bra \u00e4ven om det finns de som g\u00f6r den m\u00e4ktigare.<\/p>\n<p>Konserten avslutas med <em>Kom i min famn<\/em> av nationalskalden Evert Taube. Finst\u00e4mt och k\u00e4rleksfullt och publikens jubel.<\/p>\n<p><strong>Det blir ett extranummer \u2013 <em>Till Havs<\/em> med inlevelse och stark r\u00f6st.<\/strong> S\u00e5 sjunger folkk\u00e4ra artisten Loa Falkman ut Augustifesten och sommaren med SON i det gr\u00f6na.<\/p>\n<p><em>\u00a9 Text: Christina Wernersson<br \/>\n\u00a9 Foto: Sven \u00c5ke Molund<\/em><\/p>\n<p>BILDSPEL \u2013 KLICKA P\u00c5 BILDENS PILAR<\/p>\n<p><a data-flickr-embed='true' href='https:\/\/www.flickr.com\/photos\/kultursidan\/sets\/72157700152091705' title='Musik i det gr\u00f6na, SON 2018 by Kultursidan, on Flickr'><img src='https:\/\/live.staticflickr.com\/1832\/42201297360_1a144545dd_z.jpg' width='800' height='600' alt='Publiken i Vasaparken'><\/a><script async src='https:\/\/embedr.flickr.com\/assets\/client-code.js' charset='utf-8'><\/script><\/p>\n<blockquote>\n<h4>VASAPARKEN Norrk\u00f6ping<\/h4>\n<p>12 augusti 2018<br \/>\n<strong>Musik i det gr\u00f6na<\/strong><br \/>\nNorrk\u00f6pings symfoniorkester<br \/>\nDirigent: Christoffer Nobin<br \/>\nG\u00e4stsolist: Loa Falkman<\/p>\n<p style=\"padding-left: 30px;\">PROGRAM<br \/>\n<strong>Bizet<\/strong> Uvertyr ur Carmen<br \/>\n<strong>Bizet<\/strong> Entracte till akt 3 ur Carmen<br \/>\n<strong>Bizet<\/strong> Toreadorarian ur Carmen (Votre toast je peux le rendre)<br \/>\n<strong>Beethoven<\/strong> Symfoni nr 5, sats 1<br \/>\n<strong>Brahms<\/strong> Symfoni nr 3, sats 3<br \/>\n<strong>Ebb\/Kander<\/strong> New York, New York<br \/>\n<strong>Stravinskij<\/strong> Eldf\u00e5geln, sats 5-7<br \/>\n<strong>Webber<\/strong> The Phantom of the Opera: The Music of the Night<br \/>\n<strong>Taube<\/strong> Sommarnatt (Kom i min famn)<\/p>\n<\/blockquote>\n<p>L\u00c4NKAR<br \/>\nNorrk\u00f6pings symfoniorkester <a href=\"http:\/\/www.norrkopingssymfoniorkester.se\" target=\"_blank\" rel=\"noopener noreferrer\">hemsida<\/a> <a href=\"https:\/\/www.facebook.com\/norrkoping.symphony\/?fref=ts\" target=\"_blank\" rel=\"noopener noreferrer\">Facebook<\/a><br \/>\nSON spelar Wienklassiskt och nytt <a href=\"https:\/\/www.kultursidan.nu\/?p=36304\" target=\"_blank\" rel=\"noopener\">reportage<\/a> Kultursidan.nu 8\/5 2018<\/p>\n","protected":false},"excerpt":{"rendered":"<p>RECENSION\/ NORRK\u00d6PING En publikfriare av rang \u00e4r Loa Falkman. Ljumma sommarvindar bl\u00e5ser n\u00e4r publiken tar plats i Vasaparken f\u00f6r att lyssna p\u00e5 Norrk\u00f6pings symfoniorkester. Med Musik i det gr\u00f6na sj\u00f6ngs sommaren ut p\u00e5 s\u00f6ndagen. <a class=\"continue-reading-link\" href=\"https:\/\/www.kultursidan.nu\/?p=37676\">L\u00e4s mer <span class=\"meta-nav\">&rarr; <\/span><\/a><\/p>\n","protected":false},"author":1001006,"featured_media":0,"comment_status":"closed","ping_status":"open","sticky":false,"template":"","format":"standard","meta":{"_jetpack_memberships_contains_paid_content":false,"footnotes":""},"categories":[7],"tags":[13],"class_list":["post-37676","post","type-post","status-publish","format-standard","hentry","category-norrkoping","tag-musik"],"jetpack_featured_media_url":"","jetpack_sharing_enabled":true,"_links":{"self":[{"href":"https:\/\/www.kultursidan.nu\/index.php?rest_route=\/wp\/v2\/posts\/37676","targetHints":{"allow":["GET"]}}],"collection":[{"href":"https:\/\/www.kultursidan.nu\/index.php?rest_route=\/wp\/v2\/posts"}],"about":[{"href":"https:\/\/www.kultursidan.nu\/index.php?rest_route=\/wp\/v2\/types\/post"}],"author":[{"embeddable":true,"href":"https:\/\/www.kultursidan.nu\/index.php?rest_route=\/wp\/v2\/users\/1001006"}],"replies":[{"embeddable":true,"href":"https:\/\/www.kultursidan.nu\/index.php?rest_route=%2Fwp%2Fv2%2Fcomments&post=37676"}],"version-history":[{"count":7,"href":"https:\/\/www.kultursidan.nu\/index.php?rest_route=\/wp\/v2\/posts\/37676\/revisions"}],"predecessor-version":[{"id":38614,"href":"https:\/\/www.kultursidan.nu\/index.php?rest_route=\/wp\/v2\/posts\/37676\/revisions\/38614"}],"wp:attachment":[{"href":"https:\/\/www.kultursidan.nu\/index.php?rest_route=%2Fwp%2Fv2%2Fmedia&parent=37676"}],"wp:term":[{"taxonomy":"category","embeddable":true,"href":"https:\/\/www.kultursidan.nu\/index.php?rest_route=%2Fwp%2Fv2%2Fcategories&post=37676"},{"taxonomy":"post_tag","embeddable":true,"href":"https:\/\/www.kultursidan.nu\/index.php?rest_route=%2Fwp%2Fv2%2Ftags&post=37676"}],"curies":[{"name":"wp","href":"https:\/\/api.w.org\/{rel}","templated":true}]}}