{"id":37734,"date":"2018-08-17T09:50:12","date_gmt":"2018-08-17T08:50:12","guid":{"rendered":"https:\/\/intelligent-friend-7861.standoutwp.com\/?p=37734"},"modified":"2018-10-15T11:23:37","modified_gmt":"2018-10-15T10:23:37","slug":"ravel-och-debussy-pa-konstmuseet","status":"publish","type":"post","link":"https:\/\/www.kultursidan.nu\/?p=37734","title":{"rendered":"Ravel och Debussy p\u00e5 Konstmuseet"},"content":{"rendered":"<p><a title=\"Stefan Lindgren, Amus Kerstin Andersson, Chrichan Larson\" href=\"https:\/\/www.flickr.com\/photos\/kultursidan\/43180431495\/in\/album-72157699946259154\/\"><img loading=\"lazy\" decoding=\"async\" src=\"https:\/\/farm2.staticflickr.com\/1836\/43180431495_4fb3897641.jpg\" alt=\"Stefan Lindgren, Amus Kerstin Andersson, Chrichan Larson\" width=\"500\" height=\"333\" \/><\/a><br \/>\n<em>Japp! Stefan Lindgren, Amus Kerstin Andersson och Chrichan Larson i ett samlande \u00f6gonblick under framf\u00f6randet av Maurice Ravels Piano Trio i Harlekinen.<\/em><\/p>\n<p>&nbsp;<\/p>\n<h1><span style=\"color: #ff0000;\">P\u00e5 tr\u00f6skeln till modernismen<br \/>\n<\/span><\/h1>\n<p>&nbsp;<\/p>\n<p>RECENSION\/ NORRK\u00d6PING <strong>P\u00e5 tr\u00f6skeln till modernismen.<\/strong> Tre musikstycken av Ravel och Debussy i det lilla formatet med violin, cello och piano i olika konstellationer. Skickliga musiker gladde \u00d6stg\u00f6ta Musikdagars och F\u00f6reningen Annan musiks publik i Harlekinen p\u00e5 Konstmuseet.<\/p>\n<p><strong>Det \u00e4r i \u00e5r 100 sedan Claude Debussy dog.<\/strong> Han var f\u00f6rst\u00e5s impressionismens galjonsfigur \u00e4ven om han sj\u00e4lv inte ville bli kallad det.<\/p>\n<p>Konsertens tre stycken fr\u00e5n 1910-20-tal, varav en <em>Sonat f\u00f6r cello och piano<\/em> av Debussy, st\u00e5r p\u00e5 tr\u00f6skeln till modernismen; slutet p\u00e5 impressionismen knyter an till den moderna musiken. Debussys musik s\u00e5gs ibland som f\u00f6r\u00e5ldrad redan under hans livstid.<\/p>\n<p>&nbsp;<\/p>\n<p><a title=\"Stefan Lindgren\" href=\"https:\/\/www.flickr.com\/photos\/kultursidan\/42277939860\/in\/album-72157699946259154\/\"><img loading=\"lazy\" decoding=\"async\" src=\"https:\/\/farm2.staticflickr.com\/1771\/42277939860_0d5e600597.jpg\" alt=\"Stefan Lindgren\" width=\"500\" height=\"326\" \/><\/a><br \/>\n<em>Bladv\u00e4ndare. Pianisten Stefan Lindgren hade h\u00e4nderna fulla med tangenter. Samuel Edvardsson fr\u00e5n Annan Musik assisterade,<br \/>\n<\/em><\/p>\n<p>&nbsp;<\/p>\n<p><strong>Maurice Ravel \u00e4r oftast mer l\u00e4ttillg\u00e4nglig men tillh\u00f6r samma genre men med lite eftersl\u00e4pning.<\/strong> De var b\u00e5da mycket nationalistiska \u00e4ven om Ravel f\u00f6rst\u00e5s \u00e4r mest k\u00e4nd f\u00f6r sin \u201dspanska musik\u201d (<em>Bol\u00e9ro<\/em>). Man h\u00f6rde lite tyska influenser fr\u00e5n Beethovens sena str\u00e5kkvartetter i konserten.<\/p>\n<p>Ravels <em>Sonat f\u00f6r violin och cello<\/em> inledde konserten medan hans <em>Piano Trio<\/em>, konsertens \u00e4ldsta stycke, stod f\u00f6r avslutningen.<\/p>\n<p><strong>\u00c4ven om mycket var modernt i musikstyckena anv\u00e4nder b\u00e5da tons\u00e4ttarna gamla barockidiom som sviter och passacaglior<\/strong> (en sorts basg\u00e5ng, basso ostinato, \u201denvis bas\u201d). Alla musiker var mycket skickliga, det mesta var avancerat men det fanns \u00e4ven utrymme f\u00f6r en hel del ironi och humor.<\/p>\n<p>Inramningen p\u00e5 Konstmuseet, fr\u00e5n samarrang\u00f6rerna F\u00f6reningen Annan musik och \u00d6sterg\u00f6tlands Musikdagar, var ocks\u00e5 genomt\u00e4nkt och informativ.<\/p>\n<p><em>\u00a9 Text: Lars Henriksson<br \/>\n\u00a9 Foto: Tanja Volkova<\/em><\/p>\n<p>BILDSPEL \u2013 KLICKA P\u00c5 BILDENS PILAR<\/p>\n<p><a data-flickr-embed='true' href='https:\/\/www.flickr.com\/photos\/kultursidan\/sets\/72157699946259154' title='Ravel och Debussy, \u00d6sterg\u00f6tlands musikdagar 2018 by Kultursidan, on Flickr'><img src='https:\/\/live.staticflickr.com\/1776\/42277940870_3edd6c484f_z.jpg' width='800' height='600' alt='Publik i Harlekinen'><\/a><script async src='https:\/\/embedr.flickr.com\/assets\/client-code.js' charset='utf-8'><\/script><\/p>\n<blockquote>\n<h4>\u00d6STERG\u00d6TLANDS MUSIKDAGAR<\/h4>\n<p>11\u201318 augusti 2018<br \/>\n<strong>Musikfestival<\/strong><br \/>\nKonsertorter: Bj\u00e4rka-S\u00e4by, H\u00e4gerstad, Kinda, Link\u00f6ping, L\u00f6fstad slott, Norrk\u00f6ping, Vadstena, \u00c5tvidaberg<br \/>\nKonstn\u00e4rlig ledare: Staffan M\u00e5rtensson<br \/>\nSamarr: \u00d6stg\u00f6tamusiken, F\u00f6reningen Musik i Link\u00f6ping, F\u00f6reningen Annan musik, Crescendo , Norrk\u00f6pings Konstmuseum m.fl.<\/p>\n<p>UR PROGRAMMET \u2013 fr\u00e4mst NORRK\u00d6PING<\/p>\n<p style=\"padding-left: 30px;\">L\u00f6rdag 11 augusti kl 17 \u2013 Inre borgg\u00e5rden, Slottet, (Link\u00f6ping)<br \/>\n<strong>Birgit Nilsson 100 \u00e5r \u2013 Invigningskonsert<\/strong><br \/>\n\u00d6stg\u00f6ta Bl\u00e5sarsymfoniker<br \/>\nDirigent: Staffan M\u00e5rtensson<br \/>\nIngela Brimberg, sopran<\/p>\n<p style=\"padding-left: 30px;\">M\u00e5ndag 13 august kl 19 \u2013 Crescendo<br \/>\n<strong>Musikalisk magi<\/strong><br \/>\nRebecka T\u00f6rnqvist, s\u00e5ng<br \/>\nJohan Lindstr\u00f6m, gitarr<br \/>\nPer \u201dTexas\u201d Johansson, klarinett, fl\u00f6jt<br \/>\nMargareta Bengtson, harpa<br \/>\nKonrad Agnas, trummor<\/p>\n<p>Tisdag 14 augusti kl 19 \u2013 Konstmuseet<br \/>\n<strong>Impressionism \u2013 Modernism<\/strong><br \/>\nMusik av Ravel och Debussy<br \/>\nMedarr: F\u00f6reningen Annan musik och Norrk\u00f6pings Konstmuseum<\/p>\n<p style=\"padding-left: 30px;\">MUSIKER<br \/>\nAmus Kerstin Andersson, violin<br \/>\nChrichan Larson, cello<br \/>\nStefan Lindgren, piano<\/p>\n<p style=\"padding-left: 30px;\">PROGRAM<br \/>\nMaurice Ravel: Sonat f\u00f6r violin och cello (1920)<br \/>\nClaude Debussy: Sonat f\u00f6r cello och piano (1915)<br \/>\nMaurice Ravel: Piano Trio (1914)<\/p>\n<p>&nbsp;<\/p>\n<p style=\"padding-left: 30px;\">Onsdag 15 augusti kl 13 \u2013 Konstmuseet<br \/>\n<strong>Allt i loopar<\/strong><br \/>\nBarnkonsert med s\u00e5ngaren och multiinstrumentalisten Dan Svensson, f\u00f6r 4\u20139 \u00e5r<\/p>\n<p style=\"padding-left: 30px;\">Onsdag 15 augusti kl 19 \u2013 Crescendo<br \/>\n<strong>Wade in the Water<\/strong><br \/>\nFr\u00e5n swing till spirituals<br \/>\n\u00d6stg\u00f6tabandet och trombonisten Vincent Nilsson fr\u00e5n Danish Radio Big Band<\/p>\n<p style=\"padding-left: 30px;\">Fredag 17 augusti kl 12.30 \u2013 Konstmuseet<br \/>\n<strong>Soppkonsert \u2013 Beethovens septett<\/strong><br \/>\nFyra str\u00e5kar samt musiker fr\u00e5n Crusellkvintetten (\u00d6stg\u00f6tamusiken)<\/p>\n<p style=\"padding-left: 30px;\">L\u00f6rdag 18 augusti kl 15 \u2013 G\u00e4stabudssalen, L\u00f6fstad slott<br \/>\n<strong>Luther och \u00f6stg\u00f6tarna<\/strong><br \/>\nMarkus Lindberg, Vadstena klostermuseum, och \u00d6stg\u00f6ta Brasskvintett<\/p>\n<p style=\"padding-left: 30px;\">L\u00f6rdag 18 augusti kl 19\u00a0 \u2013 Missionskyrkan (Link\u00f6ping)<br \/>\n<strong>Festivalfinal \u2013 Beethoven, Mendelssohn, Freudenthal<\/strong><br \/>\nStaffan M\u00e5rtensson leder Festivalsinfoniettan<\/p>\n<\/blockquote>\n<p>L\u00c4NKAR<br \/>\nAnnan musik <a href=\"http:\/\/annanmusik.se\/php\/\" target=\"_blank\" rel=\"noopener\">hemsida<\/a> <a href=\"https:\/\/www.facebook.com\/Annan-Musik-311183571942\/?fref=ts\" target=\"_blank\" rel=\"noopener\">Facebook<\/a><br \/>\nNorrk\u00f6pings Konstmuseum <a href=\"http:\/\/www.norrkopingskonstmuseum.se\/\" target=\"_blank\" rel=\"noopener noreferrer\">hemsida<\/a> <a href=\"https:\/\/www.facebook.com\/norrkopingskonstmuseum\" target=\"_blank\" rel=\"noopener noreferrer\">Facebook<\/a><br \/>\n\u00d6sterg\u00f6tlands Musikdagar <a href=\"http:\/\/www.musikdagar.com\" target=\"_blank\" rel=\"noopener\">hemsida<\/a> <a href=\"https:\/\/www.facebook.com\/%C3%96sterg%C3%B6tlands-Musikdagar-1619689628341800\/\" target=\"_blank\" rel=\"noopener\">Facebook<\/a><br \/>\nBarnen loopar glatt med Dan Svensson <a href=\"https:\/\/www.kultursidan.nu\/?p=37726\" target=\"_blank\" rel=\"noopener\">recension<\/a> Kultursidan.nu 16\/8 2018<br \/>\nRebecka T\u00f6rnqvist i proffsig inramning <a href=\"https:\/\/www.kultursidan.nu\/?p=37702\" target=\"_blank\" rel=\"noopener\">recension<\/a> Kultursidan.nu 14\/8 2018<br \/>\nGlasklar invigning med Ingela Brimberg <a href=\"https:\/\/www.kultursidan.nu\/?p=37662\" target=\"_blank\" rel=\"noopener\">recension<\/a> Kultursidan.nu 12\/8 2018<br \/>\nMusikdagarna hyllar Birgit Nilsson 100 \u00e5r <a href=\"https:\/\/www.kultursidan.nu\/?p=37534\" target=\"_blank\" rel=\"noopener\">reportage<\/a> Kultursidan.nu 3\/8 2018<\/p>\n","protected":false},"excerpt":{"rendered":"<p>RECENSION\/ NORRK\u00d6PING P\u00e5 tr\u00f6skeln till modernismen. Tre musikstycken av Ravel och Debussy i det lilla formatet med violin, cello och piano i olika konstellationer. Skickliga musiker gladde \u00d6stg\u00f6ta Musikdagars och F\u00f6reningen Annan musiks publik p\u00e5 Konstmuseet.  <a class=\"continue-reading-link\" href=\"https:\/\/www.kultursidan.nu\/?p=37734\">L\u00e4s mer <span class=\"meta-nav\">&rarr; <\/span><\/a><\/p>\n","protected":false},"author":1001006,"featured_media":0,"comment_status":"closed","ping_status":"open","sticky":false,"template":"","format":"standard","meta":{"_jetpack_memberships_contains_paid_content":false,"footnotes":""},"categories":[7],"tags":[29,13],"class_list":["post-37734","post","type-post","status-publish","format-standard","hentry","category-norrkoping","tag-festival","tag-musik"],"jetpack_featured_media_url":"","jetpack_sharing_enabled":true,"_links":{"self":[{"href":"https:\/\/www.kultursidan.nu\/index.php?rest_route=\/wp\/v2\/posts\/37734","targetHints":{"allow":["GET"]}}],"collection":[{"href":"https:\/\/www.kultursidan.nu\/index.php?rest_route=\/wp\/v2\/posts"}],"about":[{"href":"https:\/\/www.kultursidan.nu\/index.php?rest_route=\/wp\/v2\/types\/post"}],"author":[{"embeddable":true,"href":"https:\/\/www.kultursidan.nu\/index.php?rest_route=\/wp\/v2\/users\/1001006"}],"replies":[{"embeddable":true,"href":"https:\/\/www.kultursidan.nu\/index.php?rest_route=%2Fwp%2Fv2%2Fcomments&post=37734"}],"version-history":[{"count":7,"href":"https:\/\/www.kultursidan.nu\/index.php?rest_route=\/wp\/v2\/posts\/37734\/revisions"}],"predecessor-version":[{"id":38575,"href":"https:\/\/www.kultursidan.nu\/index.php?rest_route=\/wp\/v2\/posts\/37734\/revisions\/38575"}],"wp:attachment":[{"href":"https:\/\/www.kultursidan.nu\/index.php?rest_route=%2Fwp%2Fv2%2Fmedia&parent=37734"}],"wp:term":[{"taxonomy":"category","embeddable":true,"href":"https:\/\/www.kultursidan.nu\/index.php?rest_route=%2Fwp%2Fv2%2Fcategories&post=37734"},{"taxonomy":"post_tag","embeddable":true,"href":"https:\/\/www.kultursidan.nu\/index.php?rest_route=%2Fwp%2Fv2%2Ftags&post=37734"}],"curies":[{"name":"wp","href":"https:\/\/api.w.org\/{rel}","templated":true}]}}