{"id":37759,"date":"2018-08-19T19:04:15","date_gmt":"2018-08-19T18:04:15","guid":{"rendered":"https:\/\/intelligent-friend-7861.standoutwp.com\/?p=37759"},"modified":"2018-10-15T11:17:51","modified_gmt":"2018-10-15T10:17:51","slug":"televote-spelade-forst-pa-knickedick","status":"publish","type":"post","link":"https:\/\/www.kultursidan.nu\/?p=37759","title":{"rendered":"Televote spelade f\u00f6rst p\u00e5 Knickedick"},"content":{"rendered":"<p><a title=\"Cerefie Byrge\" href=\"https:\/\/www.flickr.com\/photos\/kultursidan\/43416664284\/in\/album-72157698769786741\/\"><img loading=\"lazy\" decoding=\"async\" src=\"https:\/\/farm2.staticflickr.com\/1831\/43416664284_c686a82146.jpg\" alt=\"Cerefie Byrge\" width=\"500\" height=\"333\" \/><\/a><br \/>\n<em>Personligt. Cerefie Byrge skriver i princip alla Televotes texter och en hel del av l\u00e5tarna. Norrk\u00f6pingsbandet \u00f6ppnade minifestivalen Knickedick p\u00e5 l\u00f6rdagskv\u00e4llen.<\/em><\/p>\n<p>&nbsp;<\/p>\n<h1><span style=\"color: #ff0000;\">Sommarens sista g\u00e5rdsfest<\/span><\/h1>\n<p>&nbsp;<\/p>\n<p>NORRK\u00d6PING <strong>Fin st\u00e4mning och str\u00e5lande publikrekord.<\/strong> Knickedick firade 15-\u00e5rsjubileum med Love Antell, Jakob Hellman och H\u00e4stpojken p\u00e5 Hallarnas innerg\u00e5rd. Norrk\u00f6pingsbandet Televote \u00f6ppnade med personlig pop och st\u00e4ms\u00e5ng.<\/p>\n<p><strong>Femton \u00e5r med Knickedick.<\/strong> Musikf\u00f6reningen har bjudit p\u00e5 olika koncept genom \u00e5ren men sedan 2013 \u00e4r det i princip endagsfestival som g\u00e4ller. Och numera \u00e4r det Hallarnas innerg\u00e5rd d\u00e4r scenen byggs upp i st\u00e4llet f\u00f6r Kn\u00e4ppingen. Ett byte som ger publiken mer utrymme. Och mer publik kom i den fina l\u00f6rdagskv\u00e4llen.<\/p>\n<p>\u2013 Totalt 500 personer, r\u00e4knar Johan Karlsson n\u00f6jt in publikrekordet. \u2013 S\u00e5 m\u00e5nga har det inte varit sedan vi drog ig\u00e5ng festival\/g\u00e5rdsfest-konceptet 2013.<\/p>\n<p>&nbsp;<\/p>\n<p><a title=\"Televote\" href=\"https:\/\/www.flickr.com\/photos\/kultursidan\/43228815065\/in\/album-72157698769786741\/\"><img loading=\"lazy\" decoding=\"async\" src=\"https:\/\/farm2.staticflickr.com\/1874\/43228815065_7fca8f8fbe.jpg\" alt=\"Televote\" width=\"500\" height=\"333\" \/><\/a><br \/>\n<em>F\u00e4rgst\u00e4mning. Simon Wallin i bl\u00e5tt, Pixie Kamfjord Karlsson i gr\u00f6nt, Cerefie Byrge i r\u00f6tt, Carl Lindman i svart och Johan Lindman i vitt. Alla utom Carl sjunger.<\/em><\/p>\n<p>&nbsp;<\/p>\n<p><strong>\u2013 N\u00e4r jag var p\u00e5 Knickedick f\u00f6r m\u00e5nga \u00e5r sedan blandade jag ihop Kn\u00e4ppingen och Knickedick och undrade vilket som var vilket<\/strong>, sade Cerefie Byrge i Televote i ett av sina l\u00e4ngre mellansnack.<\/p>\n<p>De flesta mellansnacken var kortare, l\u00e5ttitel-l\u00e5nga om man s\u00e4ger s\u00e5. Som <em>You Surround Me With Happiness<\/em>, en l\u00e5t som titeln till trots \u00e4r p\u00e5 svenska till 90 procent. Liksom \u00f6vriga l\u00e5tar \u2013 <em>Pirr i magen<\/em>, \u00e5ngestbeskrivningen <em>Utrymme<\/em> eller relationsdiskussionen <em>Du attraheras av mig<\/em>.<\/p>\n<p>Melodierna \u00e4r nyenkla, leads\u00e5ngen b\u00e4rs upp av fyra r\u00f6sters st\u00e4ms\u00e5ng. Instrumenten \u00e4r gitarr, bas, keyboards (orgel, synt, piano) och ett par oerh\u00f6rt stabila trummor.<\/p>\n<p><strong>\u2013 Ofta skriver jag texterna, det \u00e4r mycket dagboksanteckningar.<\/strong> Jag g\u00f6r en melodi p\u00e5 gitarr och presenterar f\u00f6r bandet. Eller s\u00e5 g\u00f6r Simon ett pianoackompanjemang som jag skriver text till. Sedan kommer de andra och l\u00e4gger till sin grej, ber\u00e4ttar Cerefie Byrge efter Televotes spelning.<\/p>\n<p><strong>Televote \u00e4r Cerefie Byrges och Simon Walins (b\u00e5da k\u00e4nda fr\u00e5n Tonarvet) projekt sedan ett och ett halvt \u00e5r tillsammans med Johan Lindman och Carl Lindman.<\/strong> <strong>Pixie Kamfjord Karlsson<\/strong> klev ombord och gjorde bandet komplett f\u00f6r ett \u00e5r sedan. Det gjorde hon r\u00e4tt i f\u00f6r \u00e4r det n\u00e5got som karakt\u00e4riserar Televote s\u00e5 \u00e4r det st\u00e4ms\u00e5ngen d\u00e4r fr\u00e4mst Pixie hittar toner som inte bara ligger en ters under eller \u00f6ver men \u00e4nd\u00e5 inte sticker ut f\u00f6r mycket eller tar \u00f6ver.<\/p>\n<p><strong>Televote \u00e4r f\u00f6rst ut, en placering i listan som medf\u00f6r \u00e4ra men kan vara lite tunns\u00e5dd publikm\u00e4ssigt.<\/strong> S\u00e5 inte denna kv\u00e4ll d\u00e4r fler \u00e4n 200 personer kommit redan innan bandet b\u00f6rjar spela och snabbt droppar in och fyller p\u00e5. Fanklubben st\u00e5r i mittg\u00e5ngen mellan de tv\u00e5 altanerna med v\u00e4lfyllda l\u00e5ngbord. G\u00e4nget l\u00e4ngst fram sm\u00e5dansar till <em>Ekande<\/em> \u2013 en l\u00e5t om det kreativa fl\u00f6det. Och till nya <em>Dr\u00f6mplats<\/em> som framf\u00f6rs i vuxenversionen.<\/p>\n<p>&nbsp;<\/p>\n<p><a title=\"Love Antell\" href=\"https:\/\/www.flickr.com\/photos\/kultursidan\/43228814115\/in\/album-72157698769786741\/\"><img loading=\"lazy\" decoding=\"async\" src=\"https:\/\/farm2.staticflickr.com\/1892\/43228814115_be5398e3cd.jpg\" alt=\"Love Antell\" width=\"500\" height=\"333\" \/><\/a><br \/>\n<em>N\u00e4stg\u00e5rds. Love Antell har k\u00f6pt hus i s\u00f6dra N\u00e4rke. Det inneb\u00e4r att han \u00e4r sugen p\u00e5 att spela oftare i \u00d6sterg\u00f6tland. <\/em><\/p>\n<p>&nbsp;<\/p>\n<p><strong>\u2013 Bra att vi \u00e4r h\u00e4r med tv\u00e5 kvinnor, kommenterar Cerefie Byrge festivalens uppst\u00e4llning. <\/strong>Efter Televote kommer <em><strong>Love Antell<\/strong><\/em>, sympatiskt och slagf\u00e4rdigt enmansband med rej\u00e4la mellansnack som \u00e4r l\u00e4ngre \u00e4n l\u00e5tarna.<\/p>\n<p>\u2013 Murarna f\u00f6ll, historien tog slut. Nu reser sig nya nationella gr\u00e4nser i st\u00e4llet, s\u00e4ger han i ett mellansnack och ber\u00e4ttar slutet p\u00e5 historien om l\u00e5tst\u00f6lden av <em>Underh\u00e5ll<\/em> som blev reklamslinga i TV. Han fick r\u00e4tt \u2013 och pengarna gick till L\u00e4kare utan gr\u00e4nser.<\/p>\n<p><strong>Sedan f\u00f6ljer <em>Jakob Hellman <\/em>och<em> H\u00e4stpojken<\/em>.<\/strong> Det ser onekligen inte s\u00e5 bra ut \u00e5r 2018 med n\u00e4stan enbart manliga akter. Det kan arrang\u00f6ren Johan Karlsson h\u00e5lla med om \u00e4ven om han \u00e4r n\u00f6jd med den uppst\u00e4llning som blivit och som uppenbarligen lockar rekordpubliken.<\/p>\n<p>\u2013 Diskussionen som varit om j\u00e4mst\u00e4llda musikfestivaler de senaste \u00e5ren har gjort att de kvinnliga artisterna \u00e4r j\u00e4tteh\u00e5rt bokade. N\u00e4r vi b\u00f6rjade boka i v\u00e5ras st\u00e4llde vi fr\u00e5gan till till 30 artister, en j\u00e4mn mix.<\/p>\n<p><strong>Att resultatet blev som det blev beror bland annat p\u00e5 att efterfr\u00e5gan och tillg\u00e5ng inte m\u00f6ts.<\/strong> S\u00e4rskilt d\u00e5 sensommarperioden \u00e4r konsertt\u00e4t med m\u00e5nga stadsfester.<\/p>\n<p>\u2013 L\u00e4rdomen \u00e4r att vi m\u00e5ste b\u00f6rja boka \u00e4nnu tidigare. Men det roliga som kommer ut av detta \u00e4r att branschen \u00e4r inne i en l\u00e5ngsiktig process med fler kvinnliga artister, p\u00e5pekar Johan Karlsson.<\/p>\n<p>\u2013 Annars tycker jag att eventet \u00e4r v\u00e4ldigt trevligt, med bra st\u00e4mning och s\u00e5, till\u00e4gger Cerefie Byrge best\u00e4mt.<\/p>\n<p><em>\u00a9 Text och foto: Ann-Charlotte Sandelin\u2028<\/em><\/p>\n<p>BILDSPEL \u2013 KLICKA P\u00c5 BILDENS PILAR<\/p>\n<p><a data-flickr-embed='true' href='https:\/\/www.flickr.com\/photos\/kultursidan\/albums\/72157698769786741' title='Knickedick, Hallarna 2018 by Kultursidan, on Flickr'><img src='https:\/\/live.staticflickr.com\/1889\/29197857897_b8d65bb998_z.jpg' width='800' height='600' alt='Knickedick'><\/a><script async src='https:\/\/embedr.flickr.com\/assets\/client-code.js' charset='utf-8'><\/script><\/p>\n<blockquote>\n<h4>HALLARNA Norrk\u00f6ping<\/h4>\n<p>18 augusti 2018<br \/>\n<strong>Knickedick<\/strong><br \/>\nMusikfestival<br \/>\nArr: Knickedick<\/p>\n<p style=\"padding-left: 30px;\">AKTER<br \/>\n<strong>Televote<\/strong><\/p>\n<p style=\"padding-left: 60px;\">Cerefie Byrge \u2013 leads\u00e5ng, akustisk gitarr<br \/>\nSimon Wallin \u2013 piano, bas<br \/>\nPixie Kamfjord Karlsson \u2013 s\u00e5ng, akustisk gitarr<br \/>\nJohan Lindman \u2013 orgel, synth, bas<br \/>\nCarl Lindman \u2013 trummor<\/p>\n<p style=\"padding-left: 30px;\"><strong>Love Antell<\/strong><br \/>\n<strong>Jakob Hellman<\/strong><br \/>\n<strong>H\u00e4stpojken<\/strong><\/p>\n<\/blockquote>\n<p>L\u00c4NKAR<br \/>\nTelevote <a href=\"https:\/\/www.facebook.com\/Televote-1838046246479172\/\" target=\"_blank\" rel=\"noopener\">Facebook<\/a><br \/>\nLove Antell <a href=\"http:\/\/www.loveantell.se\" target=\"_blank\" rel=\"noopener\">hemsida<\/a> <a href=\"https:\/\/www.facebook.com\/LoveAntellOfficial\" target=\"_blank\" rel=\"noopener\">Facebook<\/a> <a href=\"https:\/\/www.aftonbladet.se\/nojesbladet\/a\/m6ynLg\/kopia-pa-love-antells-lat-i-tres-reklam--utan-hans-godkannande\" target=\"_blank\" rel=\"noopener\">l\u00e5tst\u00f6ld<\/a><br \/>\nKnickedick <a href=\"http:\/\/knickedick.net\" target=\"_blank\" rel=\"noopener\">hemsida<\/a> <a href=\"https:\/\/www.facebook.com\/Knickedick-734816866557268\/?fref=ts\" target=\"_blank\" rel=\"noopener\">Facebook<\/a><br \/>\nKulturkvarteret Hallarna <a title=\"Kvarteret Hallarna\" href=\"http:\/\/www.hallarna.org\" target=\"_blank\" rel=\"noopener\">hemsida<\/a> <a title=\"Facebook\" href=\"https:\/\/www.facebook.com\/groups\/282339305171411\/?fref=ts\" target=\"_blank\" rel=\"noopener\">Facebook<\/a><\/p>\n","protected":false},"excerpt":{"rendered":"<p>NORRK\u00d6PING Sommarens sista g\u00e5rdsfest. Fin st\u00e4mning och str\u00e5lande publikrekord n\u00e4r Knickedick firade 15-\u00e5rsjubileum med Love Antell, Jakob Hellman och H\u00e4stpojken p\u00e5 Hallarnas innerg\u00e5rd. Norrk\u00f6pingsbandet Televote \u00f6ppnade med personlig pop och st\u00e4ms\u00e5ng.  <a class=\"continue-reading-link\" href=\"https:\/\/www.kultursidan.nu\/?p=37759\">L\u00e4s mer <span class=\"meta-nav\">&rarr; <\/span><\/a><\/p>\n","protected":false},"author":1001006,"featured_media":0,"comment_status":"closed","ping_status":"open","sticky":false,"template":"","format":"standard","meta":{"_jetpack_memberships_contains_paid_content":false,"footnotes":""},"categories":[7],"tags":[29,13],"class_list":["post-37759","post","type-post","status-publish","format-standard","hentry","category-norrkoping","tag-festival","tag-musik"],"jetpack_featured_media_url":"","jetpack_sharing_enabled":true,"_links":{"self":[{"href":"https:\/\/www.kultursidan.nu\/index.php?rest_route=\/wp\/v2\/posts\/37759","targetHints":{"allow":["GET"]}}],"collection":[{"href":"https:\/\/www.kultursidan.nu\/index.php?rest_route=\/wp\/v2\/posts"}],"about":[{"href":"https:\/\/www.kultursidan.nu\/index.php?rest_route=\/wp\/v2\/types\/post"}],"author":[{"embeddable":true,"href":"https:\/\/www.kultursidan.nu\/index.php?rest_route=\/wp\/v2\/users\/1001006"}],"replies":[{"embeddable":true,"href":"https:\/\/www.kultursidan.nu\/index.php?rest_route=%2Fwp%2Fv2%2Fcomments&post=37759"}],"version-history":[{"count":3,"href":"https:\/\/www.kultursidan.nu\/index.php?rest_route=\/wp\/v2\/posts\/37759\/revisions"}],"predecessor-version":[{"id":38570,"href":"https:\/\/www.kultursidan.nu\/index.php?rest_route=\/wp\/v2\/posts\/37759\/revisions\/38570"}],"wp:attachment":[{"href":"https:\/\/www.kultursidan.nu\/index.php?rest_route=%2Fwp%2Fv2%2Fmedia&parent=37759"}],"wp:term":[{"taxonomy":"category","embeddable":true,"href":"https:\/\/www.kultursidan.nu\/index.php?rest_route=%2Fwp%2Fv2%2Fcategories&post=37759"},{"taxonomy":"post_tag","embeddable":true,"href":"https:\/\/www.kultursidan.nu\/index.php?rest_route=%2Fwp%2Fv2%2Ftags&post=37759"}],"curies":[{"name":"wp","href":"https:\/\/api.w.org\/{rel}","templated":true}]}}