{"id":37793,"date":"2018-08-21T19:09:13","date_gmt":"2018-08-21T18:09:13","guid":{"rendered":"https:\/\/intelligent-friend-7861.standoutwp.com\/?p=37793"},"modified":"2018-10-24T18:59:08","modified_gmt":"2018-10-24T17:59:08","slug":"kvartersteatern-lagger-ut-for-spelaret","status":"publish","type":"post","link":"https:\/\/www.kultursidan.nu\/?p=37793","title":{"rendered":"Kvartersteatern l\u00e4gger ut f\u00f6r spel\u00e5ret"},"content":{"rendered":"<p><a title=\"Frida Nystr\u00f6m och Frida Hagman\" href=\"https:\/\/www.flickr.com\/photos\/kultursidan\/29243204177\/in\/album-72157694639137690\/\"><img loading=\"lazy\" decoding=\"async\" src=\"https:\/\/farm2.staticflickr.com\/1857\/29243204177_36db94b4da.jpg\" alt=\"Frida Nystr\u00f6m och Frida Hagman\" width=\"500\" height=\"333\" \/><\/a><br \/>\n<em>Entr\u00e9. Kvartersteaterns Frida Nystr\u00f6m och Frida Hagman bjuder p\u00e5 skr\u00e4ckteater, klassiker, modernt och en film under kommande spel\u00e5ret. Upptaktsm\u00f6tet torsdag 30 augusti h\u00e5lls dock i Dynamo, ing\u00e5ng fr\u00e5n g\u00e5rden. <\/em><\/p>\n<p>&nbsp;<\/p>\n<h1><span style=\"color: #ff0000;\">Nevermore kommer tillbaka<\/span><\/h1>\n<p>&nbsp;<\/p>\n<p>NORRK\u00d6PING <strong>Spel\u00e5ret \u00e4r redan fastst\u00e4llt.<\/strong> Nu f\u00e5r sk\u00e5despelarna komma och v\u00e4lja. Det \u00e4r s\u00e5 det g\u00e5r till hos Kvartersteatern, Norrk\u00f6pings st\u00f6rsta amat\u00f6rteaterf\u00f6rening. Strindberg, Tjechov och Hassen Khemiri st\u00e5r p\u00e5 programmet. Men f\u00f6rst en gammal skr\u00e4ckis.<\/p>\n<p><strong>Upptaktsm\u00f6tet \u00e4r alltid sista torsdagen i augusti.<\/strong> Dagen d\u00e5 Kvartersteatern \u00f6ppnar portarna f\u00f6r gamla och nya medlemmar som vill spela teater. Teaterledarna Frida Nystr\u00f6m och Frida Hagman presenterar projekten, som den som vill kan anm\u00e4la sig till. Dessutom h\u00e5ller de en workshop.<\/p>\n<p>\u2013 Det \u00e4r ingen audition utan f\u00f6r att vi ska se hur de fungerar i gruppen och vilka som passar ihop. N\u00e4r det kommer till urvalet till pj\u00e4supps\u00e4ttningarna s\u00e5 g\u00e5r vi efter \u00e5lder och k\u00f6n. I sista hand s\u00e5 lottar vi om platserna inte r\u00e4cker till, s\u00e4ger verksamhetsledaren Frida Nystr\u00f6m.<\/p>\n<p>&nbsp;<\/p>\n<p><a title=\"F\u00e4boddrama\" href=\"https:\/\/www.flickr.com\/photos\/kultursidan\/43275258945\/in\/album-72157694639137690\/\"><img loading=\"lazy\" decoding=\"async\" src=\"https:\/\/farm2.staticflickr.com\/1887\/43275258945_e0f7b02d9f.jpg\" alt=\"F\u00e4boddrama\" width=\"500\" height=\"333\" \/><\/a><br \/>\n<em>Kaffe p\u00e5 fat. I v\u00e5ras spelade Kvartersgruppen &#8221;F\u00e4boddrama&#8221; som skrivits av en av gruppens medlemmar.<\/em><\/p>\n<p>&nbsp;<\/p>\n<p><strong>\u00c4ven om spel\u00e5ret \u00e4r fastst\u00e4llt och programmet tryckt s\u00e5 \u00e4r det medlemmarnas \u00f6nskem\u00e5l som styr.<\/strong> Under v\u00e5ren l\u00e4ggs planerna och vid upptaktsm\u00f6tet rullar verkst\u00e4llandet ig\u00e5ng. Frida Nystr\u00f6m g\u00f6r fyra pj\u00e4sprojekt. Skr\u00e4ckteatern <em>Nevermore<\/em> kommer titeln till trots i repris till Halloween. I v\u00e5r s\u00e4tter hon upp Tjechovs <em>K\u00f6rsb\u00e4rstr\u00e4dg\u00e5rden<\/em> samt tv\u00e5 pj\u00e4ser av Jonas Hassen Khemiri.<\/p>\n<p><strong>Kollegan Frida Hagman s\u00e4tter upp Strindbergs <em>Sp\u00f6ksonaten<\/em> som Frida Nystr\u00f6m skapar dans till.<\/strong> Dessutom ansvarar Hagman f\u00f6r nyb\u00f6rjargruppen, Kvartersgruppen, flera barngrupper och den nya projektdrivna ungdomsgruppen, som \u00e4r till f\u00f6r erfarna unga mellan 11 och 13 \u00e5r.<\/p>\n<p>\u2013 Det blir j\u00e4ttebra. Vi har saknat bryggan till vuxengruppernas pj\u00e4sprojekt, framh\u00e5ller Frida Nystr\u00f6m.<\/p>\n<p>&nbsp;<\/p>\n<p><a title=\"Jag l\u00e4gger ditt liv i mina h\u00e4nder\" href=\"https:\/\/www.flickr.com\/photos\/kultursidan\/25976567286\/in\/album-72157694639137690\/\"><img loading=\"lazy\" decoding=\"async\" src=\"https:\/\/farm2.staticflickr.com\/1457\/25976567286_caefb51519.jpg\" alt=\"Jag l\u00e4gger ditt liv i mina h\u00e4nder\" width=\"500\" height=\"333\" \/><\/a><br \/>\n<em>&#8221;Jag l\u00e4gger ditt liv i mina h\u00e4nder&#8221;. 2016 spelade Kvartersteatern i Hedvigs kyrka. Efter p\u00e5sk \u00e4r det dags igen n\u00e4r August Strindbergs &#8221;Sp\u00f6ksonaten&#8221; s\u00e4tts upp med b\u00e5de sk\u00e5despelare och dansare.<\/em><\/p>\n<p>&nbsp;<\/p>\n<p><strong>Kvartersteatern har v\u00e4xtverk.<\/strong> Barngrupperna skulle kunna bli fler. Satsningen p\u00e5 \u00e4ldre klassiker av Leffler och Strindberg har f\u00e5tt starkt gensvar i publiksiffrorna. \u00d6nskem\u00e5let \u00e4r att f\u00e5 ytterligare resurser i form av lokaler och mer ledartimmar.<\/p>\n<p>\u2013 V\u00e5ra inkomster bygger n\u00e4stan enbart p\u00e5 kommunens verksamhetsbidrag, kommenterar Hans-Olof Hedman i Kvartersteaterns styrelse.<\/p>\n<p><strong>\u2013 Teater handlar om viljan att framtr\u00e4da, att delge n\u00e5got viktigt till andra m\u00e4nniskor, ett budskap<\/strong>. Vi \u00e4r en amat\u00f6rteaterf\u00f6rening. Alla har inte samma talang men alla har samma vilja att st\u00e5 p\u00e5 scenen, s\u00e4ger Hans-Olof Hedman eftert\u00e4nksamt.<\/p>\n<p><em>\u00a9 Text och foto: Ann-Charlotte Sandelin\u2028<\/em><\/p>\n<blockquote>\n<h4>3:e KAMMAREN, TEATER BR\u00c5DDGATAN 34 Norrk\u00f6ping<\/h4>\n<p>Spel\u00e5ret 2018\u20132019<br \/>\n<strong>Kvartersteatern<\/strong><br \/>\nPlanerade produktioner<\/p>\n<p>PJ\u00c4SPROJEKT<\/p>\n<p style=\"padding-left: 30px;\">26 oktober \u2013 3 november 2018<br \/>\n<strong>Nevermore<\/strong><br \/>\nSkr\u00e4ckteater av Anna Nygren<br \/>\nRegi: Frida Nystr\u00f6m och Teodor Fredriksson<br \/>\nUrskr\u00e4ckisen som startade traditionen 2012. D\u00e5 som vandringsteater genom huset, nu p\u00e5 Kvartersteaterns egen scen. Tv\u00e5 nyskrivna scener och m\u00e4staren Edgar Allan Poes dikt Raven som ekar genom f\u00f6rest\u00e4llningen.<\/p>\n<p style=\"padding-left: 30px;\">8\u201324 mars 2019<br \/>\n<strong>K\u00f6rsb\u00e4rstr\u00e4dg\u00e5rden<\/strong><br \/>\nAv Anton Tjechov<br \/>\nRegi: Frida Nystr\u00f6m<br \/>\n\u201dJag s\u00e5g den i G\u00e4vle f\u00f6r n\u00e5gra \u00e5r sedan. Vacker. Vemodig, Komplex. Det \u00e4r inte l\u00e4tt att veta vem man ska h\u00e5lla p\u00e5. Jag s\u00e4tter upp den med v\u00e5r klassiska ensemble. I v\u00e5r version \u00e4r det n\u00e5gra m\u00e4n som blivit kvinnor.\u201d<\/p>\n<p style=\"padding-left: 30px;\">26 april \u2013 4 maj 2019 i Hedvigs kyrka OBS!<br \/>\n<strong>Sp\u00f6ksonaten<\/strong><br \/>\nAv August Strindberg<br \/>\nRegi: Frida Hagman<br \/>\nKoreografi: Frida Nystr\u00f6m<br \/>\nMusik: Ulf Tellin, orgel<br \/>\n\u201dDet \u00e4r mycket musik och dans och teater, vi ska utnyttja hela kyrkorummet. Den \u00e4r poetisk och dr\u00f6mt, en sp\u00f6kmiddag d\u00e5 hemligheter kommer upp. 11 sk\u00e5despelare och fem dansare, minst.\u201d<\/p>\n<p style=\"padding-left: 30px;\">15\u201326 maj 2019<br \/>\n<strong>Fem g\u00e5nger Gud<\/strong><br \/>\nApatiska f\u00f6r nyb\u00f6rjare<br \/>\nAv Jonas Hassen Khemiri<br \/>\nRegi: Frida Nystr\u00f6m<br \/>\n\u201dI st\u00e4llet f\u00f6r ett stort ensembleprojekt s\u00e5 g\u00f6r jag tv\u00e5 mindre. De k\u00e4nns enormt ber\u00f6rande. Det som \u00e4r s\u00e5 bra med moderna pj\u00e4ser \u00e4r att de kan spelas utan en massa scenografi och rekvisita. Det \u00e4r en utmaning f\u00f6r sk\u00e5despelarna med v\u00e4ldigt mycket text.\u201d<\/p>\n<p>FILM<\/p>\n<p style=\"padding-left: 30px;\">V\u00e5ren 2019<strong><br \/>\nHuset bredvid<\/strong><br \/>\nKortfilm av och med TeaterNjutarna<\/p>\n<p>UPPSPEL<\/p>\n<p style=\"padding-left: 30px;\">Barnteatergruppen, 7\u20139 \u00e5r<br \/>\nBarnteatergrupperna, 10\u201312 \u00e5r<br \/>\nUngdomsgruppen, 11\u201313 \u00e5r \u2013 projektinriktning<br \/>\nKvartersgruppen<br \/>\nNyb\u00f6rjargruppen<\/p>\n<p>\u00d6VRIGT<\/p>\n<p style=\"padding-left: 30px;\">Fria grupper under Kvartersteaterns paraply<\/p>\n<\/blockquote>\n<p>L\u00c4NKAR<br \/>\nKvartersteatern <a href=\"http:\/\/www.kvartersteatern.com\" target=\"_blank\" rel=\"noopener noreferrer\">hemsida<\/a> <a href=\"https:\/\/www.facebook.com\/kvartersteatern.norrkoping?fref=ts\" target=\"_blank\" rel=\"noopener noreferrer\">Facebook<\/a> <a href=\"https:\/\/www.facebook.com\/events\/453309801773892\/\" target=\"_blank\" rel=\"noopener\">Upptakt\/info<\/a><\/p>\n","protected":false},"excerpt":{"rendered":"<p>NORRK\u00d6PING Spel\u00e5ret \u00e4r redan fastst\u00e4llt. Nu f\u00e5r sk\u00e5despelarna komma och v\u00e4lja. Det \u00e4r s\u00e5 det g\u00e5r till hos Kvartersteatern, Norrk\u00f6pings st\u00f6rsta amat\u00f6rteaterf\u00f6rening. Strindberg, Tjechov och Hassen Khemiri st\u00e5r p\u00e5 programmet. Men f\u00f6rst en gammal skr\u00e4ckis.  <a class=\"continue-reading-link\" href=\"https:\/\/www.kultursidan.nu\/?p=37793\">L\u00e4s mer <span class=\"meta-nav\">&rarr; <\/span><\/a><\/p>\n","protected":false},"author":1001006,"featured_media":0,"comment_status":"closed","ping_status":"open","sticky":false,"template":"","format":"standard","meta":{"_jetpack_memberships_contains_paid_content":false,"footnotes":""},"categories":[7],"tags":[37,12],"class_list":["post-37793","post","type-post","status-publish","format-standard","hentry","category-norrkoping","tag-barnkultur","tag-teater"],"jetpack_featured_media_url":"","jetpack_sharing_enabled":true,"_links":{"self":[{"href":"https:\/\/www.kultursidan.nu\/index.php?rest_route=\/wp\/v2\/posts\/37793","targetHints":{"allow":["GET"]}}],"collection":[{"href":"https:\/\/www.kultursidan.nu\/index.php?rest_route=\/wp\/v2\/posts"}],"about":[{"href":"https:\/\/www.kultursidan.nu\/index.php?rest_route=\/wp\/v2\/types\/post"}],"author":[{"embeddable":true,"href":"https:\/\/www.kultursidan.nu\/index.php?rest_route=\/wp\/v2\/users\/1001006"}],"replies":[{"embeddable":true,"href":"https:\/\/www.kultursidan.nu\/index.php?rest_route=%2Fwp%2Fv2%2Fcomments&post=37793"}],"version-history":[{"count":5,"href":"https:\/\/www.kultursidan.nu\/index.php?rest_route=\/wp\/v2\/posts\/37793\/revisions"}],"predecessor-version":[{"id":38690,"href":"https:\/\/www.kultursidan.nu\/index.php?rest_route=\/wp\/v2\/posts\/37793\/revisions\/38690"}],"wp:attachment":[{"href":"https:\/\/www.kultursidan.nu\/index.php?rest_route=%2Fwp%2Fv2%2Fmedia&parent=37793"}],"wp:term":[{"taxonomy":"category","embeddable":true,"href":"https:\/\/www.kultursidan.nu\/index.php?rest_route=%2Fwp%2Fv2%2Fcategories&post=37793"},{"taxonomy":"post_tag","embeddable":true,"href":"https:\/\/www.kultursidan.nu\/index.php?rest_route=%2Fwp%2Fv2%2Ftags&post=37793"}],"curies":[{"name":"wp","href":"https:\/\/api.w.org\/{rel}","templated":true}]}}