{"id":37811,"date":"2018-08-23T18:05:32","date_gmt":"2018-08-23T17:05:32","guid":{"rendered":"https:\/\/intelligent-friend-7861.standoutwp.com\/?p=37811"},"modified":"2018-10-13T10:07:55","modified_gmt":"2018-10-13T09:07:55","slug":"kulturskolan-50-vill-satsa-pa-alla-barn","status":"publish","type":"post","link":"https:\/\/www.kultursidan.nu\/?p=37811","title":{"rendered":"Kulturskolan, 50, vill satsa p\u00e5 alla barn"},"content":{"rendered":"<p><a title=\"Ulla-Britt Eriksson och Hasse Eriksson\" href=\"https:\/\/www.flickr.com\/photos\/kultursidan\/29277081787\/in\/album-72157700522861695\/\"><img loading=\"lazy\" decoding=\"async\" src=\"https:\/\/farm2.staticflickr.com\/1890\/29277081787_7a4c8eba2b.jpg\" alt=\"Ulla-Britt Eriksson och Hasse Eriksson\" width=\"500\" height=\"333\" \/><\/a><br \/>\n<em>Mot framtiden och vidare. Kulturskolans verksamhetschef Hans Eriksson och enhetschef Ulla-Britt Eriksson ser fram mot att utveckla verksamheten. M\u00e5let \u00e4r att n\u00e5 alla barn i kommunen.<\/em><\/p>\n<p>&nbsp;<\/p>\n<h1><span style=\"color: #ff0000;\">\u201dKonst vidgar tankef\u00f6rm\u00e5gan\u201d<\/span><\/h1>\n<p>&nbsp;<\/p>\n<p>NORRK\u00d6PING <strong>Konstarter i samarbete.<\/strong> Kulturskolan i Norrk\u00f6ping ser kreativa m\u00f6ten som v\u00e4gen fram\u00e5t f\u00f6r framtiden. M\u00e5let \u00e4r att n\u00e5 alla barn i kommunen, med l\u00e5ga tr\u00f6sklar och lustfyllda projekt.<\/p>\n<p>Barnk\u00f6rfestival med k\u00f6rer fr\u00e5n hela l\u00e4net. Minimusikalen <em>Krakel Spektakel<\/em> f\u00f6r skolelever. Orkesterl\u00e4ger f\u00f6r bl\u00e5sare. Och kanske att Kulturskolan skruvar p\u00e5 Niornas Mello-uppl\u00e4gg.<\/p>\n<p>&nbsp;<\/p>\n<p><a title=\"Jakten i tiden \u2013 Kulturskolans stora jubileumsf\u00f6rest\u00e4llning\" href=\"https:\/\/www.flickr.com\/photos\/kultursidan\/29277088127\/in\/album-72157700522861695\/\"><img loading=\"lazy\" decoding=\"async\" src=\"https:\/\/farm2.staticflickr.com\/1834\/29277088127_fff986d1f2.jpg\" alt=\"Jakten i tiden \u2013 Kulturskolans stora jubileumsf\u00f6rest\u00e4llning\" width=\"500\" height=\"333\" \/><\/a><br \/>\n<em>Jakten i tiden \u2013 Kulturskolans stora jubileumsf\u00f6rest\u00e4llning fyllde De Geerhallen i maj i v\u00e5ras. L\u00e4ngst fram p\u00e5 scenen st\u00e5r NUMK, Norrk\u00f6pings ungdomsmusikk\u00e5r.<\/em><\/p>\n<p>&nbsp;<\/p>\n<p><strong>Jubileumsf\u00f6rest\u00e4llningen i maj var bara b\u00f6rjan f\u00f6r 50-\u00e5ringen.<\/strong> D\u00e4r fanns delar som ska styra Kulturskolan fram\u00e5t. Som att visa eleverna att det \u00e4r roligt att musicera ihop, att l\u00e5ta l\u00e4rare och elever m\u00f6tas \u00f6ver genregr\u00e4nserna i gemensamma projekt, och inte minst att \u201dst\u00e4nka\u201d kultur p\u00e5 alla barn i kommunen.<\/p>\n<p><strong>N\u00e4r jag tr\u00e4ffar Kulturskolans ledning Hasse Eriksson och Ulla-Britt Eriksson finns sp\u00e5ren fortfarande kvar efter 50-\u00e5rsfirandet.<\/strong> Vimplar, bilder och en dr\u00e4kt som f\u00e5r tankarna att g\u00e5 till avantgardistiska Svenska baletten som var verksam i Paris under tidigt 1920-tal.<\/p>\n<p><em>Jakten i tiden<\/em> var h\u00f6jdpunkten f\u00f6r det g\u00e5ngna \u00e5ret med Kulturskolan. 350 barn och ungdomar stod p\u00e5 scenen inf\u00f6r en v\u00e4lfylld salong i Louis De Geer.<\/p>\n<p>\u2013 Bildeleverna gjorde s\u00e5 h\u00e4ftiga projektioner, det var mycket musik och det bands ihop av teater med en tidsresen\u00e4r och filmer, ber\u00e4ttar Ulla-Britt Eriksson.<\/p>\n<p>&nbsp;<\/p>\n<p><a title=\"Jakten i tiden \u2013 Kulturskolans stora jubileumsf\u00f6rest\u00e4llning\" href=\"https:\/\/www.flickr.com\/photos\/kultursidan\/29277092847\/in\/album-72157700522861695\/\"><img loading=\"lazy\" decoding=\"async\" src=\"https:\/\/farm2.staticflickr.com\/1856\/29277092847_8b9779897b.jpg\" alt=\"Jakten i tiden \u2013 Kulturskolans stora jubileumsf\u00f6rest\u00e4llning\" width=\"500\" height=\"333\" \/><\/a><br \/>\n<em>Tidsresa. Blockfl\u00f6jtselever i ren\u00e4ssansdr\u00e4kt. Bildeleverna gjorde bildprojektioner och skulpturer.<\/em><\/p>\n<p>&nbsp;<\/p>\n<p><strong>M\u00e5let var n\u00e5tt, att Kulturskolan skulle fira sina f\u00f6rsta 50 \u00e5r med en multikulturell f\u00f6rest\u00e4llning.<\/strong> V\u00e4gen dit inleddes n\u00e4r skol\u00e5ret startade med tv\u00e5 studiedagar f\u00f6r alla l\u00e4rare om Konstarter i samverkan med ledare fr\u00e5n Stockholms musikpedagogiska institut.<\/p>\n<p>Det var naturligtvis inte f\u00f6rsta g\u00e5ngen olika konstuttryck m\u00f6ttes och skolans l\u00e4rare har samarbetat m\u00e5nga g\u00e5nger genom \u00e5ren. Men det var en manifestation som gav genklang. \u201dNu \u00e4ntligen ser jag att vi \u00e4r en kulturskola\u201d som en medarbetare sade till Ulla-Britt Eriksson.<\/p>\n<p><strong>\u2013 Man ville ha in fler konstn\u00e4rliga uttryck,<\/strong> s\u00e4ger Hasse Eriksson om bakgrunden till f\u00f6rsta steget mot Kulturskolan.<\/p>\n<p>Det var 2002 som Musikskolan, grundad 1968, blev Kulturskolan. Men det var f\u00f6rst med flytten fr\u00e5n Kristinaskolan till Victoriaskolan i Ektorp, granne med \u00d6stg\u00f6taporten, f\u00f6r snart fyra \u00e5r sedan, som samarbetet \u00f6ver genregr\u00e4nserna kunde ta ordentlig fart.<\/p>\n<p>\u2013 Vi har funktionella och fr\u00e4scha lokaler med bra utrustning d\u00e4r vi har samlat ihop v\u00e5r verksamhet. Vi har ocks\u00e5 flyttat tillbaka till H\u00f6rsalen, forts\u00e4tter Hasse Eriksson, med f\u00f6rbeh\u00e5llet att musikundervisningen \u00e4r kvar p\u00e5 ett mer traditionellt vis i grundskolorna utanf\u00f6r centrala Norrk\u00f6ping, som i Sk\u00e4rblacka, Kolm\u00e5rden, \u00c5by och p\u00e5 Vikbolandet.<\/p>\n<p>&nbsp;<\/p>\n<p><a title=\"Krakel spektakel sattes upp f\u00e5r n\u00e5gra \u00e5r sedan\" href=\"https:\/\/www.flickr.com\/photos\/kultursidan\/30345893338\/in\/album-72157700522861695\/\"><img loading=\"lazy\" decoding=\"async\" src=\"https:\/\/farm2.staticflickr.com\/1894\/30345893338_1d0a408c9e.jpg\" alt=\"Krakel Spektakel sattes upp f\u00f6r n\u00e5gra \u00e5r sedan\" width=\"500\" height=\"333\" \/><\/a><br \/>\n<em>Musikaldags. Krakel Spektakel kommer tillbaka. Mellanstadieelever fr\u00e5n Kulturskolans barnk\u00f6rer spelar f\u00f6r l\u00e5gstadiet. Bilden \u00e4r fr\u00e5n 2014.<\/em><\/p>\n<p>&nbsp;<\/p>\n<p><strong>Musikteaterupps\u00e4ttningarna \u00e4r en f\u00f6rebild.<\/strong> Kulturskolan har i m\u00e5nga \u00e5r l\u00e5tit s\u00e5ngelever och instrumentalelever m\u00f6tas i musikaler som <em>Sound of Music<\/em> och <em>Narnia<\/em>. F\u00f6r fem \u00e5r sedan inleddes Kulturskolans och Fritidsg\u00e5rdarnas musikalsamarbete som lett till en rad uppskattade f\u00f6rest\u00e4llningar, m\u00e5nga som byggde p\u00e5 Shakespeares dramatik. En drivkraft var att m\u00e5lgrupperna f\u00f6r de tv\u00e5 verksamheterna skulle tr\u00e4ffas.<\/p>\n<p>Senaste upps\u00e4ttningen var <em>Djungelboken<\/em> p\u00e5 Stage Skandia som blivit Kulturskolans och Fritidsg\u00e5rdarnas m\u00f6tesplats f\u00f6r unga mellan 14 och 25 \u00e5r.<\/p>\n<p>\u2013 Det \u00e4r tack vare Kulturr\u00e5dspengar vi kan hyra Stage Skandia. Det g\u00e4ller att f\u00e5 in det p\u00e5 n\u00e5got s\u00e4tt i ramen, framh\u00e5ller Hasse Eriksson som hoppas p\u00e5 kommunpolitikernas st\u00f6d f\u00f6r en forts\u00e4ttning.<\/p>\n<p><strong>Men musikal \u00e4r inte bara n\u00e5got f\u00f6r ton\u00e5ringar.<\/strong> Kulturskolan g\u00f6r \u00e4ven minimusikaler med och f\u00f6r yngre. I \u00e5r st\u00e5r <em>Krakel Spektakel<\/em> p\u00e5 tur att spelas och sjungas av mellanstadieelever f\u00f6r l\u00e5gstadieklasser och familjer. Senast Lennart Hellsings ordlekande l\u00e5tar om <em>Petronella fr\u00e5n Plaskeby, Drip dropp <\/em>och<em> Ticketack<\/em> h\u00f6rdes fr\u00e5n scenen var 2014.<\/p>\n<p>\u2013 Vi kommer att ha Barnk\u00f6rfestival f\u00f6r de yngsta k\u00f6rerna under v\u00e5ren d\u00e5 l\u00e4nets barnk\u00f6rer fr\u00e5n kulturskolorna bjuds in, till\u00e4gger Ulla-Britt Eriksson.<\/p>\n<p><strong>Musikundervisningen \u00e4r en mycket stark del av verksamheten och kommer att forts\u00e4tta att vara det.<\/strong> Men inget \u00e4r s\u00e5 bra att det inte kan utvecklas. Som att kombinera drama och rytmik f\u00f6r de yngsta. Instrumentundervisning ska ske i sm\u00e5 grupper fr\u00e5n andra klass i grundskolan.<\/p>\n<p>\u2013 F\u00f6r att l\u00e4ra barnen att man musicerar i grupp. Kanske 12 barn i tr\u00e4bl\u00e5sskogen leker sig fram, exemplifierar Ulla-Britt Eriksson.<\/p>\n<p>I satsningen f\u00f6r bl\u00e5seleverna ing\u00e5r m\u00f6jligheten att delta i orkesterl\u00e4ger i v\u00e5r.<\/p>\n<p>&nbsp;<\/p>\n<p><a title=\"V\u00e4verska\" href=\"https:\/\/www.flickr.com\/photos\/kultursidan\/31676355314\/in\/album-72157700522861695\/\"><img loading=\"lazy\" decoding=\"async\" src=\"https:\/\/farm1.staticflickr.com\/503\/31676355314_6c1604fc97.jpg\" alt=\"V\u00e4verska\" width=\"500\" height=\"332\" \/><\/a><br \/>\n<em>V\u00e4verska. En annan sida av Kulturskolans verksamhet. Kulturlagets dramapedagoger levandeg\u00f6r Norrk\u00f6pings textilarbetartid i samarbete med Stadsmuseet 2017.<\/em><\/p>\n<p>&nbsp;<\/p>\n<p><strong>En rent praktisk nyhet \u00e4r att hemsidan f\u00f6rnyats.<\/strong> D\u00e4r l\u00e4ggs tomma platser ut n\u00e4r det blir ledigt p\u00e5 grund av avhopp, f\u00f6rst att nappa f\u00e5r plats.<\/p>\n<p>\u2013 Vi skulle kunna n\u00e5 fler. Att jobba med tillg\u00e4nglighet \u00e4r en st\u00e4ndig process, p\u00e5pekar Hasse Eriksson.<\/p>\n<p>Ett s\u00e4tt \u00e4r &#8221;El Sistema&#8221;-pedagogiken som anv\u00e4nds i Klockaretopet och Tamburinen. D\u00e4r f\u00e5r alla skolelever undervisning i musik och rytmik i \u00e5rskurs ett, sedan f\u00e5r barnen v\u00e4lja inriktning i \u00e5rskurs tv\u00e5.<\/p>\n<p><strong>\u2013 Att st\u00e4nka kultur p\u00e5 barnen \u00e4r viktigt!<\/strong> El Sistema \u00e4r ett s\u00e4tt. Det kan se ut p\u00e5 flera olika s\u00e4tt, menar Ulla-Britt Eriksson.<\/p>\n<p>Kulturskolans dramapedagoger i Kulturlaget n\u00e5r exempelvis 2.000 elever \u00e5rligen. Det g\u00f6r de genom att samarbeta med fr\u00e4mst Stadsmuseet men ocks\u00e5 Konstmuseet och Stadsbiblioteket i olika pedagogiska projekt som kan handla om tidssresor med sp\u00e5rvagn, mordg\u00e5tor, vikingatid, eller konst.<\/p>\n<p>&nbsp;<\/p>\n<p><a title=\"Den svenska bj\u00f6rnstammen upptr\u00e4dde p\u00e5 Niornas melodifestival v\u00e5ren 2018\" href=\"https:\/\/www.flickr.com\/photos\/kultursidan\/44164970852\/in\/album-72157700522861695\/\"><img loading=\"lazy\" decoding=\"async\" src=\"https:\/\/farm2.staticflickr.com\/1853\/44164970852_ec2885ebf2.jpg\" alt=\"Den svenska bj\u00f6rnstammen upptr\u00e4dde p\u00e5 Niornas melodifestival v\u00e5ren 2018\" width=\"500\" height=\"333\" \/><\/a><br \/>\n<em>Niornas melodifestival modell v\u00e5ren 2018. D\u00e5 var Den svenska bj\u00f6rnstammen g\u00e4startister.<\/em><\/p>\n<p>&nbsp;<\/p>\n<p><strong>\u2013 Vi erbjuder \u00e5ter en melodifestival f\u00f6r grundskolornas \u00e5rskurs nio<\/strong> som eventuellt f\u00e5r en ny touch denna g\u00e5ng, funderar Ulla-Britt Eriksson.<\/p>\n<p><strong>Som vanligt samarbetar Kulturskolan med R\u00e4ddningstj\u00e4nsten i musikteatern <em>Heta l\u00e5tar med r\u00f6k och sirener<\/em> som v\u00e4nder sig till f\u00f6rskolans sex\u00e5ringar.<\/strong> Och, som vanligt, \u00e4r det Kulturskolans elever som st\u00e5r bakom Norrk\u00f6pings Luciat\u00e5g i den stora kr\u00f6ningskonserten.<\/p>\n<p>\u2013 Konst och kultur vidgar tankef\u00f6rm\u00e5gan. Man blir mer kreativ, avslutar Hasse Eriksson.<\/p>\n<p><em>\u00a9 Text: Ann-Charlotte Sandelin<br \/>\n\u00a9 Foto: Ann-Charlotte Sandelin, Sven \u00c5ke Molund och Linda Sandstro\u0308m<\/em><\/p>\n<p>L\u00c4NKAR<br \/>\nKulturskolan <a href=\"http:\/\/kulturskolan.norrkoping.se\" target=\"_blank\" rel=\"noopener\">hemsida<\/a> <a href=\"https:\/\/www.facebook.com\/Kulturskolannorrkoping\/\" target=\"_blank\" rel=\"noopener\">Facebook<\/a><\/p>\n","protected":false},"excerpt":{"rendered":"<p>NORRK\u00d6PING Konstarter i samarbete. Kulturskolan i Norrk\u00f6ping ser kreativa m\u00f6ten som v\u00e4gen fram\u00e5t f\u00f6r framtiden. M\u00e5let \u00e4r att n\u00e5 alla barn i kommunen, med l\u00e5ga tr\u00f6sklar och lustfyllda projekt. Jubileumsf\u00f6rest\u00e4llningen i maj var bara b\u00f6rjan f\u00f6r 50-\u00e5ringen. <a class=\"continue-reading-link\" href=\"https:\/\/www.kultursidan.nu\/?p=37811\">L\u00e4s mer <span class=\"meta-nav\">&rarr; <\/span><\/a><\/p>\n","protected":false},"author":1001006,"featured_media":0,"comment_status":"closed","ping_status":"open","sticky":false,"template":"","format":"standard","meta":{"_jetpack_memberships_contains_paid_content":false,"footnotes":""},"categories":[7],"tags":[37,13,12],"class_list":["post-37811","post","type-post","status-publish","format-standard","hentry","category-norrkoping","tag-barnkultur","tag-musik","tag-teater"],"jetpack_featured_media_url":"","jetpack_sharing_enabled":true,"_links":{"self":[{"href":"https:\/\/www.kultursidan.nu\/index.php?rest_route=\/wp\/v2\/posts\/37811","targetHints":{"allow":["GET"]}}],"collection":[{"href":"https:\/\/www.kultursidan.nu\/index.php?rest_route=\/wp\/v2\/posts"}],"about":[{"href":"https:\/\/www.kultursidan.nu\/index.php?rest_route=\/wp\/v2\/types\/post"}],"author":[{"embeddable":true,"href":"https:\/\/www.kultursidan.nu\/index.php?rest_route=\/wp\/v2\/users\/1001006"}],"replies":[{"embeddable":true,"href":"https:\/\/www.kultursidan.nu\/index.php?rest_route=%2Fwp%2Fv2%2Fcomments&post=37811"}],"version-history":[{"count":7,"href":"https:\/\/www.kultursidan.nu\/index.php?rest_route=\/wp\/v2\/posts\/37811\/revisions"}],"predecessor-version":[{"id":38545,"href":"https:\/\/www.kultursidan.nu\/index.php?rest_route=\/wp\/v2\/posts\/37811\/revisions\/38545"}],"wp:attachment":[{"href":"https:\/\/www.kultursidan.nu\/index.php?rest_route=%2Fwp%2Fv2%2Fmedia&parent=37811"}],"wp:term":[{"taxonomy":"category","embeddable":true,"href":"https:\/\/www.kultursidan.nu\/index.php?rest_route=%2Fwp%2Fv2%2Fcategories&post=37811"},{"taxonomy":"post_tag","embeddable":true,"href":"https:\/\/www.kultursidan.nu\/index.php?rest_route=%2Fwp%2Fv2%2Ftags&post=37811"}],"curies":[{"name":"wp","href":"https:\/\/api.w.org\/{rel}","templated":true}]}}