{"id":3785,"date":"2012-01-11T14:57:11","date_gmt":"2012-01-11T13:57:11","guid":{"rendered":"https:\/\/intelligent-friend-7861.standoutwp.com\/?p=3785"},"modified":"2014-09-26T14:15:32","modified_gmt":"2014-09-26T13:15:32","slug":"tva-varldar-mots-pa-arbetets-museum","status":"publish","type":"post","link":"https:\/\/www.kultursidan.nu\/?p=3785","title":{"rendered":"Tv\u00e5 v\u00e4rldar m\u00f6ts p\u00e5 Arbetets museum"},"content":{"rendered":"<p><iframe loading=\"lazy\" src=\"https:\/\/www.flickr.com\/photos\/kultursidan\/6678643899\/in\/set-72157628822807791\/player\/\" width=\"500\" height=\"332\" frameborder=\"0\" allowfullscreen=\"allowfullscreen\"><\/iframe><br \/>\n<em>Tv\u00e5 fotografer Mattias \u00c5str\u00f6m och Patrik Lundstr\u00f6m, visar b\u00e5de bilder fr\u00e5n respektive intressesf\u00e4rer<br \/>\noch bilder och texter de arbetat fram gemensamt och som anknyter till tankar kring funktionsneds\u00e4ttning och diagnoser.<\/em><\/p>\n<p>&nbsp;<\/p>\n<h1><span style=\"color: #ff0000;\">Kan ett funktionshinder vara en funktionsf\u00f6rdel?<\/span><\/h1>\n<p>&nbsp;<\/p>\n<p><strong>Det \u00e4r fr\u00e5gan i utst\u00e4llningen <em>Funktionsf\u00f6rdelar \u2013 tv\u00e5 v\u00e4rldar m\u00f6ts<\/em> som invigdes p\u00e5 Arbetets Museum p\u00e5 tisdagskv\u00e4llen<\/strong>. Det \u00e4r en fotoutst\u00e4llning om fotografering, m\u00f6ten och tankar kring hur en funktionsneds\u00e4ttning kan bli en funktionsf\u00f6rdel i r\u00e4tt milj\u00f6 och med r\u00e4tt bem\u00f6tande.<\/p>\n<p>Huvudpersonen \u00e4r Patrik Lundstr\u00f6m som \u2013 med ett par diagnoser om funktionshinder, bland annat damp och dyslexi \u2013 kom f\u00f6r cirka fyra \u00e5r sedan till den dagliga verksamheten Mediaverkstan. Planeringen kring Patrik var ganska inrutad och efter ett tag l\u00e4mnade han verksamheten. N\u00e4r Mattias \u00c5str\u00f6m, som arbetar som handledare vid verksamheten, startade en fotokurs s\u00e5 kom Patrik med som elev.<\/p>\n<p><strong>Efter hand uppt\u00e4ckte de b\u00e5da gemensamma intressen, v\u00e4rderingar och \u00e5sikter n\u00e4r det g\u00e4llde bland annat fotografering, allas r\u00e4ttigheter och samh\u00e4llets syn p\u00e5 funktionsnedsatta personer.<\/strong> Id\u00e9n till <em>Tv\u00e5 v\u00e4rldar m\u00f6ts<\/em> f\u00f6ddes! N\u00e4r Arbetets Museum inf\u00f6r en annan utst\u00e4llning som startar inom kort engagerade Patrik s\u00e5 v\u00e4cktes ocks\u00e5 tankarna p\u00e5 en utst\u00e4llning kring Patrik och Mattias gemensamma projekt.<\/p>\n<p>Patrik Lundstr\u00f6m och Mattias \u00c5str\u00f6m har sj\u00e4lva valt ut sina bilder till utst\u00e4llningen. Som fotografer har de olika inriktningar och ser olika p\u00e5 hur de efterbearbetar sina foton.<\/p>\n<p>De bilder som man arbetat fram gemensamt anknyter till funktionsneds\u00e4ttning och diagnoser. Dessa har man f\u00f6rs\u00f6kt ge en egen gestaltning. De har valt att inte anv\u00e4nda dokument\u00e4ra bilder som visar dem sj\u00e4lva. I st\u00e4llet ber\u00e4ttar man om det i texterna.<\/p>\n<p>I utst\u00e4llningen visas ocks\u00e5 ett bildspel med cirka hundra bilder.<\/p>\n<p><strong>Utst\u00e4llningen invigdes av Christer Qvist som \u00e4r omr\u00e5deschef inom V\u00e5rd- och Omsorgskontoret, Norrk\u00f6pings Kommun.<\/strong> Vid vernissagen ber\u00e4ttade Patrik och Mattias f\u00f6r en stor publik om hur projektet kommit till och hur man ser p\u00e5 b\u00e5de funktionsf\u00f6rdelar och fotografering.<\/p>\n<p>Patrik Lundstr\u00f6m medverkade \u00e4ven med musik \u2013 s\u00e5ng, gitarr och keyboard \u2013 vid vernissagen.<\/p>\n<p><em>Text &amp; foto: Sven \u00c5ke Molund<\/em><\/p>\n<p><em>\u00a0<\/em><\/p>\n<ul>\n<li>\n<h3>ARBETETS MUSEUM Norrk\u00f6ping<\/h3>\n<\/li>\n<li><em>10 januari \u2013 9 april 2012<br \/>\n<\/em><strong>Funktionsf\u00f6rdelar \u2013 tv\u00e5 v\u00e4rldar m\u00f6ts<br \/>\n<\/strong>Fotoutst\u00e4llning<br \/>\nPatrik Lundstr\u00f6m och Mattias \u00c5str\u00f6m<\/li>\n<\/ul>\n<p>&nbsp;<\/p>\n<p>L\u00c4NKAR<br \/>\nPatrik och Mattias <a title=\"Tv\u00e5 v\u00e4ldar m\u00f6ts\" href=\"http:\/\/www.tvavarldarmots.se \" target=\"_blank\">hemsida <\/a><br \/>\nArbetets museum <a title=\"Arbetets museum\" href=\"http:\/\/www.arbetetsmuseum.se\" target=\"_blank\">hemsida<\/a><\/p>\n<p>&nbsp;<\/p>\n<p>BILDSPEL (FLASH) \u2013 KLICKA P\u00c5 BILDEN <em>ALT\/MOBIL: SE BILDSPELET <a title=\"Bildspel\" href=\"https:\/\/www.flickr.com\/photos\/kultursidan\/sets\/72157628822807791\/show\/\" target=\"_blank\">H\u00c4R<\/a><\/em><br \/>\n<object width=\"400\" height=\"300\"><param name=\"flashvars\" value=\"offsite=true&amp;lang=en-us&amp;page_show_url=%2Fphotos%2Fkultursidan%2Fsets%2F72157628822807791%2Fshow%2F&amp;page_show_back_url=%2Fphotos%2Fkultursidan%2Fsets%2F72157628822807791%2F&amp;set_id=72157628822807791&amp;jump_to=\" \/><param name=\"movie\" value=\"https:\/\/www.flickr.com\/apps\/slideshow\/show.swf?v=1811922554\" \/><param name=\"allowFullScreen\" value=\"true\" \/><\/object><\/p>\n","protected":false},"excerpt":{"rendered":"<p>NORRK\u00d6PING Med utst\u00e4llningen Funktionsf\u00f6rdelar visar fotograferna Patrik Lundstr\u00f6m och Mattias \u00c5str\u00f6m att en individ \u00e4r mer \u00e4n sina diagnoser. I sitt projekt gestaltar de tankar kring funktionsneds\u00e4ttning. Men visar ocks\u00e5 bilder med ren estetik.  <a class=\"continue-reading-link\" href=\"https:\/\/www.kultursidan.nu\/?p=3785\">L\u00e4s mer <span class=\"meta-nav\">&rarr; <\/span><\/a><\/p>\n","protected":false},"author":1001006,"featured_media":0,"comment_status":"closed","ping_status":"closed","sticky":false,"template":"","format":"standard","meta":{"_jetpack_memberships_contains_paid_content":false,"footnotes":""},"categories":[7],"tags":[17],"class_list":["post-3785","post","type-post","status-publish","format-standard","hentry","category-norrkoping","tag-foto"],"jetpack_featured_media_url":"","jetpack_sharing_enabled":true,"_links":{"self":[{"href":"https:\/\/www.kultursidan.nu\/index.php?rest_route=\/wp\/v2\/posts\/3785","targetHints":{"allow":["GET"]}}],"collection":[{"href":"https:\/\/www.kultursidan.nu\/index.php?rest_route=\/wp\/v2\/posts"}],"about":[{"href":"https:\/\/www.kultursidan.nu\/index.php?rest_route=\/wp\/v2\/types\/post"}],"author":[{"embeddable":true,"href":"https:\/\/www.kultursidan.nu\/index.php?rest_route=\/wp\/v2\/users\/1001006"}],"replies":[{"embeddable":true,"href":"https:\/\/www.kultursidan.nu\/index.php?rest_route=%2Fwp%2Fv2%2Fcomments&post=3785"}],"version-history":[{"count":0,"href":"https:\/\/www.kultursidan.nu\/index.php?rest_route=\/wp\/v2\/posts\/3785\/revisions"}],"wp:attachment":[{"href":"https:\/\/www.kultursidan.nu\/index.php?rest_route=%2Fwp%2Fv2%2Fmedia&parent=3785"}],"wp:term":[{"taxonomy":"category","embeddable":true,"href":"https:\/\/www.kultursidan.nu\/index.php?rest_route=%2Fwp%2Fv2%2Fcategories&post=3785"},{"taxonomy":"post_tag","embeddable":true,"href":"https:\/\/www.kultursidan.nu\/index.php?rest_route=%2Fwp%2Fv2%2Ftags&post=3785"}],"curies":[{"name":"wp","href":"https:\/\/api.w.org\/{rel}","templated":true}]}}