{"id":37880,"date":"2018-08-28T15:29:23","date_gmt":"2018-08-28T14:29:23","guid":{"rendered":"https:\/\/intelligent-friend-7861.standoutwp.com\/?p=37880"},"modified":"2018-10-13T09:59:06","modified_gmt":"2018-10-13T08:59:06","slug":"eldshow-ska-locka-till-gastabudet","status":"publish","type":"post","link":"https:\/\/www.kultursidan.nu\/?p=37880","title":{"rendered":"Eldshow ska locka till G\u00e4stabudet"},"content":{"rendered":"<p><a title=\"Lars Jonsson, NoMeMus konstn\u00e4rlige ledare, ikl\u00e4der sig sin medeltida dress inf\u00f6r G\u00e4stabudet.\" href=\"https:\/\/www.flickr.com\/photos\/kultursidan\/30456721198\/in\/album-72157700395814534\/\"><img loading=\"lazy\" decoding=\"async\" src=\"https:\/\/farm2.staticflickr.com\/1865\/30456721198_4a8b6c8396.jpg\" alt=\"Lars Jonsson, NoMeMus konstn\u00e4rlige ledare, ikl\u00e4der sig sin medeltida dress inf\u00f6r G\u00e4stabudet.\" width=\"500\" height=\"361\" \/><\/a><br \/>\n<em>P\u00e5 v\u00e4g in i medeltiden. Lars Jonsson, NoMeMus konstn\u00e4rlige ledare, ikl\u00e4der sig sin medeltida dress inf\u00f6r G\u00e4stabudet.<\/em><\/p>\n<p>&nbsp;<\/p>\n<h1><span style=\"color: #ff0000;\">NoMeMus med 1300-talsmusik<\/span><\/h1>\n<p>&nbsp;<\/p>\n<p>S\u00d6DERK\u00d6PING\u00a0<strong>\u00c5rets stora nyhet p\u00e5 G\u00e4stabudsdagarna i S\u00f6derk\u00f6ping \u00e4r den G\u00f6teborgsbaserade eldcirkusgruppen Pyrox.<\/strong> Den sju man starka gruppen kommer n\u00e4rmast fr\u00e5n Medeltidsveckan i Visby, d\u00e4r man gjorde tre framtr\u00e4danden.<\/p>\n<p><strong>F\u00f6r 13:e g\u00e5ngen anordnas\u00a0S\u00f6derk\u00f6pings G\u00e4stabud.<\/strong> Invigningen sker i Kyrkparken p\u00e5 fredag kv\u00e4ll. Men d\u00e5 har den medeltida marknaden redan varit i full g\u00e5ng sedan tidig f\u00f6rmiddag.<\/p>\n<p><strong>Och redan p\u00e5 torsdag kv\u00e4ll tjuvstartar NoMeMus, nordisk festival f\u00f6r medeltida musik,<\/strong> med en konsert i Drothems kyrka under rubriken <em>Ekon fr\u00e5n medeltiden<\/em>.<\/p>\n<p>&nbsp;<\/p>\n<p><a title=\"Pyrox\" href=\"https:\/\/www.flickr.com\/photos\/kultursidan\/30456720658\/in\/album-72157700395814534\/\"><img loading=\"lazy\" decoding=\"async\" src=\"https:\/\/farm2.staticflickr.com\/1888\/30456720658_ae161b7323.jpg\" alt=\"Pyrox\" width=\"500\" height=\"354\" \/><\/a><br \/>\n<em>Eldkrona. Pyrox eldshow blir h\u00f6jdpunkten i \u00c5rets G\u00e4stabud i S\u00f6derk\u00f6ping.<\/em><\/p>\n<p>&nbsp;<\/p>\n<p><strong>Det mesta \u00e4r sig likt fr\u00e5n f\u00f6reg\u00e5ende \u00e5r. Men n\u00e5gra nyheter blir det.<\/strong> Nytt \u00e4r att man kan k\u00f6pa s\u00e5 kallade kombibiljetter. De g\u00e4ller till exempel p\u00e5 fredagen till b\u00e5de riddarspelen och efterf\u00f6ljande show och konsert med det ber\u00f6mda bandet Stormfrun.<\/p>\n<p>\u2013 Vad g\u00e4ller riddarspelen s\u00e5 blir det b\u00e5de traditionella spel och en del rollspel, vilket \u00e4r nytt f\u00f6r i \u00e5r, ber\u00e4ttar J\u00f6rgen Jonsson som representerar Arboga Riddarna d\u00e4r ryttarna i riddarspelen ing\u00e5r.<\/p>\n<p><strong>P\u00e5 l\u00f6rdagen bjuds det p\u00e5 eldshow med Pyrox fr\u00e5n G\u00f6teborg tillsammans med musikgruppen Kalabalik.<\/strong> Pyrox ers\u00e4tter gruppen Trix som har medverkat varje \u00e5r hittills.<\/p>\n<p>\u2013 Vi vill g\u00e4rna prova n\u00e5t nytt. Och Pyrox har en v\u00e4ldigt m\u00e4ktig eldshow, s\u00e4ger Korp Wallman, en av dem som h\u00e5ller i tr\u00e5darna bakom G\u00e4stabudet.<\/p>\n<p>&nbsp;<\/p>\n<p><a title=\"Monica Stangel L\u00f6fvall, Korp Wallman, Mikael Thun, Robert Wallman och J\u00f6rgen Jonsson, n\u00e5gra av eldsj\u00e4larna bakom S\u00f6derk\u00f6pings G\u00e4stabud\" href=\"https:\/\/www.flickr.com\/photos\/kultursidan\/44275497752\/in\/album-72157700395814534\/\"><img loading=\"lazy\" decoding=\"async\" src=\"https:\/\/farm2.staticflickr.com\/1879\/44275497752_219e790791.jpg\" alt=\"Monica Stangel L\u00f6fvall, Korp Wallman, Mikael Thun, Robert Wallman och J\u00f6rgen Jonsson, n\u00e5gra av eldsj\u00e4larna bakom S\u00f6derk\u00f6pings G\u00e4stabud\" width=\"500\" height=\"308\" \/><\/a><br \/>\n<em>Monica Stangel L\u00f6fvall, Korp Wallman, Mikael Thun, Robert Wallman och J\u00f6rgen Jonsson, n\u00e5gra av eldsj\u00e4larna bakom S\u00f6derk\u00f6pings G\u00e4stabud<\/em><\/p>\n<p>&nbsp;<\/p>\n<p><strong>Det blir f\u00f6rst\u00e5s hantverksmarknad i S: Laurentii kyrkpark med lika m\u00e5nga marknadsst\u00e5nd som vanligt, med andra ord kn\u00f6kafullt.\u00a0<\/strong> En del &#8221;gamla&#8221; knallar kommer inte, andra kommer i st\u00e4llet.<\/p>\n<p>Mat och dryck serveras p\u00e5 flera st\u00e4llen i staden, bland annat i Brunnsparken d\u00e4r Glada Galten lanserar sin popul\u00e4ra grillmeny. Till den kan man, nytt f\u00f6r i \u00e5r, l\u00e4ska sig med mj\u00f6d, \u00f6l eller vin. Alkoholfritt finns f\u00f6rst\u00e5s ocks\u00e5 att k\u00f6pa.<\/p>\n<p><strong>Det blir gyckel med Mareld, Arkadia, Bastardus, Pest &amp; Kolera.<\/strong> Och s\u00e5 blir det mycket musik. M\u00e5nga av banden har spelat p\u00e5\u00a0 G\u00e4stabudet f\u00f6rut, men Koenix, en grupp spelem\u00e4n fr\u00e5n Schweiz, \u00e4r h\u00e4r f\u00f6r f\u00f6rsta g\u00e5ngen.<\/p>\n<p>\u2013 Dem \u00e4r vi glada att ha f\u00e5tt hit. De \u00e4r imponerande, s\u00e4ger Medeltidscentrums Monica Stangel L\u00f6fvall, en av organisat\u00f6rerna f\u00f6r G\u00e4stabudet.<\/p>\n<p><strong>\u2013 S\u00f6derk\u00f6pings G\u00e4stabud \u00e4r sist ut bland m\u00e5nga av sensommarens medeltidsfestivaler i Sverige.<\/strong> Vi \u00e4r ett av de st\u00f6rsta medeltidsevenemangen p\u00e5 fastlandet, fastsl\u00e5r de samlade arrang\u00f6rerna.\u00a0Bara Medeltidsveckan i Visby \u00e4r st\u00f6rre.<\/p>\n<p>Programh\u00e4ftet, som finns tillg\u00e4ngligt p\u00e5 flera st\u00e4llen i S\u00f6derk\u00f6ping, \u00e4r som vanligt mycket informativt. Det g\u00e5r knappast att missa n\u00e5got av det man vill se och h\u00f6ra.<\/p>\n<p>&nbsp;<\/p>\n<p><a title=\"Lars Jonsson med sin vevlira. Han kommer att bruka den f\u00f6r att ge n\u00e5gra musikaliska exempel under sitt f\u00f6redrag om Carmina Burana.\" href=\"https:\/\/www.flickr.com\/photos\/kultursidan\/30456721088\/in\/album-72157700395814534\/\"><img loading=\"lazy\" decoding=\"async\" src=\"https:\/\/farm2.staticflickr.com\/1893\/30456721088_c29eaea1b5.jpg\" alt=\"Lars Jonsson med sin vevlira. Han kommer att bruka den f\u00f6r att ge n\u00e5gra musikaliska exempel under sitt f\u00f6redrag om Carmina Burana.\" width=\"500\" height=\"382\" \/><\/a>&lt;<br \/>\n<em>Lars Jonsson med sin vevlira. Han kommer att bruka den f\u00f6r att ge n\u00e5gra musikaliska exempel under sitt f\u00f6redrag om Carmina Burana.<\/em><\/p>\n<p>&nbsp;<\/p>\n<p><strong>NoMeMus, Nordisk festival f\u00f6r medeltida musik, ing\u00e5r f\u00f6r elfte \u00e5ret i rad i S\u00f6derk\u00f6pings G\u00e4stabud. <\/strong>I \u00e5r ges tre konserter med g\u00e4stande professionella musikgrupper fr\u00e5n l\u00e4nderna runt \u00d6stersj\u00f6n. Temat \u00e4r 1300-talsmusik.<\/p>\n<p>P\u00e5 torsdagskv\u00e4llen inleds g\u00e4stspelen med musik fr\u00e5n det medeltida Florens framf\u00f6rd av\u00a0 den danska blockfl\u00f6jtisten Clara\u00a0 Guldberg Ravn och den svenske vevlirespelaren Johannes Geworkian Hellman.<\/p>\n<p>P\u00e5 fredag kv\u00e4ll blir det finst\u00e4md medeltida kammarmusik f\u00f6r r\u00f6ster och instrument framf\u00f6rd av Canto Fiorito fr\u00e5n Litauen.<\/p>\n<p>Och p\u00e5 l\u00f6rdag spelar den finska gruppen Sufira europeisk musik fr\u00e5n fr\u00e5n medeltiden men ocks\u00e5 en del nyskriven musik ing\u00e5r i programmet.<\/p>\n<p>Sveriges Radio kommer \u00e4ven i \u00e5r att n\u00e4rvara och spela in konserterna f\u00f6r att s\u00e4nda dem vid passande tillf\u00e4llen.<\/p>\n<p><strong>NoMeMus anordnar \u00e4ven en s\u00e5ng- och spelkurs, med temat Carmina Burana.<\/strong> Kursen har lockat ett 13-tal deltagare fr\u00e5n olika platser i landet. Kursledare \u00e4r Veikko Kiiver.<\/p>\n<p><em>Carmina Burana<\/em> \u00e4r en samling profana s\u00e5nger och dikter fr\u00e5n 1200-talet. De \u00e5terfanns i en originalhandskrift i ett kloster i Bayern i\u00a0 b\u00f6rjan av 1800-talet. 1935 presenterade komposit\u00f6ren Carl Orff ett k\u00f6r- och orkesterverk baserat p\u00e5 s\u00e5ngerna, som mestadels var skrivna p\u00e5 latin. Ett verk som har blivit mycket popul\u00e4rt.<\/p>\n<p>\u2013 Men det \u00e4r inte Carl Orffs verk man kommer att \u00e4gna sig \u00e5t p\u00e5 kursen, utan de gamla medeltida s\u00e5ngerna som inneh\u00e5ller b\u00e5de lyriska, dansanta och sakrala visor, ber\u00e4ttar NoMeMus konstn\u00e4rlige ledare Lars Jonsson.<\/p>\n<p>Lars Jonsson kommer f\u00f6r \u00f6vrigt att h\u00e5lla ett f\u00f6redrag om <em>Carmina Burana<\/em> och dess historia p\u00e5 l\u00f6rdag eftermiddag i S:t Laurentii f\u00f6rsamlingshem.<\/p>\n<p>&nbsp;<\/p>\n<p><a title=\"Monica Stangel L\u00f6fvall, Korp Wallman och J\u00f6rgen Jonsson utanf\u00f6r S:t Laurentii kyrka.\" href=\"https:\/\/www.flickr.com\/photos\/kultursidan\/44275497952\/in\/album-72157700395814534\/\"><img loading=\"lazy\" decoding=\"async\" src=\"https:\/\/farm2.staticflickr.com\/1896\/44275497952_a21b22242f.jpg\" alt=\"Monica Stangel L\u00f6fvall, Korp Wallman och J\u00f6rgen Jonsson utanf\u00f6r S:t Laurentii kyrka.\" width=\"500\" height=\"375\" \/><\/a><br \/>\n<em>Monica Stangel L\u00f6fvall, Korp Wallman och J\u00f6rgen Jonsson utanf\u00f6r S:t Laurentii kyrka.<\/em><\/p>\n<p>&nbsp;<\/p>\n<p><strong>\u2013 Planeringen inf\u00f6r n\u00e4sta \u00e5rs G\u00e4stabud har redan p\u00e5b\u00f6rjats.<\/strong> Det mesta arbetet g\u00f6rs innan sj\u00e4lva evenemanget, s\u00e4ger Korp Wallman.<\/p>\n<p>Sist men inte minst vill hon p\u00e5minna om den stora insatsen som volont\u00e4rerna g\u00f6r. Ett 60-tal entusiaster arbetar bakom kulisserna f\u00f6r att f\u00e5 det hela att fungera. Men det beh\u00f6vs flera, det \u00e4r inte f\u00f6r sent att anm\u00e4la sig, framh\u00e5ller hon.<\/p>\n<p><em>\u00a9 Text: Bibi Friedrichsen<br \/>\n\u00a9 Foto: Boy Svedberg och Pyrox<\/em><\/p>\n<blockquote>\n<h4>S\u00d6DERK\u00d6PING<\/h4>\n<p>30 augusti \u2013 2 september 2018<br \/>\n<strong>NoMeMus<\/strong><br \/>\nNordisk festival f\u00f6r medeltida musik<\/p>\n<p>31 augusti \u2013 2 september 2018<br \/>\n<strong>\u2028S\u00f6derk\u00f6pings G\u00e4stabud\u2028<\/strong><br \/>\nTornerspel, medeltidsmarknad, gycklare, eldshow, musikfestival, f\u00f6rel\u00e4sningar m.m.<\/p><\/blockquote>\n<p>L\u00c4NKAR<br \/>\nS\u00f6derk\u00f6pings G\u00e4stabud <a href=\"http:\/\/www.gastabud.se\/\" target=\"_blank\" rel=\"noopener\">hemsida<\/a> <a href=\"https:\/\/www.facebook.com\/S%C3%B6derk%C3%B6pings-G%C3%A4stabud-353435257893\/?fref=ts\" target=\"_blank\" rel=\"noopener\">Facebook<\/a> <a href=\"http:\/\/www.gastabud.se\/wp-content\/uploads\/2018\/07\/SOD-0044-G\u00e4stabudet-20180629.pdf\" target=\"_blank\" rel=\"noopener\">program<\/a><br \/>\nNoMeMus <a href=\"http:\/\/www.nomemus.se\/\" target=\"_blank\" rel=\"noopener\">hemsida<\/a> <a href=\"https:\/\/www.facebook.com\/nomemus\/\" target=\"_blank\" rel=\"noopener\">Facebook <\/a><\/p>\n","protected":false},"excerpt":{"rendered":"<p>S\u00d6DERK\u00d6PING \u00c5rets stora nyhet p\u00e5 G\u00e4stabudsdagarna i S\u00f6derk\u00f6ping \u00e4r den G\u00f6teborgsbaserade eldcirkusgruppen Pyrox. Den sju man starka gruppen kommer n\u00e4rmast fr\u00e5n Medeltidsveckan i Visby, d\u00e4r man gjorde tre framtr\u00e4danden. <a class=\"continue-reading-link\" href=\"https:\/\/www.kultursidan.nu\/?p=37880\">L\u00e4s mer <span class=\"meta-nav\">&rarr; <\/span><\/a><\/p>\n","protected":false},"author":1001006,"featured_media":0,"comment_status":"closed","ping_status":"open","sticky":false,"template":"","format":"standard","meta":{"_jetpack_memberships_contains_paid_content":false,"footnotes":""},"categories":[6],"tags":[37,54,29,61,13,42],"class_list":["post-37880","post","type-post","status-publish","format-standard","hentry","category-soderkoping","tag-barnkultur","tag-evenemang","tag-festival","tag-hantverk","tag-musik","tag-show"],"jetpack_featured_media_url":"","jetpack_sharing_enabled":true,"_links":{"self":[{"href":"https:\/\/www.kultursidan.nu\/index.php?rest_route=\/wp\/v2\/posts\/37880","targetHints":{"allow":["GET"]}}],"collection":[{"href":"https:\/\/www.kultursidan.nu\/index.php?rest_route=\/wp\/v2\/posts"}],"about":[{"href":"https:\/\/www.kultursidan.nu\/index.php?rest_route=\/wp\/v2\/types\/post"}],"author":[{"embeddable":true,"href":"https:\/\/www.kultursidan.nu\/index.php?rest_route=\/wp\/v2\/users\/1001006"}],"replies":[{"embeddable":true,"href":"https:\/\/www.kultursidan.nu\/index.php?rest_route=%2Fwp%2Fv2%2Fcomments&post=37880"}],"version-history":[{"count":6,"href":"https:\/\/www.kultursidan.nu\/index.php?rest_route=\/wp\/v2\/posts\/37880\/revisions"}],"predecessor-version":[{"id":38537,"href":"https:\/\/www.kultursidan.nu\/index.php?rest_route=\/wp\/v2\/posts\/37880\/revisions\/38537"}],"wp:attachment":[{"href":"https:\/\/www.kultursidan.nu\/index.php?rest_route=%2Fwp%2Fv2%2Fmedia&parent=37880"}],"wp:term":[{"taxonomy":"category","embeddable":true,"href":"https:\/\/www.kultursidan.nu\/index.php?rest_route=%2Fwp%2Fv2%2Fcategories&post=37880"},{"taxonomy":"post_tag","embeddable":true,"href":"https:\/\/www.kultursidan.nu\/index.php?rest_route=%2Fwp%2Fv2%2Ftags&post=37880"}],"curies":[{"name":"wp","href":"https:\/\/api.w.org\/{rel}","templated":true}]}}