{"id":37919,"date":"2018-08-30T15:52:45","date_gmt":"2018-08-30T14:52:45","guid":{"rendered":"https:\/\/intelligent-friend-7861.standoutwp.com\/?p=37919"},"modified":"2018-10-13T09:53:08","modified_gmt":"2018-10-13T08:53:08","slug":"vadstenas-operasangare-gastar-son","status":"publish","type":"post","link":"https:\/\/www.kultursidan.nu\/?p=37919","title":{"rendered":"Vadstenas operas\u00e5ngare g\u00e4star SON"},"content":{"rendered":"<p><a title=\"Kajsa Lindberg, sopran, Frida Bergquist, mezzosopran, och Philip Bj\u00f6rkqvist, basbaryton\" href=\"https:\/\/www.flickr.com\/photos\/kultursidan\/43442806605\/in\/album-72157697556700602\/\"><img loading=\"lazy\" decoding=\"async\" src=\"https:\/\/farm2.staticflickr.com\/1899\/43442806605_68991ac054.jpg\" alt=\"Kajsa Lindberg, sopran, Frida Bergquist, mezzosopran, och Philip Bj\u00f6rkqvist, basbaryton\" width=\"500\" height=\"333\" \/><\/a><br \/>\n<em>Ljuvligt. V\u00e4nd er om och sjung f\u00f6r orkestern uppmanade dirigenten s\u00e5ngarna Kajsa Lindberg,Frida Bergquist (skymd), och Philip Bj\u00f6rkqvist. St\u00e4ms\u00e5ngen ur Cos\u00ec fan tutte lj\u00f6d genast innerligare n\u00e4r de fick en publik.<\/em><\/p>\n<p>&nbsp;<\/p>\n<h1><span style=\"color: #ff0000;\">Ett ljuvligt \u00f6gonblick<\/span><\/h1>\n<p>&nbsp;<\/p>\n<p>NORRK\u00d6PING <strong>Fr\u00e5n barockopera till operap\u00e4rlor upptr\u00e4dda som smultron p\u00e5 ett str\u00e5.<\/strong> Tre unga operas\u00e5ngare i b\u00f6rjan av karri\u00e4ren sjunger med Norrk\u00f6pings Symfoniorkesters festliga gratiskonsert <em>Musik i sommarkv\u00e4ll<\/em> i De Geerhallen p\u00e5 torsdagskv\u00e4llen.<\/p>\n<p><strong>Repetition p\u00e5g\u00e5r. Sommarkl\u00e4dda musiker spelar v\u00e4lk\u00e4nda tong\u00e5ngar ur <em>Figaros br\u00f6llop<\/em>.<\/strong> Det blir en hel del Mozart n\u00e4r s\u00e5ngare fr\u00e5n Vadstena-Akademiens upps\u00e4ttningar g\u00e4star Norrk\u00f6pings symfoniorkester. Halsbandet av operap\u00e4rlor rymmer musik av Verdi och Bizet och andra k\u00e4nda tons\u00e4ttare fr\u00e5n operans storhetstid fr\u00e5n Mozarts 1700-tal till Puccinis tidiga 1900-tal.<\/p>\n<p>\u2013 Det blir vacker och l\u00e4ttlyssnad musik, f\u00f6rs\u00e4krar mezzosopranen Frida Bergquist.<\/p>\n<p><strong>Alldeles nyss stod hon p\u00e5 De Geerhallens scen och sj\u00f6ng <em>Soave sia il vento<\/em> ur <em>Cos\u00ec fan Tutte<\/em> tillsammans med Kajsa Lindberg och Philip Bj\u00f6rkqvist.<\/strong> Mjuk och vacker st\u00e4ms\u00e5ng, mild som en vaggvisa d\u00e4r r\u00f6sterna kl\u00e4ttrade om varandra, steg fram eller st\u00f6ttade. Inte bara med symfoniorkestern utan f\u00f6r musikerna, efter att dirigenten Joachim Gustafsson bett dem v\u00e4nda sig om. Ett ljuvligt \u00f6gonblick.<\/p>\n<p>&nbsp;<\/p>\n<p><a title=\"Kajsa Lindberg, sopran, Frida Bergquist, mezzosopran, och Philip Bj\u00f6rkqvist, basbaryton\" href=\"https:\/\/www.flickr.com\/photos\/kultursidan\/43442806525\/in\/album-72157697556700602\/\"><img loading=\"lazy\" decoding=\"async\" src=\"https:\/\/farm2.staticflickr.com\/1899\/43442806525_a5a9fa58a0.jpg\" alt=\"Kajsa Lindberg, sopran, Frida Bergquist, mezzosopran, och Philip Bj\u00f6rkqvist, basbaryton\" width=\"500\" height=\"333\" \/><\/a><br \/>\n<em>Nu vill de ut i v\u00e4rlden med sina r\u00f6ster. Norrk\u00f6ping \u00e4r ett steg p\u00e5 v\u00e4gen f\u00f6r Kajsa Lindberg, sopran, Frida Bergquist, mezzosopran, och Philip Bj\u00f6rkqvist, basbaryton.<\/em><\/p>\n<p>&nbsp;<\/p>\n<p><strong>Alla tre har allts\u00e5 sjungit med i \u00e5rets operaupps\u00e4ttning <em>Solen och Nordstj\u00e4rnan<\/em> hos Vadstena-Akademien.<\/strong> En Op\u00e9ra-ballet med b\u00e5de s\u00e5ngare och dansare som h\u00e4mtat inspiration och material fr\u00e5n hoven kring franske kung Ludvig XIV, Solen, och Karl XII, Nordstj\u00e4rnan. Upps\u00e4ttningen har lovordats av press och publik. Varf\u00f6r f\u00e5r vi inte h\u00f6ra n\u00e5got d\u00e4rifr\u00e5n?<\/p>\n<p>\u2013 Det \u00e4r sv\u00e5rt att g\u00f6ra. Det \u00e4r andra instrument, annan s\u00e4ttning, ett annat rum, s\u00e4ger Kajsa Lindberg. \u2013 Man anv\u00e4nder r\u00f6sten p\u00e5 ett helt annat s\u00e4tt. Tar mera inifr\u00e5n och improviserar.<\/p>\n<p><strong>S\u00e5ngarna f\u00f6rklarar att barocken l\u00e5g s\u00e5 tidigt att d\u00e5tidens s\u00e5ngare \u00e4nnu inte utvecklat r\u00f6sttekniken f\u00f6r stora musikhallar.<\/strong> Det handlade mer om kammarmusikaliska sammanhang, en r\u00f6st till tv\u00e5 lutor och en gamba till exempel. Att skifta mellan s\u00e5ngteknikerna under en och samma kv\u00e4ll \u00e4r dessutom ganska s\u00e5 tufft.<\/p>\n<p>&nbsp;<\/p>\n<p><a title=\"Kajsa Lindberg\" href=\"https:\/\/www.flickr.com\/photos\/kultursidan\/44300315692\/in\/album-72157697556700602\/\"><img loading=\"lazy\" decoding=\"async\" src=\"https:\/\/farm2.staticflickr.com\/1842\/44300315692_8683892f4d.jpg\" alt=\"Kajsa Lindberg\" width=\"500\" height=\"333\" \/><\/a><br \/>\n<em>Rosina. Sopranen Kajsa Lindberg sjunger grevinnan Almavivas andra aria.<\/em><\/p>\n<p>&nbsp;<\/p>\n<p><strong>Till Vadstena kom de tre s\u00e5ngarna p\u00e5 helt skilda v\u00e4gar.<\/strong> Om Kajsa Lindberg nu studerar i G\u00f6teborg efter att ha g\u00e5tt Musikh\u00f6gskolan i Stockholm och Frida Bergquist efter Lilla Akademien och H\u00e4rn\u00f6sands folkh\u00f6gskola studerat vid M\u00e4lardalens h\u00f6gskola har \u00e5l\u00e4nningen Philip Bj\u00f6rkqvist rundat av sin utbildning som till st\u00f6rsta delen f\u00f6rlagts till Tyskland med ett par \u00e5r i Stockholm. Det \u00e4r inte ovanligt att en operas\u00e5ngare l\u00e4gger tio \u00e5r p\u00e5 utbildning. Och att vara med i Vadstena \u00e4r en utbildning i sig.<\/p>\n<p>\u2013 Vi har f\u00e5tt l\u00e4ra oss med om barockgestik och kroppsspr\u00e5ket. Under barocken var det inte naturalistiskt, s\u00e4ger Frida Bergquist.<\/p>\n<p>\u2013 Vi har l\u00e4rt oss hur man bygger upp tabl\u00e5er, till\u00e4gger Kajsa Lindberg.<\/p>\n<p><strong>Steg f\u00f6r steg kom s\u00e5ngare och dansare in i barockens uttryckss\u00e4tt.<\/strong><\/p>\n<p>\u2013 Till sist fick vi koreografera v\u00e5ra gester i en aria sj\u00e4lva. Jag trodde inte att det skulle g\u00e5 men det gjorde det, ber\u00e4ttar Philip Bj\u00f6rkqvist.<\/p>\n<p>&nbsp;<\/p>\n<p><a title=\"Philip Bj\u00f6rkqvist\" href=\"https:\/\/www.flickr.com\/photos\/kultursidan\/44348554861\/in\/album-72157697556700602\/\"><img loading=\"lazy\" decoding=\"async\" src=\"https:\/\/farm2.staticflickr.com\/1894\/44348554861_ae44202ab3.jpg\" alt=\"Philip Bj\u00f6rkqvist\" width=\"500\" height=\"333\" \/><\/a><br \/>\n<em>Brett register. Basbarytonen Philip Bj\u00f6rkqvist bjuder p\u00e5 Katalogarian ur Mozarts Don Juan.<\/em><\/p>\n<p>&nbsp;<\/p>\n<p><strong>Philip Bj\u00f6rkqvist t\u00e4vlade dessutom i Stenhammart\u00e4vlingen tidigt i somras.<\/strong> Han kom till andra ronden men inte till finalen. \u00c4nd\u00e5 \u00e4r han n\u00f6jd.<\/p>\n<p>\u2013 Jag \u00e4r j\u00e4tten\u00f6jd. Bra organiserat och v\u00e4ldigt positiv st\u00e4mning, s\u00e4ger han som har erfarenhet fr\u00e5n s\u00e5ngt\u00e4vlingar i Tyskland.<\/p>\n<p>Framf\u00f6r allt uppskattar han samtalen med jurymedlemmarna \u2013 \u201dlyx med individuell feedback\u201d.<\/p>\n<p>\u2013 Jag \u00e4r basbaryton och fick responsen \u201dh\u00e4rligt att h\u00f6ra en tydlig bas\u201d. F\u00f6r mig blev det en v\u00e4ndpunkt mot att sjunga en l\u00e4gre repertoar.<\/p>\n<p>Vilket inte hindrar att det blir <em>Katalogarian<\/em> ur <em>Don Juan<\/em> ikv\u00e4ll, ett stycke f\u00f6r en betydligt ljusare r\u00f6st. Men det g\u00e5r bra, det h\u00f6rdes tidigare under repetitionen.<\/p>\n<p><strong>\u2013 Det \u00e4r som julafton f\u00f6r oss att f\u00e5 g\u00f6ra en s\u00e5dan h\u00e4r konsert.<\/strong> Och inte med vilken symfoniorkester som helst utan med Norrk\u00f6pings symfoniorkester, s\u00e4ger Philip Bj\u00f6rkqvist och f\u00e5r medh\u00e5ll av Kajsa Lindberg och Frida Bergquist. Julafton redan, fast det bara \u00e4r en av sommarens sista dagar.<\/p>\n<p><em>\u00a9 Text och foto: Ann-Charlotte Sandelin<\/em><\/p>\n<p>BILDSPEL \u2013 KLICKA P\u00c5 BILDENS PILAR<\/p>\n<p><a data-flickr-embed='true' href='https:\/\/www.flickr.com\/photos\/kultursidan\/albums\/72157697556700602' title='Musik i sommarkv\u00e4ll F\u00d6RH, Norrk\u00f6pings Symfoniorkester 2018 by Kultursidan, on Flickr'><img src='https:\/\/live.staticflickr.com\/1869\/44300315932_611a214a51_z.jpg' width='800' height='600' alt='Norrk\u00f6pings Symfoniorkester'><\/a><script async src='https:\/\/embedr.flickr.com\/assets\/client-code.js' charset='utf-8'><\/script><\/p>\n<blockquote>\n<h4>DE GEERHALLEN Norrk\u00f6ping<\/h4>\n<p>30 augusti 2018 kl 19<br \/>\n<strong>Musik i sommarkv\u00e4ll<\/strong><br \/>\nNorrk\u00f6pings Symfoniorkester<br \/>\nDirigent: Joachim Gustafsson<br \/>\nSolister: Kajsa Lindberg, sopran, Frida Bergquist, mezzosopran, och Philip Bj\u00f6rkqvist, basbaryton<br \/>\nProgramv\u00e4rd: Christina Tobeck<\/p>\n<p style=\"padding-left: 30px;\">PROGRAM<br \/>\nMusik av Verdi, Massenet, Mozart, Bizet, Ruggero, Puccini och Wagner<\/p>\n<\/blockquote>\n<p>L\u00c4NKAR<br \/>\nVadstena-Akademien <a href=\"http:\/\/www.vadstena-akademien.org\" target=\"_blank\" rel=\"noopener\">hemsida<\/a> <a href=\"https:\/\/www.facebook.com\/VadstenaAkademien\/?fref=ts\" target=\"_blank\" rel=\"noopener\">Facebook<\/a><br \/>\nNorrk\u00f6pings symfoniorkester <a href=\"http:\/\/www.norrkopingssymfoniorkester.se\" target=\"_blank\" rel=\"noopener noreferrer\">hemsida<\/a> <a href=\"https:\/\/www.facebook.com\/norrkoping.symphony\/?fref=ts\" target=\"_blank\" rel=\"noopener noreferrer\">Facebook<\/a><br \/>\nSON spelar Wienklassiskt och nytt <a href=\"https:\/\/www.kultursidan.nu\/?p=36304\" target=\"_blank\" rel=\"noopener\">reportage<\/a> Kultursidan.nu 8\/5 2018<\/p>\n","protected":false},"excerpt":{"rendered":"<p>NORRK\u00d6PING Fr\u00e5n barockopera till operap\u00e4rlor upptr\u00e4dda som smultron p\u00e5 ett str\u00e5. Tre unga operas\u00e5ngare i b\u00f6rjan av karri\u00e4ren sjunger med Norrk\u00f6pings Symfoniorkesters festliga gratiskonsert Musik i sommarkv\u00e4ll i De Geerhallen p\u00e5 torsdagskv\u00e4llen.  <a class=\"continue-reading-link\" href=\"https:\/\/www.kultursidan.nu\/?p=37919\">L\u00e4s mer <span class=\"meta-nav\">&rarr; <\/span><\/a><\/p>\n","protected":false},"author":1001006,"featured_media":0,"comment_status":"closed","ping_status":"open","sticky":false,"template":"","format":"standard","meta":{"_jetpack_memberships_contains_paid_content":false,"footnotes":""},"categories":[7],"tags":[13],"class_list":["post-37919","post","type-post","status-publish","format-standard","hentry","category-norrkoping","tag-musik"],"jetpack_featured_media_url":"","jetpack_sharing_enabled":true,"_links":{"self":[{"href":"https:\/\/www.kultursidan.nu\/index.php?rest_route=\/wp\/v2\/posts\/37919","targetHints":{"allow":["GET"]}}],"collection":[{"href":"https:\/\/www.kultursidan.nu\/index.php?rest_route=\/wp\/v2\/posts"}],"about":[{"href":"https:\/\/www.kultursidan.nu\/index.php?rest_route=\/wp\/v2\/types\/post"}],"author":[{"embeddable":true,"href":"https:\/\/www.kultursidan.nu\/index.php?rest_route=\/wp\/v2\/users\/1001006"}],"replies":[{"embeddable":true,"href":"https:\/\/www.kultursidan.nu\/index.php?rest_route=%2Fwp%2Fv2%2Fcomments&post=37919"}],"version-history":[{"count":5,"href":"https:\/\/www.kultursidan.nu\/index.php?rest_route=\/wp\/v2\/posts\/37919\/revisions"}],"predecessor-version":[{"id":38533,"href":"https:\/\/www.kultursidan.nu\/index.php?rest_route=\/wp\/v2\/posts\/37919\/revisions\/38533"}],"wp:attachment":[{"href":"https:\/\/www.kultursidan.nu\/index.php?rest_route=%2Fwp%2Fv2%2Fmedia&parent=37919"}],"wp:term":[{"taxonomy":"category","embeddable":true,"href":"https:\/\/www.kultursidan.nu\/index.php?rest_route=%2Fwp%2Fv2%2Fcategories&post=37919"},{"taxonomy":"post_tag","embeddable":true,"href":"https:\/\/www.kultursidan.nu\/index.php?rest_route=%2Fwp%2Fv2%2Ftags&post=37919"}],"curies":[{"name":"wp","href":"https:\/\/api.w.org\/{rel}","templated":true}]}}