{"id":38076,"date":"2018-09-10T16:09:03","date_gmt":"2018-09-10T15:09:03","guid":{"rendered":"https:\/\/intelligent-friend-7861.standoutwp.com\/?p=38076"},"modified":"2018-10-05T18:02:31","modified_gmt":"2018-10-05T17:02:31","slug":"vykort-fran-soderkopings-gastabud","status":"publish","type":"post","link":"https:\/\/www.kultursidan.nu\/?p=38076","title":{"rendered":"Vykort fr\u00e5n S\u00f6derk\u00f6pings G\u00e4stabud"},"content":{"rendered":"<p><a title=\"Hur gammal?\" href=\"https:\/\/www.flickr.com\/photos\/kultursidan\/42785193280\/in\/album-72157700896801044\/\"><img loading=\"lazy\" decoding=\"async\" src=\"https:\/\/farm2.staticflickr.com\/1852\/42785193280_a3b5e66f18.jpg\" alt=\"Hur gammal?\" width=\"500\" height=\"333\" \/><\/a><br \/>\n<em>Sk\u00e5l d\u00e5! Mat p\u00e5 medeltida vis. Rotsaker h\u00f6rde till basf\u00f6dan fram till 1900-talet. Fisk ocks\u00e5.<br \/>\n<\/em><\/p>\n<p>&nbsp;<\/p>\n<h1><span style=\"color: #ff0000;\">Fantastiska och magiska dagar<\/span><\/h1>\n<p>&nbsp;<\/p>\n<p>S\u00d6DERK\u00d6PING <strong>T\u00e4nk att f\u00e5 h\u00e4lsa p\u00e5 i medeltiden bara f\u00f6r n\u00e5gra dagar.<\/strong> S\u00f6derk\u00f6pings G\u00e4stabud bjuder p\u00e5 just detta. Efter att vi rapporterat om h\u00e4star, eld och konserter f\u00f6rra helgen hade vi kvar bilder fr\u00e5n m\u00e4nniskor vi m\u00f6tt och f\u00f6rem\u00e5l som f\u00e5ngade \u00f6gat. Kort sagt \u2013 h\u00e4lsningar fr\u00e5n medeltiden.<\/p>\n<p>&nbsp;<\/p>\n<p><a title=\"Sara Stenlind\" href=\"https:\/\/www.flickr.com\/photos\/kultursidan\/42785193890\/in\/album-72157700896801044\/\"><img loading=\"lazy\" decoding=\"async\" src=\"https:\/\/farm2.staticflickr.com\/1850\/42785193890_a6cd72c435.jpg\" alt=\"Sara Stenlind\" width=\"500\" height=\"355\" \/><\/a><br \/>\n<em>V\u00e4lkl\u00e4dd. Sara Stenlind har sytt sina kl\u00e4der sj\u00e4lv, inspirerad av vikingatidens dr\u00e4ktskick.<\/em><\/p>\n<p>&nbsp;<\/p>\n<p><strong>\u2013 Jag tycker att man kan komma hit och g\u00e5 runt p\u00e5 marknaden.<\/strong> \u00c4ta p\u00e5 restauranger och prova medeltidsmat. Sen g\u00e5 vidare till Brunnsparken f\u00f6r att titta p\u00e5 turnering, spel och eldshow. Det finns mycket och det finns n\u00e5gonting f\u00f6r alla!, sade Sara Stenlind som jag m\u00f6tte redan f\u00f6rsta dagen.<\/p>\n<p>\u2013 Det \u00e4r fantastiskt coolt att kliva av fr\u00e5n mitt andra jobb, mer kontorsjobb, st\u00e4lla mig h\u00e4r och s\u00e4lja tyg och kl\u00e4der, fortsatte Sara Stenlind som i \u00e5r gjorde sitt femte g\u00e4stabud.<\/p>\n<p>Hon har sytt sin dr\u00e4kt sj\u00e4lv; den \u00e4r mer inspirerad av vikingatid \u00e4n medeltid, byxorna anv\u00e4ndes av m\u00e4nnen.<\/p>\n<p>&nbsp;<\/p>\n<p><a title=\"Stensmycken\" href=\"https:\/\/www.flickr.com\/photos\/kultursidan\/43876692754\/in\/album-72157700896801044\/\"><img loading=\"lazy\" decoding=\"async\" src=\"https:\/\/farm2.staticflickr.com\/1892\/43876692754_4f97d8bd71.jpg\" alt=\"Stensmycken\" width=\"500\" height=\"333\" \/><\/a><br \/>\n<em>\u00d6verfl\u00f6d. Sm\u00e5 stensmycken i silverinfattning.<\/em><\/p>\n<p>&nbsp;<\/p>\n<p><strong>Det var en fantastisk och magisk tid, de dagar jag bes\u00f6kte G\u00e4stabudet.<\/strong> Glada m\u00e4nniskor, m\u00e5nga kl\u00e4dda i fina dr\u00e4kter av omv\u00e4xlande slag. I Kyrkparken s\u00e5ldes kl\u00e4der, smycken och hantverk.<\/p>\n<p>\u2013 Det h\u00e4r \u00e4r vad g\u00f6r om dagarna, sade Joel Wennerholm, som \u00e4r smed varje dag \u00e5ret runt. Inte bara p\u00e5 S\u00f6derk\u00f6pings G\u00e4stabud.<\/p>\n<p>\u2013 Det h\u00e4r \u00e4r en fantastisk tillst\u00e4llning. Du bes\u00f6ker v\u00e4l marknaden?, p\u00e5minde Beatrice Lehtil\u00e4 som \u00e5t lunch mitt i medeltiden.<\/p>\n<p>V\u00e4nnen Madelen Arman framh\u00f6ll att det \u00e4r bra kvalitet p\u00e5 sakerna som s\u00e4ljs.<\/p>\n<p>&nbsp;<\/p>\n<p><a title=\"Johanna Wall och Mikael Karlsson med s\u00e4llskap\" href=\"https:\/\/www.flickr.com\/photos\/kultursidan\/43876692544\/in\/album-72157700896801044\/\"><img loading=\"lazy\" decoding=\"async\" src=\"https:\/\/farm2.staticflickr.com\/1865\/43876692544_3cae8d95a8.jpg\" alt=\"Johanna Wall och Mikael Karlsson med s\u00e4llskap\" width=\"500\" height=\"331\" \/><\/a><br \/>\n<em>Kanalpromenad. Johanna Wall och Mikael Karlsson med s\u00e4llskap p\u00e5 v\u00e4g mot Brunnsparken.<\/em><\/p>\n<p>&nbsp;<\/p>\n<p><strong>Om publiken hade gott om plats under den regniga fredagen ringlade k\u00f6n l\u00e5ng till l\u00f6rdagens eldshow.<\/strong><\/p>\n<p>\u2013 Det \u00e4r roligt att vara h\u00e4r, tyckte Johanna Wall och Mikael Karlsson med s\u00e4llskap p\u00e5 v\u00e4g till Pyrox Eldshow. Kl\u00e4derna hade de l\u00e5nat av kompisar.<\/p>\n<p>I brist p\u00e5 starkare h\u00e4stkrafter tog Torsten Sahlin k\u00e4pph\u00e4sten till G\u00e4stabudet.<\/p>\n<p><em>\u00a9 Text och foto: Tanja Volkova<br \/>\n\u00a9 Textredigering: Ann-Charlotte Sandelin<\/em><\/p>\n<p>BILDSPEL \u2013 KLICKA P\u00c5 BILDENS PILAR<\/p>\n<p><a data-flickr-embed='true' href='https:\/\/www.flickr.com\/photos\/kultursidan\/albums\/72157700896801044' title='Vykort, S\u00f6derk\u00f6pings G\u00e4stabud 2018 by Kultursidan, on Flickr'><img src='https:\/\/live.staticflickr.com\/1863\/30724713928_def86a66e7_z.jpg' width='800' height='600' alt='Vikingatida sk\u00f6ldbroscher'><\/a><script async src='https:\/\/embedr.flickr.com\/assets\/client-code.js' charset='utf-8'><\/script><\/p>\n<blockquote>\n<h4>S\u00d6DERK\u00d6PING<\/h4>\n<p>31 augusti \u2013 2 september 2018<br \/>\n<strong>S\u00f6derk\u00f6pings G\u00e4stabud<\/strong><br \/>\nTornerspel, medeltidsmarknad, gycklare, eldshow, musikfestival, f\u00f6rel\u00e4sningar m.m.<\/p><\/blockquote>\n<p>L\u00c4NKAR<br \/>\nS\u00f6derk\u00f6pings G\u00e4stabud <a href=\"http:\/\/www.gastabud.se\/\" target=\"_blank\" rel=\"noopener\">hemsida<\/a> <a href=\"https:\/\/www.facebook.com\/S%C3%B6derk%C3%B6pings-G%C3%A4stabud-353435257893\/?fref=ts\" target=\"_blank\" rel=\"noopener\">Facebook<\/a> <a href=\"http:\/\/www.gastabud.se\/wp-content\/uploads\/2018\/07\/SOD-0044-G\u00e4stabudet-20180629.pdf\" target=\"_blank\" rel=\"noopener\">program<\/a><br \/>\nNoMeMus <a href=\"http:\/\/www.nomemus.se\/\" target=\"_blank\" rel=\"noopener\">hemsida<\/a> <a href=\"https:\/\/www.facebook.com\/nomemus\/\" target=\"_blank\" rel=\"noopener\">Facebook <\/a><br \/>\nCodex Buranus f\u00f6re Carmina Burana <a href=\"https:\/\/www.kultursidan.nu\/?p=38020\" target=\"_blank\" rel=\"noopener\">reportage<\/a> Kultursidan.nu 6\/9 2018<br \/>\nMagisk eldsaga med Pyrox &amp; Kalabalik <a href=\"https:\/\/www.kultursidan.nu\/?p=37998\" target=\"_blank\" rel=\"noopener\">recension<\/a> Kultursidan.nu 5\/9 2018<br \/>\nHimmelska toner med finl\u00e4ndska Sufira <a href=\"https:\/\/www.kultursidan.nu\/?p=37974\" target=\"_blank\" rel=\"noopener\">recension<\/a> Kultursidan.nu 4\/9 2018<br \/>\nHeimdalls yxa i regniga Brunnsparken <a href=\"https:\/\/www.kultursidan.nu\/?p=37955\" target=\"_blank\" rel=\"noopener\">reportage<\/a> Kultursidan.nu 1\/9 2018<br \/>\nCanto Fioritos f\u00f6rfinade musik <a href=\"https:\/\/www.kultursidan.nu\/?p=37947\" target=\"_blank\" rel=\"noopener\">recension<\/a> Kultursidan.nu 1\/9 2018<br \/>\nRegntung invigning av G\u00e4stabudet <a href=\"https:\/\/www.kultursidan.nu\/?p=37944\" target=\"_blank\" rel=\"noopener\">reportage<\/a> Kultursidan.nu 1\/9 2018<br \/>\nNjutningsfulla Ekon fr\u00e5n medeltiden <a href=\"https:\/\/www.kultursidan.nu\/?p=37928\" target=\"_blank\" rel=\"noopener\">recension<\/a> Kultursidan.nu 31\/8 2018<br \/>\nEldshow ska locka till G\u00e4stabudet <a href=\"https:\/\/www.kultursidan.nu\/?p=37880\" target=\"_blank\" rel=\"noopener\">reportage<\/a> Kultursidan.nu 28\/8 2018<\/p>\n","protected":false},"excerpt":{"rendered":"<p>S\u00d6DERK\u00d6PING T\u00e4nk att f\u00e5 h\u00e4lsa p\u00e5 i medeltiden bara f\u00f6r n\u00e5gra dagar. S\u00f6derk\u00f6pings G\u00e4stabud bjuder p\u00e5 just detta. Efter att vi rapporterat om h\u00e4star, eld och konserter f\u00f6rra helgen hade vi kvar bilder fr\u00e5n m\u00e4nniskor vi m\u00f6tt och f\u00f6rem\u00e5l som f\u00e5ngade \u00f6gat. Kort sagt \u2013 h\u00e4lsningar fr\u00e5n medeltiden. <a class=\"continue-reading-link\" href=\"https:\/\/www.kultursidan.nu\/?p=38076\">L\u00e4s mer <span class=\"meta-nav\">&rarr; <\/span><\/a><\/p>\n","protected":false},"author":1001006,"featured_media":0,"comment_status":"closed","ping_status":"open","sticky":false,"template":"","format":"standard","meta":{"_jetpack_memberships_contains_paid_content":false,"footnotes":""},"categories":[6],"tags":[29,61],"class_list":["post-38076","post","type-post","status-publish","format-standard","hentry","category-soderkoping","tag-festival","tag-hantverk"],"jetpack_featured_media_url":"","jetpack_sharing_enabled":true,"_links":{"self":[{"href":"https:\/\/www.kultursidan.nu\/index.php?rest_route=\/wp\/v2\/posts\/38076","targetHints":{"allow":["GET"]}}],"collection":[{"href":"https:\/\/www.kultursidan.nu\/index.php?rest_route=\/wp\/v2\/posts"}],"about":[{"href":"https:\/\/www.kultursidan.nu\/index.php?rest_route=\/wp\/v2\/types\/post"}],"author":[{"embeddable":true,"href":"https:\/\/www.kultursidan.nu\/index.php?rest_route=\/wp\/v2\/users\/1001006"}],"replies":[{"embeddable":true,"href":"https:\/\/www.kultursidan.nu\/index.php?rest_route=%2Fwp%2Fv2%2Fcomments&post=38076"}],"version-history":[{"count":7,"href":"https:\/\/www.kultursidan.nu\/index.php?rest_route=\/wp\/v2\/posts\/38076\/revisions"}],"predecessor-version":[{"id":38415,"href":"https:\/\/www.kultursidan.nu\/index.php?rest_route=\/wp\/v2\/posts\/38076\/revisions\/38415"}],"wp:attachment":[{"href":"https:\/\/www.kultursidan.nu\/index.php?rest_route=%2Fwp%2Fv2%2Fmedia&parent=38076"}],"wp:term":[{"taxonomy":"category","embeddable":true,"href":"https:\/\/www.kultursidan.nu\/index.php?rest_route=%2Fwp%2Fv2%2Fcategories&post=38076"},{"taxonomy":"post_tag","embeddable":true,"href":"https:\/\/www.kultursidan.nu\/index.php?rest_route=%2Fwp%2Fv2%2Ftags&post=38076"}],"curies":[{"name":"wp","href":"https:\/\/api.w.org\/{rel}","templated":true}]}}