{"id":38124,"date":"2018-09-14T14:05:22","date_gmt":"2018-09-14T13:05:22","guid":{"rendered":"https:\/\/intelligent-friend-7861.standoutwp.com\/?p=38124"},"modified":"2018-10-05T17:52:33","modified_gmt":"2018-10-05T16:52:33","slug":"mer-teknik-i-kulturen-med-rodikk","status":"publish","type":"post","link":"https:\/\/www.kultursidan.nu\/?p=38124","title":{"rendered":"Mer teknik i kulturen med R\u00f6dikk"},"content":{"rendered":"<p><a title=\"Erik Rosales och Norrk\u00f6pings stadsvapen\" href=\"https:\/\/www.flickr.com\/photos\/kultursidan\/42864651660\/in\/album-72157673406978008\/\"><img loading=\"lazy\" decoding=\"async\" src=\"https:\/\/farm2.staticflickr.com\/1899\/42864651660_0a44e75d41.jpg\" alt=\"Erik Rosales och Norrk\u00f6pings stadsvapen\" width=\"500\" height=\"375\" \/><\/a><br \/>\n<em>Hej! Erik Rosales visade Norrk\u00f6pings gamla stadsvapen n\u00e4r han ber\u00e4ttade om sin och Sirqus Alfons karri\u00e4rstart f\u00f6r deltagarna i R\u00f6dikks samling i Strykbr\u00e4dan.<\/em><\/p>\n<p>&nbsp;<\/p>\n<h1><span style=\"color: #ff0000;\">Regionbidrag p\u00e5 200.000 kronor<\/span><\/h1>\n<p>&nbsp;<\/p>\n<p>NORRK\u00d6PING <strong>Anja Praesto vill g\u00f6ra lasershow med musik vid \u00c5 \u00f6dekyrka.<\/strong> Sirqus Alfons egen Erik Rosales showade f\u00f6r klustret R\u00f6dikk f\u00f6rra veckan. Kulturarbetare och IT-f\u00f6retag tr\u00e4ffades f\u00f6r att unders\u00f6ka om de kan berika varandra.<\/p>\n<p><strong>Kluster \u2013 allts\u00e5 tajtare \u00e4n bara ett n\u00e4tverk \u2013 \u00e4r R\u00f6dikk, namnet uttyds Region \u00d6sterg\u00f6tlands digitala kulturkluster.<\/strong> H\u00e4r kan kulturakt\u00f6rer och teknikf\u00f6retag matchas med syftet att unders\u00f6ka hur ny teknik kan anv\u00e4ndas inom kultursektorn. Norrk\u00f6ping Science Park har f\u00e5tt regionens uppdrag att h\u00e5lla i tr\u00e5darna med Bo Sundborg som projektledare.<\/p>\n<p><strong>Det s\u00e5g ut som en tanke \u2013 men var det inte \u2013 att f\u00f6rsta tr\u00e4ffen l\u00e5g direkt efter teknikintensiva Norrk\u00f6ping City Symphony som lj\u00f6d mitt i Industrilandskapet f\u00f6rra veckan.<\/strong> Men visst var happeningen ett bra exempel med f\u00f6rinspelade ljud som drogs ig\u00e5ng n\u00e4r r\u00f6relsedetektorer registrerade passerande vandrare h\u00e4r och d\u00e4r mellan Flygeln och Stadsmuseet. Samtidigt som det stod alla fritt att sj\u00e4lva medverka.<\/p>\n<p>&nbsp;<\/p>\n<p><a title=\"Erik Rosales f\u00e5r ig\u00e5ng publiken i tekniklek\" href=\"https:\/\/www.flickr.com\/photos\/kultursidan\/44674600201\/in\/album-72157673406978008\/\"><img loading=\"lazy\" decoding=\"async\" src=\"https:\/\/farm2.staticflickr.com\/1899\/44674600201_04de8da9fe.jpg\" alt=\"Erik Rosales f\u00e5r ig\u00e5ng publiken i tekniklek\" width=\"500\" height=\"375\" \/><\/a><br \/>\n<em>Violinister. Erik Rosales fick ig\u00e5ng publiken i en tekniklek.<\/em><\/p>\n<p>&nbsp;<\/p>\n<p><strong>\u2013 Sverige ska bli b\u00e4st i v\u00e4rlden p\u00e5 digitalisering.<\/strong> Men det kr\u00e4vs strategi, ledning och m\u00e4nniskor som f\u00e5r m\u00f6jligheterna, inledde Region \u00d6sterg\u00f6tlands kulturchef Ann Heder\u00e9n vid uppstarten f\u00f6r R\u00f6dikk i Coffice fullpackade entr\u00e9hall i Strykbr\u00e4dan.<\/p>\n<p>M\u00f6jligheterna v\u00e4xer f\u00f6r de som vill. Region \u00d6sterg\u00f6tland har satt av 200.000 kronor f\u00f6r kulturakt\u00f6rer som s\u00f6ker tillsammans med teknikf\u00f6retag.<\/p>\n<p>\u2013 Det \u00e4r inte s\u00e4kert att alla produktioner och processer ska digitaliseras, tillade Ann Heder\u00e9n.<\/p>\n<p><strong>Erik Rosales har r\u00f6rt sig nyfiket och kreativt i detta kultur- och tekniklandskap sedan m\u00e5nga \u00e5r.<\/strong> Kanske han \u00e4r mer k\u00e4nd under sitt alter ego Babham, en av de tre killarna som utg\u00f6r Sirqus Alfon, som b\u00f6rjade med gatuteater i Norrk\u00f6ping under tidigt 1990-tal. Nu l\u00e4gger de v\u00e4rlden f\u00f6r sina f\u00f6tter.<\/p>\n<p>\u2013 Gatan \u00e4r en skola i oh\u00e4mmad kreativitet med sin st\u00e4ndiga str\u00f6m av f\u00f6rbipasserande att testa p\u00e5. Att testa ger ett bibliotek av id\u00e9er, sade Erik Rosales glatt och lade till att det tar 10.000 timmar att bli riktigt bra p\u00e5 n\u00e5got, oavsett om det \u00e4r ett cirkustrick eller att plugga.<\/p>\n<p>Nyligen deltog Sirqus Alfon i festivalen Cirkusslottet i Finsp\u00e5ng inklusive dess tv\u00e5 veckor l\u00e5nga uppf\u00f6ljare med f\u00f6rest\u00e4llningar f\u00f6r skolorna. R\u00f6dikks deltagare fick se korta scener fr\u00e5n f\u00f6rest\u00e4llningen men \u00e4ven l\u00e4ckra trolleritrick, som konsten att fylla ett glas med vin ur en iPad. Erik Rosales jobbar n\u00e4mligen ocks\u00e5 ihop med magikern Charlie Caper.<\/p>\n<p>&nbsp;<\/p>\n<p><a title=\"Erik Rosales och Anja Praesto\" href=\"https:\/\/www.flickr.com\/photos\/kultursidan\/42864651540\/in\/album-72157673406978008\/\"><img loading=\"lazy\" decoding=\"async\" src=\"https:\/\/farm2.staticflickr.com\/1880\/42864651540_a7ee8fd7c3.jpg\" alt=\"Erik Rosales och Anja Praesto\" width=\"500\" height=\"375\" \/><\/a><br \/>\n<em>Inspirerad. Anja Praesto vill anv\u00e4nda teknik f\u00f6r att ge liv \u00e5t kulturarvet. Erik Rosales f\u00f6redrag gav m\u00e5nga id\u00e9er.<\/em><\/p>\n<p>&nbsp;<\/p>\n<p><strong>\u2013 Jag skulle vilja g\u00f6ra en lasershow med musik i \u00c5 kyrka p\u00e5 Vikbolandet, <\/strong>sade Anja Praesto efter det underh\u00e5llande f\u00f6redraget.<\/p>\n<p>Anja Praesto arbetar med Kulturarv p\u00e5 \u00d6sterg\u00f6tlands museum och funderar som b\u00e4st p\u00e5 hur tekniken kan utnyttjas inom hennes yrkesomr\u00e5de.<\/p>\n<p>\u2013 De hembygdsf\u00f6reningar vi jobbar med \u00e4r l\u00e5ngt ifr\u00e5n detta. De digitaliserar foton, det \u00e4r ett grundl\u00e4ggande och stort jobb.<\/p>\n<p><strong>\u2013 Vi ska \u00f6ppna Digit ihop med Stadsbiblioteket, utveckla digitalt musikskapande,<\/strong> sade Ulla-Britt Eriksson, enhetschef p\u00e5 Kulturskolan i Norrk\u00f6ping, entusiastiskt.<\/p>\n<p>\u2013 Vi beh\u00f6ver ocks\u00e5 en egen studio f\u00f6r Kulturskolans elever.<\/p>\n<p><strong>Konstmuseets Martin Sundberg vill inte g\u00e5 f\u00f6r fort fram.<\/strong><\/p>\n<p>\u2013 Det \u00e4r intressant. Men som Erik Rosales sa \u201dom man inte vet vad och varf\u00f6r s\u00e5 ska man inte hoppa p\u00e5 digitaliseringst\u00e5get f\u00f6r snabbt\u201d.<\/p>\n<p><em>\u00a9 Text och foto: Ann-Charlotte Sandelin<\/em><\/p>\n<p>BILDSPEL \u2013 KLICKA P\u00c5 BILDENS PILAR<\/p>\n<p><a data-flickr-embed='true' href='https:\/\/www.flickr.com\/photos\/kultursidan\/albums\/72157673406978008' title='R\u00f6dikk, Norrk\u00f6ping Science Center 2018 by Kultursidan, on Flickr'><img src='https:\/\/live.staticflickr.com\/1850\/42864651850_00d03f1e01_z.jpg' width='800' height='600' alt='Martin Sundberg, intendent vid Konstmuseet'><\/a><script async src='https:\/\/embedr.flickr.com\/assets\/client-code.js' charset='utf-8'><\/script><\/p>\n<blockquote>\n<h4>COFFICE, STRYKBR\u00c4DAN Norrk\u00f6ping<\/h4>\n<p>5 september 2018<br \/>\n<strong>R\u00f6dikk \u2013 uppstart<\/strong><br \/>\nInspirat\u00f6r: Erik Rosales<br \/>\nSamarr: Norrk\u00f6pings Science Center, Region \u00d6sterg\u00f6tland<\/p><\/blockquote>\n<p>L\u00c4NKAR<br \/>\nErik Rosales <a href=\"http:\/\/www.sirqusalfon.com\/\" target=\"_blank\" rel=\"noopener\">Sirqus Alfon<\/a> <a href=\"https:\/\/www.youtube.com\/watch?v=TCN20v-i6NM\" target=\"_blank\" rel=\"noopener\">Charlie Caper<\/a><br \/>\nR\u00f6dikk <a href=\"https:\/\/www.nosp.se\/rodikk\/\" target=\"_blank\" rel=\"noopener\">hemsida<\/a><br \/>\nNorrk\u00f6ping Science Park <a href=\"https:\/\/www.nosp.se\/\" target=\"_blank\" rel=\"noopener\">hemsida<\/a> <a href=\"https:\/\/www.facebook.com\/norrkopingsciencepark\" target=\"_blank\" rel=\"noopener\">Facebook<\/a><br \/>\nRegion \u00d6sterg\u00f6tland <a href=\"https:\/\/www.regionostergotland.se\/\" target=\"_blank\" rel=\"noopener\">hemsida<\/a><br \/>\nNorrk\u00f6ping City Symphony happening <a href=\"https:\/\/www.kultursidan.nu\/?p=38044\" target=\"_blank\" rel=\"noopener\">reportage<\/a> Kultursidan.nu 7\/9 2018<br \/>\nVi blir alla N\u00e5gon med Sirqus Alfon <a href=\"https:\/\/www.kultursidan.nu\/?p=37706\" target=\"_blank\" rel=\"noopener\">recension<\/a> Kultursidan.nu 14\/8 2018<\/p>\n","protected":false},"excerpt":{"rendered":"<p>NORRK\u00d6PING Anja Praesto vill g\u00f6ra lasershow med musik vid \u00c5 \u00f6dekyrka. Sirqus Alfons egen Erik Rosales showade f\u00f6r klustret R\u00f6dikk f\u00f6rra veckan. Kulturarbetare och IT-f\u00f6retag tr\u00e4ffades f\u00f6r att unders\u00f6ka om de kan berika varandra. <a class=\"continue-reading-link\" href=\"https:\/\/www.kultursidan.nu\/?p=38124\">L\u00e4s mer <span class=\"meta-nav\">&rarr; <\/span><\/a><\/p>\n","protected":false},"author":1001006,"featured_media":0,"comment_status":"closed","ping_status":"open","sticky":false,"template":"","format":"standard","meta":{"_jetpack_memberships_contains_paid_content":false,"footnotes":""},"categories":[7],"tags":[53],"class_list":["post-38124","post","type-post","status-publish","format-standard","hentry","category-norrkoping","tag-foredrag"],"jetpack_featured_media_url":"","jetpack_sharing_enabled":true,"_links":{"self":[{"href":"https:\/\/www.kultursidan.nu\/index.php?rest_route=\/wp\/v2\/posts\/38124","targetHints":{"allow":["GET"]}}],"collection":[{"href":"https:\/\/www.kultursidan.nu\/index.php?rest_route=\/wp\/v2\/posts"}],"about":[{"href":"https:\/\/www.kultursidan.nu\/index.php?rest_route=\/wp\/v2\/types\/post"}],"author":[{"embeddable":true,"href":"https:\/\/www.kultursidan.nu\/index.php?rest_route=\/wp\/v2\/users\/1001006"}],"replies":[{"embeddable":true,"href":"https:\/\/www.kultursidan.nu\/index.php?rest_route=%2Fwp%2Fv2%2Fcomments&post=38124"}],"version-history":[{"count":5,"href":"https:\/\/www.kultursidan.nu\/index.php?rest_route=\/wp\/v2\/posts\/38124\/revisions"}],"predecessor-version":[{"id":38407,"href":"https:\/\/www.kultursidan.nu\/index.php?rest_route=\/wp\/v2\/posts\/38124\/revisions\/38407"}],"wp:attachment":[{"href":"https:\/\/www.kultursidan.nu\/index.php?rest_route=%2Fwp%2Fv2%2Fmedia&parent=38124"}],"wp:term":[{"taxonomy":"category","embeddable":true,"href":"https:\/\/www.kultursidan.nu\/index.php?rest_route=%2Fwp%2Fv2%2Fcategories&post=38124"},{"taxonomy":"post_tag","embeddable":true,"href":"https:\/\/www.kultursidan.nu\/index.php?rest_route=%2Fwp%2Fv2%2Ftags&post=38124"}],"curies":[{"name":"wp","href":"https:\/\/api.w.org\/{rel}","templated":true}]}}