{"id":38160,"date":"2018-09-18T18:26:25","date_gmt":"2018-09-18T17:26:25","guid":{"rendered":"https:\/\/intelligent-friend-7861.standoutwp.com\/?p=38160"},"modified":"2018-09-18T18:33:00","modified_gmt":"2018-09-18T17:33:00","slug":"eva-mattssons-vag-till-furstinnan","status":"publish","type":"post","link":"https:\/\/www.kultursidan.nu\/?p=38160","title":{"rendered":"Eva Mattssons v\u00e4g till Furstinnan"},"content":{"rendered":"<p><img loading=\"lazy\" decoding=\"async\" class=\"alignnone size-medium wp-image-38161\" src=\"https:\/\/www.kultursidan.nu\/wp-content\/uploads\/2018\/09\/Karolina-Eva-2-567x393.jpg\" alt=\"\" width=\"567\" height=\"393\" srcset=\"https:\/\/www.kultursidan.nu\/wp-content\/uploads\/2018\/09\/Karolina-Eva-2-567x393.jpg 567w, https:\/\/www.kultursidan.nu\/wp-content\/uploads\/2018\/09\/Karolina-Eva-2-768x532.jpg 768w, https:\/\/www.kultursidan.nu\/wp-content\/uploads\/2018\/09\/Karolina-Eva-2-1024x709.jpg 1024w, https:\/\/www.kultursidan.nu\/wp-content\/uploads\/2018\/09\/Karolina-Eva-2-150x104.jpg 150w, https:\/\/www.kultursidan.nu\/wp-content\/uploads\/2018\/09\/Karolina-Eva-2-481x333.jpg 481w, https:\/\/www.kultursidan.nu\/wp-content\/uploads\/2018\/09\/Karolina-Eva-2.jpg 1200w\" sizes=\"auto, (max-width: 567px) 100vw, 567px\" \/><br \/>\n<em>I slottsiblioteket. Karolina Nilsson och Eva Mattsson samtalade om Katarina Jagellonica p\u00e5 L\u00f6fstad slott i s\u00f6ndags.<br \/>\n<\/em><\/p>\n<p>&nbsp;<\/p>\n<h1><span style=\"color: #ff0000;\">Dramatisering inom k\u00e4llornas ram<\/span><\/h1>\n<p>&nbsp;<\/p>\n<p><strong>NORRK\u00d6PING Svart sammet f\u00f6r jungfrudom.<\/strong> F\u00f6rfattaren Eva Mattsson ber\u00e4ttade om sitt s\u00f6kande efter Katarina Jagellonicas sp\u00e5r i statliga arkiv under en f\u00f6rel\u00e4sning p\u00e5 L\u00f6fstad slott. Att Johan III:s drottning hade kontakter i Europas h\u00f6gsta kretsar st\u00e5r klart.<\/p>\n<p><strong>Jag fascinerades av Katarina Jagellonica redan p\u00e5 mellanstadiet.<\/strong> Min fr\u00f6ken var en m\u00e4stare p\u00e5 att levandeg\u00f6ra personer. Det var n\u00e5got speciellt med ber\u00e4ttelsen att en svensk prins for till Vilnius f\u00f6r att h\u00e4mta hem denna polsk-litauiska prinsessa.<\/p>\n<p>Jag k\u00e4nde det som att Johan III:s drottning var ensam trots familj och hovfolk. F\u00f6r mig hade Katarina en ensam aura, inte miserabel utan en kvinna som f\u00f6rlikat sig med ensamheten.<\/p>\n<p><strong>Charles Emils och Sofie Pipers vackra 1800-talsbibliotek p\u00e5 L\u00f6fstad slott \u00e4r den perfekta milj\u00f6n f\u00f6r att prata om en drottningbiografi.<\/strong> Det f\u00f6rsta jag ser n\u00e4r jag kliver in \u00e4r en oerh\u00f6rt vacker, svart sammetskl\u00e4nning. Det \u00e4r kulturproducenten Eva Mattsson som l\u00e5tit sy upp den f\u00f6r den teatermonolog hon gjorde som drottning Katarina Jagellonica f\u00f6r n\u00e5gra \u00e5r sedan. Hennes detektivarbete kring drottningen startade 2009.<\/p>\n<p>&nbsp;<\/p>\n<p><a title=\"Furstinnan\" href=\"https:\/\/www.flickr.com\/photos\/kultursidan\/44045824064\/in\/album-72157699895300581\/\"><img loading=\"lazy\" decoding=\"async\" src=\"https:\/\/farm2.staticflickr.com\/1885\/44045824064_f3e743c4c9.jpg\" alt=\"Furstinnan\" width=\"339\" height=\"500\" \/><\/a><br \/>\n<em>Symbolik. Det \u00e4r Eva Mattsons egen tumme som syns p\u00e5 omslagsbilden. <\/em><\/p>\n<p>&nbsp;<\/p>\n<p><strong>I april i \u00e5r sl\u00e4ppte Eva Mattson sin bok <em>Furstinnan<\/em> p\u00e5 eget f\u00f6rlag.<\/strong> Den kom till efter en tv\u00e5 \u00e5r l\u00e5ng skrivarprocess. Vissa delar \u00e4r fiktiva d\u00e4r Eva sj\u00e4lv tolkat vad Katarina s\u00e4ger och t\u00e4nker men inom ramarna f\u00f6r det vad de historiska k\u00e4llorna ber\u00e4ttar.<\/p>\n<p>Att hon valt att ge ut den sj\u00e4lv trots kontakt med tv\u00e5 f\u00f6rlag var helt enkelt f\u00f6r att hon inte tyckte att hon fick geh\u00f6r f\u00f6r vad hon ville n\u00e5 ut med i sin ber\u00e4ttelse om Katarina. Det \u00e4r ett risktagande.<\/p>\n<p>\u2013 Att trycka en upplaga p\u00e5 1.500 exemplar \u00e4r vad en bra familjebil kostar idag, j\u00e4mf\u00f6r Eva Mattson.<\/p>\n<p><strong>Nu bokar hon in f\u00f6rfattarm\u00f6ten f\u00f6r att v\u00e4cka intresse f\u00f6r sin bok.<\/strong> H\u00e4r p\u00e5 L\u00f6fstad slott har hon en samtalspartner i konstvetaren Karolina Nilsson som arbetar som slottsguide.<\/p>\n<p>\u2013 Fr\u00e5n b\u00f6rjan hade jag inte en bok i huvudet men Katarina fanns inom mig sedan den monologen. Kl\u00e4nningen f\u00f6rs\u00f6kte jag g\u00f6ra s\u00e5 likt originalet som jag bara kan. Nederdelen visste jag inte hur den s\u00e5g ut men jag visste att den var tv\u00e5delad och med avtagbara \u00e4rmar, ber\u00e4ttar Eva Mattsson.<\/p>\n<p>Varf\u00f6r var konstruktionen s\u00e5dan? Jo helt krasst f\u00f6r att vissa delar blir smutsigare \u00e4n andra och p\u00e5 s\u00e5 s\u00e4tt var det l\u00e4ttare att h\u00e5lla kl\u00e4nningen ren.<\/p>\n<p>&nbsp;<\/p>\n<p><a title=\"Uppsydd efter Katarinas kl\u00e4nning\" href=\"https:\/\/www.flickr.com\/photos\/kultursidan\/30894214208\/in\/album-72157699895300581\/\"><img loading=\"lazy\" decoding=\"async\" src=\"https:\/\/farm2.staticflickr.com\/1897\/30894214208_2219cc696f.jpg\" alt=\"Uppsydd efter Katarinas kl\u00e4nning\" width=\"313\" height=\"500\" \/><\/a><br \/>\n<em>Snarlik. Kl\u00e4nningen som Eva Mattsson l\u00e4t sy upp till sitt masterexamensprojekt, n\u00e4r hon ocks\u00e5 skrev en teatermonolog om Katarina Jagellonica.<\/em><\/p>\n<p>&nbsp;<\/p>\n<p><strong>Kl\u00e4nningen \u00e4r gjord efter ett miniatyrport\u00e4tt av Katarina, ett s\u00e5 kallat friarportr\u00e4tt som s\u00e4ndes ut till tillt\u00e4nkta friare f\u00f6r ett bra allians\u00e4ktenskap.<\/strong> Den svarta sammeten symboliserade att hon var jungfrulig och hade en ren sj\u00e4l. Utsmyckningen visade att hon hade pengar och arv. En d\u00e5tidens kontaktannons helt enkelt.<\/p>\n<p>\u2013 Jag har letat efter sp\u00e5r av Katarina i b\u00e5de svenska och utl\u00e4ndska statsarkiv. Jag har lusl\u00e4st hennes brevv\u00e4xlingar till familjen men ocks\u00e5 till andra h\u00f6gt uppsatta personer inom olika kungahus och furstend\u00f6men. Det slog mig fort att denna kvinna hade ett enormt kontaktn\u00e4t!<\/p>\n<p><strong>Att f\u00f6lja en familj som det polska kungahuset Jagellonica, med sl\u00e4ktf\u00f6rbindelser till b\u00e5de habsburgarna och sydeuropeiska furstend\u00f6men,<\/strong> gjorde vissa delar av arbetet v\u00e4ldigt l\u00e4tt. Andra delar har tagit betydligt l\u00e4ngre tid att f\u00e5 fatt i.<\/p>\n<p>Eva Mattsson har bes\u00f6kt de platser d\u00e4r Katarina funnits, b\u00e5de i Sverige och i Polen. Hon har sett rum och m\u00f6bler, allt f\u00f6r att komma Katarina n\u00e4ra. Katarina var inte bara en drottning som var en bricka i maktens spel. Hon var en dotter, en syster, en fru och en mor.<\/p>\n<p><strong>1562, tv\u00e5 \u00e5r efter kung Gustav Vasas d\u00f6d, gifter sig hertig Johan och prinsessan Katarina, dotter till kung Sigismund av Polen, i katedralen i Vilnius.<\/strong> Bara det att det \u00e4r mannen som reser till br\u00f6llopet ist\u00e4llet f\u00f6r tv\u00e4rtom \u00e4r en stor sak. Efter tv\u00e5 dagars h\u00e5rda \u00e4ktenskapsf\u00f6rhandlingar sker s\u00e5 det storslagna br\u00f6llopet.<\/p>\n<p>Katarina \u00e4r nu gift med hertig Johan av Finland, sv\u00e4gerska till kung Erik XIV. Detta gifterm\u00e5l g\u00f6r att hon hamnar i hetluften direkt, br\u00f6drafejden om arvet efter Gustav Vasa. De tre \u00e4ldsta br\u00f6derna f\u00e5r sina \u00e5r p\u00e5 kungatronen men tiden pr\u00e4glas av blod och ond br\u00e5d d\u00f6d. Katarina f\u00f6der sina barn i f\u00e5ngenskap.<\/p>\n<p>&nbsp;<\/p>\n<p><a title=\"Eva Mattsson\" href=\"https:\/\/www.flickr.com\/photos\/kultursidan\/30893792738\/in\/album-72157699895300581\/\"><img loading=\"lazy\" decoding=\"async\" src=\"https:\/\/farm2.staticflickr.com\/1880\/30893792738_55eb136a0b.jpg\" alt=\"Eva Mattsson\" width=\"500\" height=\"391\" \/><\/a><br \/>\n<em>Signering. Bokens titel \u00e4r en blinkning till Niccol\u00f2 Machiavellis Fursten.<\/em><\/p>\n<p>&nbsp;<\/p>\n<p><strong>\u2013 Katarina fostrades till att bli en Furstinna.<\/strong> Hennes mormor var Isabella av Aragonien. Katarinas mor var Bona Sforza och hennes far Sigismund den f\u00f6rste av Polen-Litauen, s\u00e4ger Eva Mattsson. Katarina l\u00e4rde sig att en furste\/furstinna i f\u00f6rsta hand \u00e4r en statsman, det egna jaget fick komma i andra hand. En \u00e4kta furste\/furstinna styr sitt land med fast hand. Handboken \u00e4r naturligtvis <em>Fursten<\/em> av Niccol\u00f2 Machiavelli.<\/p>\n<p><strong>Katarina var v\u00e4l inf\u00f6rst\u00e5dd med att hon skulle att flytta till ett kulturellt u-land d\u00e4r mycket finns att g\u00f6ra g\u00e4llande kontakter, arkitektur, konst med mera.<\/strong> Det var hennes kontakter som lade grunden f\u00f6r det Sverige som senare blev en stormakt. Och det \u00e4r hon som inf\u00f6r gaffeln till Sverige.<\/p>\n<p>Allt detta och mycket mer ber\u00e4ttar Eva Mattsson, <em>Furstinnans<\/em> f\u00f6rfattare.<\/p>\n<p><em>\u00a9 Text och foto: Christina Wernersson<\/em><\/p>\n<blockquote>\n<h4>BIOGRAFI<\/h4>\n<p><strong>Furstinnan<\/strong><br \/>\nav Eva Mattsson<br \/>\nOmslag: Mattias Frisk<br \/>\nBring to Life 2018<\/p><\/blockquote>\n<p>L\u00c4NKAR<br \/>\nEva Mattsson\/Bring to Life <a href=\"http:\/\/bringtolife.se\/\" target=\"_blank\" rel=\"noopener\">hemsida<\/a>\u00a0 <a href=\"https:\/\/www.facebook.com\/bringtolife.se\/\" target=\"_blank\" rel=\"noopener\">Facebook<\/a><br \/>\nL\u00f6fstad slott <a href=\"http:\/\/ostergotlandsmuseum.se\/lofstad\" target=\"_blank\" rel=\"noopener noreferrer\">hemsida<\/a> <a href=\"https:\/\/www.facebook.com\/lofstadslott\/?fref=ts\" target=\"_blank\" rel=\"noopener noreferrer\">Facebook<\/a><br \/>\nDrottning Katarina drog fullt hus i Stinsen <a href=\"https:\/\/www.kultursidan.nu\/?p=29978\" target=\"_blank\" rel=\"noopener\">reportage<\/a> Kultursidan.nu 23\/3 2017<br \/>\nHerman Lindqvist om den vilda Vasa\u00e4tten <a href=\"https:\/\/www.kultursidan.nu\/?p=26984\" target=\"_blank\" rel=\"noopener\">reportage<\/a> Kultursidan.nu 17\/9 2016<\/p>\n","protected":false},"excerpt":{"rendered":"<p>NORRK\u00d6PING Svart sammet f\u00f6r jungfrudom. F\u00f6rfattaren Eva Mattsson ber\u00e4ttade om sitt s\u00f6kande efter Katarina Jagellonicas sp\u00e5r i statliga arkiv under en f\u00f6rel\u00e4sning p\u00e5 L\u00f6fstad slott. Att Johan III:s drottning hade kontakter i Europas h\u00f6gsta kretsar st\u00e5r klart. <a class=\"continue-reading-link\" href=\"https:\/\/www.kultursidan.nu\/?p=38160\">L\u00e4s mer <span class=\"meta-nav\">&rarr; <\/span><\/a><\/p>\n","protected":false},"author":1001006,"featured_media":0,"comment_status":"closed","ping_status":"open","sticky":false,"template":"","format":"standard","meta":{"_jetpack_memberships_contains_paid_content":false,"footnotes":""},"categories":[64,7,1],"tags":[53,16],"class_list":["post-38160","post","type-post","status-publish","format-standard","hentry","category-litteratur-2","category-norrkoping","category-okategoriserade","tag-foredrag","tag-litteratur"],"jetpack_featured_media_url":"","jetpack_sharing_enabled":true,"_links":{"self":[{"href":"https:\/\/www.kultursidan.nu\/index.php?rest_route=\/wp\/v2\/posts\/38160","targetHints":{"allow":["GET"]}}],"collection":[{"href":"https:\/\/www.kultursidan.nu\/index.php?rest_route=\/wp\/v2\/posts"}],"about":[{"href":"https:\/\/www.kultursidan.nu\/index.php?rest_route=\/wp\/v2\/types\/post"}],"author":[{"embeddable":true,"href":"https:\/\/www.kultursidan.nu\/index.php?rest_route=\/wp\/v2\/users\/1001006"}],"replies":[{"embeddable":true,"href":"https:\/\/www.kultursidan.nu\/index.php?rest_route=%2Fwp%2Fv2%2Fcomments&post=38160"}],"version-history":[{"count":5,"href":"https:\/\/www.kultursidan.nu\/index.php?rest_route=\/wp\/v2\/posts\/38160\/revisions"}],"predecessor-version":[{"id":38166,"href":"https:\/\/www.kultursidan.nu\/index.php?rest_route=\/wp\/v2\/posts\/38160\/revisions\/38166"}],"wp:attachment":[{"href":"https:\/\/www.kultursidan.nu\/index.php?rest_route=%2Fwp%2Fv2%2Fmedia&parent=38160"}],"wp:term":[{"taxonomy":"category","embeddable":true,"href":"https:\/\/www.kultursidan.nu\/index.php?rest_route=%2Fwp%2Fv2%2Fcategories&post=38160"},{"taxonomy":"post_tag","embeddable":true,"href":"https:\/\/www.kultursidan.nu\/index.php?rest_route=%2Fwp%2Fv2%2Ftags&post=38160"}],"curies":[{"name":"wp","href":"https:\/\/api.w.org\/{rel}","templated":true}]}}