{"id":38172,"date":"2018-09-19T10:52:59","date_gmt":"2018-09-19T09:52:59","guid":{"rendered":"https:\/\/intelligent-friend-7861.standoutwp.com\/?p=38172"},"modified":"2018-09-20T07:08:18","modified_gmt":"2018-09-20T06:08:18","slug":"o-kronta-drottningar-i-karins-host","status":"publish","type":"post","link":"https:\/\/www.kultursidan.nu\/?p=38172","title":{"rendered":"O\/kr\u00f6nta drottningar i KariN:s h\u00f6st"},"content":{"rendered":"<p><img loading=\"lazy\" decoding=\"async\" class=\"alignnone size-medium wp-image-38173\" src=\"https:\/\/www.kultursidan.nu\/wp-content\/uploads\/2018\/09\/Frida-567x319.jpg\" alt=\"\" width=\"567\" height=\"319\" srcset=\"https:\/\/www.kultursidan.nu\/wp-content\/uploads\/2018\/09\/Frida-567x319.jpg 567w, https:\/\/www.kultursidan.nu\/wp-content\/uploads\/2018\/09\/Frida-150x84.jpg 150w, https:\/\/www.kultursidan.nu\/wp-content\/uploads\/2018\/09\/Frida.jpg 700w\" sizes=\"auto, (max-width: 567px) 100vw, 567px\" \/><br \/>\n<em>Drottningen som inte ville. I En FRID(A) f\u00f6r sj\u00e4len ber\u00e4ttar Anna Bromee om Anni-Frid Lyngstad.<\/em><\/p>\n<p>&nbsp;<\/p>\n<h1><span style=\"color: #ff0000;\">Skr\u00f6na, s\u00e5nger, film och dans<\/span><\/h1>\n<p>&nbsp;<\/p>\n<p>NORRK\u00d6PING <strong>Kr\u00f6nta och okr\u00f6nta.<\/strong> Riksteaterf\u00f6reningen KariN bjuder i h\u00f6st p\u00e5 drottningar, de som st\u00e5tt p\u00e5 scener hemma och ute i v\u00e4rlden, de som suttit p\u00e5 Sveriges tron. Men f\u00f6rst en underd\u00e5nig skr\u00f6na om <em>Vatten<\/em> med Stig \u00d6stman.<\/p>\n<p><strong>Norrk\u00f6pingssk\u00e5despelaren Stig \u00d6stman har turnerat land och rike runt med Torgny Lindgrens skr\u00f6na om <em>Vatten<\/em>.<\/strong> Egentligen har han satt den p\u00e5 paus, men nu blir det &#8221;p\u00e5 beg\u00e4ran&#8221; i \u00d6stra Stenby-Konungsunds bygdeg\u00e5rd p\u00e5 Vikbolandet p\u00e5 fredag. Det ser han fram emot, s\u00e4ger att den sitter i korppen, &#8221;den \u00e4r alltid med mig&#8221;.<\/p>\n<p>\u2013 Den \u00e4r stark i ber\u00e4ttelsen. Jag har varit mycket p\u00e5 landsbygden med den, i bygdeg\u00e5rdarna i ganska s\u00e5 sm\u00e5 byar i Norrland. D\u00e4r\u00a0 \u00e4r ett starkt igenk\u00e4nnande, som om man ber\u00e4ttar om dem sj\u00e4lva, om deras liv. Och ungdomarna k\u00e4nner igen sina morf\u00f6r\u00e4ldrar, s\u00e4ger Stig \u00d6stman p\u00e5 den mjuka \u00e5ngermanl\u00e4ndskan som han aldrig f\u00f6rlorat.<\/p>\n<p>Med den underd\u00e5niga <em>Vatten, <\/em>en skrivelse fr\u00e5n landsbygdens folk till stadens \u00f6verhet, skrev den nu bortg\u00e5ngne Torgny Lindgren om de str\u00e4vsamma. Om tjurskalliga karlar och en k\u00e4rleksfull kvinna. &#8221;Livet och vattnet \u00e4r ett och detsamma&#8221;, citerar Stig \u00d6stman.<\/p>\n<p>\u2013 Fast en g\u00e5ng kom det fram en man och sade att &#8221;i Sverige har ni ju vatten. I Chile, d\u00e4r \u00e4r det problem med vatten!&#8221;.<\/p>\n<p>&nbsp;<\/p>\n<p><a title=\"Siri Derkert Triology\" href=\"https:\/\/www.flickr.com\/photos\/kultursidan\/44728526592\/in\/album-72157671424008067\/\"><img loading=\"lazy\" decoding=\"async\" src=\"https:\/\/farm2.staticflickr.com\/1849\/44728526592_88c0d8b3e3.jpg\" alt=\"Siri Derkert Triology\" width=\"500\" height=\"203\" \/><\/a><br \/>\n<em>Ur Siri Derkert Triology. Dansaren och koreografen Teresia Bj\u00f6rk har gjort b\u00e5de film och en dansf\u00f6rest\u00e4llning, Etsningar, om den svenska konstn\u00e4ren.<\/em><\/p>\n<p>&nbsp;<\/p>\n<p><strong>S\u00e5v\u00e4l tiljans som tronens drottningar g\u00e5r sedan som en tr\u00e5d genom h\u00f6stens program. <\/strong>Kan dr\u00f6mmarnas rike r\u00e4knas dit? \u00c5tminstone Monica Zetterlund som sj\u00f6ng Hasse &amp; Tages <em>Var blev ni av ljuva dr\u00f6mmar<\/em> i Svea hund n\u00e4r det begav sig. Med cabar\u00e9n, som g\u00f6r l\u00e5tens titel till sin egen, gr\u00e4ver Maria Hjalmarson och Lars \u00d6rback ur den svenska visskatten i \u00c5by 26 september.<\/p>\n<p><strong>Anni-Frid Lyngstad, en Dancing Queen som inte var helt n\u00f6jd med upph\u00f6jelsen. <\/strong>S\u00e5ngerskan hade en karri\u00e4r redan innan hon blev ABBA-Frida. V\u00e4l v\u00e4rd en egen f\u00f6rest\u00e4llning med Anna Bromee i Sk\u00e4rblacka.<\/p>\n<p><strong><em>Operadrottningarna<\/em> \u2013 Jenny Lind och Kristina Nilsson \u00e4r v\u00e4lk\u00e4nda, samtida Signe Hebbes namn har inte bevarats i v\u00e5rt minne p\u00e5 samma s\u00e4tt.<\/strong> S\u00e5ngarna Hanna Fritzson, Caroline Gentele, Gabriella Lambert-Olsson och Eric Skarby sjunger och ber\u00e4ttar i H\u00f6rsalen.<\/p>\n<p><strong>Konst som dans. Och som film.<\/strong> Dansaren och koreografen Teresia Bj\u00f6rk g\u00f6r b\u00e5de och p\u00e5 Konstmuseet och p\u00e5 Teater Br\u00e5ddgatan 34 i sitt projekt om den uppm\u00e4rksammade konstn\u00e4ren Siri Derkert, 1888\u20131973, den f\u00f6rsta kvinnliga konstn\u00e4ren med separatutst\u00e4llning p\u00e5 Moderna museet. Siri Derkert kanske mest k\u00e4nda och sedda verk kan vara <em>Ristningar i betong<\/em>, d\u00e4r hon f\u00f6revigat Fogelstadkretsens kvinnor, p\u00e5 \u00d6stermalmstorgs tunnelbanestation i Stockholm.<\/p>\n<p>&nbsp;<\/p>\n<p><a title=\"Drottningsylt\" href=\"https:\/\/www.flickr.com\/photos\/kultursidan\/44058930004\/in\/album-72157671424008067\/\"><img loading=\"lazy\" decoding=\"async\" src=\"https:\/\/farm2.staticflickr.com\/1863\/44058930004_32db78aaa2.jpg\" alt=\"Drottningsylt\" width=\"500\" height=\"281\" \/><\/a><br \/>\n<em>Drottningsylt. Josefin Johansson, komiker och artist, och Robert Noack, musikalartist och sk\u00e5despelare, kokar ihop historien om Sveriges kvinnliga monarker.<\/em><\/p>\n<p>&nbsp;<\/p>\n<p><strong>N\u00e4r s\u00e5 allt detta kokats ihop blir slutresultatet \u2013 <em>Drottningsylt<\/em>.<\/strong> Alla Sveriges kvinnliga monarker p\u00e5 ett br\u00e4de med Josefin Johansson och Robert Noack. Historia hopr\u00f6rd med s\u00e5ng, musik och komik.<\/p>\n<p><em>\u00a9 Text: Ann-Charlotte Sandelin<br \/>\n\u00a9 Foto: Respektive f\u00f6rest\u00e4llningar\/Riksteaterf\u00f6reningen KariN<\/em><\/p>\n<blockquote>\n<h4>RIKSTEATERF\u00d6RENINGEN KARIN Norrk\u00f6ping<\/h4>\n<p>H\u00f6sten 2018<\/p>\n<p style=\"padding-left: 30px;\">21 september kl 19 \u2013 \u00d6stra Stenby\/Konungsund bygdeg\u00e5rd<br \/>\n<strong>Vatten<\/strong><br \/>\nStig \u00d6stman<\/p>\n<p style=\"padding-left: 30px;\">26 september kl 19 \u2013 \u00c5by Folkets Hus<br \/>\n<strong>Var blev ni av ljuva dr\u00f6mmar<\/strong><br \/>\nMaria Hjalmarson och Lars \u00d6rback<\/p>\n<p style=\"padding-left: 30px;\">3 oktober kl 19 \u2013 H\u00f6rsalen<br \/>\n<strong>N\u00e4ktergalarna<\/strong><br \/>\nHanna Fritzson, Caroline Gentele, Gabriella Lambert-Olsson och Eric Skarby<\/p>\n<p style=\"padding-left: 30px;\">20 oktober kl 18 \u2013 Sk\u00e4rblacka Folkets Hus<br \/>\n<strong>En FRID(a) f\u00f6r sj\u00e4len<\/strong><br \/>\nAnna Bromee<\/p>\n<p style=\"padding-left: 30px;\">24 oktober kl 18.30 \u2013 Harlekinen, Norrk\u00f6pings Konstmuseum<br \/>\n<strong>Siri Derkert Triology<\/strong><br \/>\nFilm av Teresia Bj\u00f6rk<\/p>\n<p style=\"padding-left: 30px;\">25 oktober kl 18 \u2013 Teater Br\u00e5ddgatan 34<br \/>\n<strong>Etsningar \u2013 Dansf\u00f6rest\u00e4llning<\/strong><br \/>\nTeresia Bj\u00f6rk<\/p>\n<p style=\"padding-left: 30px;\">22 november kl 19 \u2013 Teater Br\u00e5ddgatan 34<br \/>\n<strong>Drottningsylt<\/strong><br \/>\nJosefin Johansson och Robert Noack<\/p>\n<\/blockquote>\n<p>L\u00c4NKAR<br \/>\nRiksteaterf\u00f6reningen KariN <a href=\"http:\/\/karin.riksteatern.se\" target=\"_blank\" rel=\"noopener\">hemsida<\/a> <a href=\"https:\/\/www.facebook.com\/karin.riksteatern\" target=\"_blank\" rel=\"noopener\">Facebook <\/a><\/p>\n","protected":false},"excerpt":{"rendered":"<p>NORRK\u00d6PING Kr\u00f6nta och okr\u00f6nta. Riksteaterf\u00f6reningen KariN bjuder i h\u00f6st p\u00e5 drottningar, de som st\u00e5tt p\u00e5 scener hemma och ute i v\u00e4rlden, de som suttit p\u00e5 Sveriges tron. Men f\u00f6rst en underd\u00e5nig skr\u00f6na om Vatten med Stig \u00d6stman. <a class=\"continue-reading-link\" href=\"https:\/\/www.kultursidan.nu\/?p=38172\">L\u00e4s mer <span class=\"meta-nav\">&rarr; <\/span><\/a><\/p>\n","protected":false},"author":1001006,"featured_media":0,"comment_status":"closed","ping_status":"open","sticky":false,"template":"","format":"standard","meta":{"_jetpack_memberships_contains_paid_content":false,"footnotes":""},"categories":[7],"tags":[],"class_list":["post-38172","post","type-post","status-publish","format-standard","hentry","category-norrkoping"],"jetpack_featured_media_url":"","jetpack_sharing_enabled":true,"_links":{"self":[{"href":"https:\/\/www.kultursidan.nu\/index.php?rest_route=\/wp\/v2\/posts\/38172","targetHints":{"allow":["GET"]}}],"collection":[{"href":"https:\/\/www.kultursidan.nu\/index.php?rest_route=\/wp\/v2\/posts"}],"about":[{"href":"https:\/\/www.kultursidan.nu\/index.php?rest_route=\/wp\/v2\/types\/post"}],"author":[{"embeddable":true,"href":"https:\/\/www.kultursidan.nu\/index.php?rest_route=\/wp\/v2\/users\/1001006"}],"replies":[{"embeddable":true,"href":"https:\/\/www.kultursidan.nu\/index.php?rest_route=%2Fwp%2Fv2%2Fcomments&post=38172"}],"version-history":[{"count":3,"href":"https:\/\/www.kultursidan.nu\/index.php?rest_route=\/wp\/v2\/posts\/38172\/revisions"}],"predecessor-version":[{"id":38187,"href":"https:\/\/www.kultursidan.nu\/index.php?rest_route=\/wp\/v2\/posts\/38172\/revisions\/38187"}],"wp:attachment":[{"href":"https:\/\/www.kultursidan.nu\/index.php?rest_route=%2Fwp%2Fv2%2Fmedia&parent=38172"}],"wp:term":[{"taxonomy":"category","embeddable":true,"href":"https:\/\/www.kultursidan.nu\/index.php?rest_route=%2Fwp%2Fv2%2Fcategories&post=38172"},{"taxonomy":"post_tag","embeddable":true,"href":"https:\/\/www.kultursidan.nu\/index.php?rest_route=%2Fwp%2Fv2%2Ftags&post=38172"}],"curies":[{"name":"wp","href":"https:\/\/api.w.org\/{rel}","templated":true}]}}