{"id":38191,"date":"2018-09-20T15:34:50","date_gmt":"2018-09-20T14:34:50","guid":{"rendered":"https:\/\/intelligent-friend-7861.standoutwp.com\/?p=38191"},"modified":"2018-09-20T15:34:50","modified_gmt":"2018-09-20T14:34:50","slug":"gate-upp-a-gate-ner-med-bel-cantokoren","status":"publish","type":"post","link":"https:\/\/www.kultursidan.nu\/?p=38191","title":{"rendered":"Gate upp \u00e5 gate ner med Bel Cantok\u00f6ren"},"content":{"rendered":"<p><img loading=\"lazy\" decoding=\"async\" class=\"alignnone size-medium wp-image-38192\" src=\"https:\/\/www.kultursidan.nu\/wp-content\/uploads\/2018\/09\/DSCF0325-567x366.jpg\" alt=\"\" width=\"567\" height=\"366\" srcset=\"https:\/\/www.kultursidan.nu\/wp-content\/uploads\/2018\/09\/DSCF0325-567x366.jpg 567w, https:\/\/www.kultursidan.nu\/wp-content\/uploads\/2018\/09\/DSCF0325-768x495.jpg 768w, https:\/\/www.kultursidan.nu\/wp-content\/uploads\/2018\/09\/DSCF0325-1024x660.jpg 1024w, https:\/\/www.kultursidan.nu\/wp-content\/uploads\/2018\/09\/DSCF0325-150x97.jpg 150w, https:\/\/www.kultursidan.nu\/wp-content\/uploads\/2018\/09\/DSCF0325-516x333.jpg 516w, https:\/\/www.kultursidan.nu\/wp-content\/uploads\/2018\/09\/DSCF0325.jpg 1200w\" sizes=\"auto, (max-width: 567px) 100vw, 567px\" \/><br \/>\n<em>P\u00e5 kroken. Nunnorna i Askeby kloster hade r\u00e4ttigheterna till laxfisket i Str\u00f6mmen p\u00e5 medeltiden.<\/em><\/p>\n<p>&nbsp;<\/p>\n<h1><span style=\"color: #ff0000;\">Norrk\u00f6pings historia g\u00f6r revy<\/span><\/h1>\n<p>&nbsp;<\/p>\n<p>NORRK\u00d6PING <strong>Med raska kliv p\u00e5 Norrk\u00f6pings gator genom historien.<\/strong> Det startar med h\u00f6vdingen Kn\u00e4pp som vill bygga en stor borg. S\u00e5ng, musik och dramatik g\u00f6r en hel revy n\u00e4r Bel Cantok\u00f6ren bjuder p\u00e5 en humoristisk stadsvandring i H\u00f6rsalen p\u00e5 l\u00f6rdag.<\/p>\n<p><strong>\u2013 N\u00e5gon i k\u00f6ren fick id\u00e9n fr\u00e5n min gatunamnsbok<\/strong>. Sj\u00e4lv \u00e4r jag helt oskyldig, ber\u00e4ttar Peter Kristensson glatt.<\/p>\n<p>Den historieintresserade journalisten \u00e4r en v\u00e4lk\u00e4nd profil i Norrk\u00f6ping, inte minst sedan Peter Kristensson sl\u00e4ppte sin bok om <em>Norrk\u00f6pings gatunamn<\/em> f\u00f6r n\u00e5gra \u00e5r sedan. Att han \u00e4r k\u00f6rs\u00e5ngare i Bel Cantok\u00f6ren \u00e4r kanske inte lika k\u00e4nt.<\/p>\n<p>\u2013 Det \u00e4r j\u00e4tteroligt \u2013 och lite m\u00e4rkligt. Det m\u00e4rks att gatorna \u00e4r ett anv\u00e4ndbart s\u00e4tt att ber\u00e4tta Norrk\u00f6pings historia p\u00e5.<\/p>\n<p>&nbsp;<\/p>\n<p><a href=\"https:\/\/www.flickr.com\/photos\/kultursidan\/42988123700\/in\/album-72157671459418607\/\" data-flickr-embed=\"true\"><img loading=\"lazy\" decoding=\"async\" src=\"https:\/\/farm2.staticflickr.com\/1895\/42988123700_a4d77397ae.jpg\" alt=\"Gate upp \u00e5 gate ner \u2013 en fabrik\u00f6r och en borgm\u00e4stare\" width=\"432\" height=\"500\" \/><\/a><br \/>\n<em>Historiskt \u00f6gonblick. Fabrik\u00f6r K\u00f6rner l\u00e4mnade in f\u00f6rslaget till magistraten att ordna med gatunamn och kartor \u00f6ver Norrk\u00f6ping inf\u00f6r riksdagen som skulle h\u00e5llas 1769. Fast riktigt s\u00e5 presenteras det inte h\u00e4r.<\/em><\/p>\n<p>&nbsp;<\/p>\n<p><strong>Passande nog h\u00e4nger tavlor med Norrk\u00f6pingsmotiv p\u00e5 v\u00e4ggarna i Hemg\u00e5rdens stora samlingssal d\u00e4r Bel Cantok\u00f6ren repeterar.<\/strong> De senaste veckorna har repetitionerna varit intensiva. Dirigenten Michael Bruze leder inte bara k\u00f6ren. Vid sin sida har han ocks\u00e5 en kompgrupp ledd av pianisten Marcus \u00d6sterlund. Det borgar f\u00f6r en musikalisk historielektion med sv\u00e4ng.<strong><br \/>\n<\/strong><\/p>\n<p>S\u00e5ngerna klingar och texterna sitter riktigt bra n\u00e4r jag f\u00e5r titta in tre dagar f\u00f6re premi\u00e4r. Tv\u00e5 konserter\/f\u00f6rest\u00e4llningar ska det bli, b\u00e5da nu p\u00e5 l\u00f6rdag i H\u00f6rsalen.<\/p>\n<p><strong>Bel Cantok\u00f6ren gjorde som den brukar n\u00e4r det \u00e4r nya projekt p\u00e5 g\u00e5ng.<\/strong> K\u00f6rmedlemmarna fick s\u00e4ga hur de ville medverka. N\u00e5gra kliver fram som solister, sk\u00e5despelare, alla sjunger i den stora k\u00f6ren och n\u00e5gra i mindre ensembler. Gatunamnsrevyn bygger p\u00e5 omv\u00e4xling.<\/p>\n<p>\u2013 Vi har delat upp oss i olika arbetsgrupper f\u00f6r scenografi, teknik, marknadsf\u00f6ring, s\u00e5ngtexter, ber\u00e4ttar Peter Kristensson.<\/p>\n<p>&nbsp;<\/p>\n<p><a title=\"Johan Pettersson och Jakob Sj\u00f6berg\" href=\"https:\/\/www.flickr.com\/photos\/kultursidan\/42988124320\/in\/album-72157671459418607\/\"><img loading=\"lazy\" decoding=\"async\" src=\"https:\/\/farm2.staticflickr.com\/1852\/42988124320_0e55e961e1.jpg\" alt=\"Johan Pettersson och Jakob Sj\u00f6berg\" width=\"500\" height=\"333\" \/><\/a><br \/>\n<em>Teaterkompetens. Johan Pettersson har skrivit manus och regisserar. Jakob Sj\u00f6berg \u00e4r en av projektets extrainkallade sk\u00e5despelare.<\/em><\/p>\n<p>&nbsp;<\/p>\n<p><strong>\u2013 N\u00e4r vi kom ig\u00e5ng nu efter sommaren var det riktigt roligt, s\u00e4ger regiss\u00f6ren Johan Pettersson.<\/strong><\/p>\n<p>Johan Pettersson anlitades f\u00f6r att skriva manus f\u00f6r ett \u00e5r sedan. Det skulle vara historia men ocks\u00e5 underh\u00e5llande. Att skriva humor \u00e4r inte helt enkelt, f\u00f6r den som putsat p\u00e5 orden f\u00f6rsvinner \u00f6verraskningsmomentet.<\/p>\n<p>Sommaruppeh\u00e5llet efter v\u00e5rens repetitioner var det som beh\u00f6vdes f\u00f6r att det skulle k\u00e4nnas fr\u00e4scht \u00e4ven f\u00f6r honom.<\/p>\n<p><strong>\u2013 Det \u00e4r historiskt korrekt, v\u00e4lskrivet men ocks\u00e5 roligt.<\/strong> Johan har tagit sig dramatiska friheter, kommenterar sk\u00e5despelaren Jakob Sj\u00f6berg som kallats in till v\u00e4nnens projekt.<\/p>\n<p>\u2013 Jag ska spela Sveriges f\u00f6rsta socialdemokratiska statsminister i n\u00e5gra sekunder, avsl\u00f6jar han.<\/p>\n<p>&nbsp;<\/p>\n<p><a title=\"Gate upp \u00e5 gate ner\" href=\"https:\/\/www.flickr.com\/photos\/kultursidan\/44079890584\/in\/album-72157671459418607\/\"><img loading=\"lazy\" decoding=\"async\" src=\"https:\/\/farm2.staticflickr.com\/1856\/44079890584_f3420aab4d.jpg\" alt=\"Gate upp \u00e5 gate ner\" width=\"500\" height=\"396\" \/><\/a><br \/>\n<em>Laddat. Legenden ber\u00e4ttar om danske vikingen Kn\u00e4pp som byggde en borg d\u00e4r sju v\u00e4gar m\u00f6ttes.<\/em><\/p>\n<p>&nbsp;<\/p>\n<p><strong>Men tusen \u00e5r tidigare sitter danske vikingen Kn\u00e4pp med sin stenh\u00f6g, just d\u00e4r sju v\u00e4gar m\u00f6ts.<\/strong> Inte vill han flytta p\u00e5 sig n\u00e4r folk vill g\u00e5 f\u00f6rbi. St\u00e4mningen kan bli laddad och sv\u00e4rd dras ur skidan.<\/p>\n<p>&#8221;Bygga upp en stor borg, med en liten h\u00f6g&#8221;, sjunger Kn\u00e4pp, som gestaltas av Patrik Ernfridsson. L\u00e5ten \u00e4r k\u00e4nd, texten har skrivits om en smula. Den f\u00f6ljs av fler allteftersom \u00e5rhundradena passerar i rask takt. N\u00e4r de vision\u00e4ra nunnorna fiskat klart kommer Louis De Geer spatserande&#8230;<\/p>\n<p><em>\u00a9 Text och foto: Ann-Charlotte Sandelin\u2028<\/em><\/p>\n<p>BILDSPEL \u2013 KLICKA P\u00c5 BILDENS PILAR<\/p>\n<p><a data-flickr-embed='true' href='https:\/\/www.flickr.com\/photos\/kultursidan\/albums\/72157671459418607' title='Gate upp \u00e5 gate ner, Bel Cantok\u00f6ren 2018 by Kultursidan, on Flickr'><img src='https:\/\/live.staticflickr.com\/1859\/42988123990_ab03cbfa23_z.jpg' width='800' height='600' alt='Peter Kristensson'><\/a><script async src='https:\/\/embedr.flickr.com\/assets\/client-code.js' charset='utf-8'><\/script><\/p>\n<blockquote>\n<h4>H\u00d6RSALEN Norrk\u00f6ping<\/h4>\n<p>22 september 2018 kl 15 &amp; 19<br \/>\n<strong>Gate upp \u00e5 gate ner<\/strong><br \/>\nEn musikalisk stadsvandring genom Norrk\u00f6pings historia<br \/>\nBel Cantok\u00f6ren<br \/>\nManus o regi: Johan Pettersson<br \/>\nDirigent: Michael Bruze<br \/>\nKapellm\u00e4stare: Marcus \u00d6sterlund<br \/>\nMichael Lindholm, gitarr, Niklas Lindblom, bas, Joakim Sand\u00e9n, trummor<\/p><\/blockquote>\n<p>L\u00c4NKAR<br \/>\nBel Cantok\u00f6ren <a href=\"http:\/\/www.belcanto.nu\" target=\"_blank\" rel=\"noopener\">hemsida<\/a> <a href=\"https:\/\/www.facebook.com\/belcantokoren\/\" target=\"_blank\" rel=\"noopener\">Facebook<\/a> <a href=\"https:\/\/www.facebook.com\/events\/1745201095576645\/\" target=\"_blank\" rel=\"noopener\">FB-evenemang<\/a><br \/>\nNorrk\u00f6pings historia <a href=\"https:\/\/www.norrkopingshistoria.se\" target=\"_blank\" rel=\"noopener\">hemsida<\/a><br \/>\nBoken om Norrk\u00f6pings gatunamn sl\u00e4ppt <a href=\"https:\/\/www.kultursidan.nu\/?p=18065\" target=\"_blank\" rel=\"noopener\">reportage<\/a> Kultursidan.nu 30\/11 2014<\/p>\n","protected":false},"excerpt":{"rendered":"<p>NORRK\u00d6PING Med raska kliv p\u00e5 Norrk\u00f6pings gator genom historien. Det startar med h\u00f6vdingen Kn\u00e4pp som vill bygga en stor borg. S\u00e5ng, musik och dramatik g\u00f6r en hel revy n\u00e4r Bel Cantok\u00f6ren bjuder p\u00e5 en humoristisk stadsvandring i H\u00f6rsalen p\u00e5 l\u00f6rdag. <a class=\"continue-reading-link\" href=\"https:\/\/www.kultursidan.nu\/?p=38191\">L\u00e4s mer <span class=\"meta-nav\">&rarr; <\/span><\/a><\/p>\n","protected":false},"author":1001006,"featured_media":0,"comment_status":"closed","ping_status":"open","sticky":false,"template":"","format":"standard","meta":{"_jetpack_memberships_contains_paid_content":false,"footnotes":""},"categories":[7],"tags":[13,42],"class_list":["post-38191","post","type-post","status-publish","format-standard","hentry","category-norrkoping","tag-musik","tag-show"],"jetpack_featured_media_url":"","jetpack_sharing_enabled":true,"_links":{"self":[{"href":"https:\/\/www.kultursidan.nu\/index.php?rest_route=\/wp\/v2\/posts\/38191","targetHints":{"allow":["GET"]}}],"collection":[{"href":"https:\/\/www.kultursidan.nu\/index.php?rest_route=\/wp\/v2\/posts"}],"about":[{"href":"https:\/\/www.kultursidan.nu\/index.php?rest_route=\/wp\/v2\/types\/post"}],"author":[{"embeddable":true,"href":"https:\/\/www.kultursidan.nu\/index.php?rest_route=\/wp\/v2\/users\/1001006"}],"replies":[{"embeddable":true,"href":"https:\/\/www.kultursidan.nu\/index.php?rest_route=%2Fwp%2Fv2%2Fcomments&post=38191"}],"version-history":[{"count":3,"href":"https:\/\/www.kultursidan.nu\/index.php?rest_route=\/wp\/v2\/posts\/38191\/revisions"}],"predecessor-version":[{"id":38195,"href":"https:\/\/www.kultursidan.nu\/index.php?rest_route=\/wp\/v2\/posts\/38191\/revisions\/38195"}],"wp:attachment":[{"href":"https:\/\/www.kultursidan.nu\/index.php?rest_route=%2Fwp%2Fv2%2Fmedia&parent=38191"}],"wp:term":[{"taxonomy":"category","embeddable":true,"href":"https:\/\/www.kultursidan.nu\/index.php?rest_route=%2Fwp%2Fv2%2Fcategories&post=38191"},{"taxonomy":"post_tag","embeddable":true,"href":"https:\/\/www.kultursidan.nu\/index.php?rest_route=%2Fwp%2Fv2%2Ftags&post=38191"}],"curies":[{"name":"wp","href":"https:\/\/api.w.org\/{rel}","templated":true}]}}