{"id":38203,"date":"2018-09-21T15:08:01","date_gmt":"2018-09-21T14:08:01","guid":{"rendered":"https:\/\/intelligent-friend-7861.standoutwp.com\/?p=38203"},"modified":"2018-09-21T15:08:01","modified_gmt":"2018-09-21T14:08:01","slug":"ulla-pia-kononens-skepnader-pa-kronan","status":"publish","type":"post","link":"https:\/\/www.kultursidan.nu\/?p=38203","title":{"rendered":"Ulla-Pia K\u00f6n\u00f6nens Skepnader p\u00e5 Kronan"},"content":{"rendered":"<p><img loading=\"lazy\" decoding=\"async\" class=\"alignnone size-medium wp-image-38204\" src=\"https:\/\/www.kultursidan.nu\/wp-content\/uploads\/2018\/09\/Ulla-Pia-K-13-567x376.jpg\" alt=\"\" width=\"567\" height=\"376\" srcset=\"https:\/\/www.kultursidan.nu\/wp-content\/uploads\/2018\/09\/Ulla-Pia-K-13-567x376.jpg 567w, https:\/\/www.kultursidan.nu\/wp-content\/uploads\/2018\/09\/Ulla-Pia-K-13-768x509.jpg 768w, https:\/\/www.kultursidan.nu\/wp-content\/uploads\/2018\/09\/Ulla-Pia-K-13-1024x678.jpg 1024w, https:\/\/www.kultursidan.nu\/wp-content\/uploads\/2018\/09\/Ulla-Pia-K-13-150x99.jpg 150w, https:\/\/www.kultursidan.nu\/wp-content\/uploads\/2018\/09\/Ulla-Pia-K-13-503x333.jpg 503w, https:\/\/www.kultursidan.nu\/wp-content\/uploads\/2018\/09\/Ulla-Pia-K-13.jpg 1200w\" sizes=\"auto, (max-width: 567px) 100vw, 567px\" \/><br \/>\n<em>Komplex. Ulla-Pia K\u00f6n\u00f6nens allseende m\u00e5lning Tredje \u00f6gat rymmer fyra \u00f6gon. Ett i den m\u00f6nsterrika delen till h\u00f6ger. Den st\u00f6rre bilden bygger p\u00e5 bearbetade f\u00e4rglager i botten, ett tunt rosa svep som g\u00e5r \u00f6ver b\u00e5da delarna, och collaget med kropp och huvud. Insektslik och blomma p\u00e5 samma g\u00e5ng, men samtidigt ses ben str\u00e4ckas bak\u00e5t fr\u00e5n kroppen.<\/em><\/p>\n<p>&nbsp;<\/p>\n<h1><span style=\"color: #ff0000;\">&#8221;Jag har ett konstant missn\u00f6je&#8221;<\/span><\/h1>\n<p>&nbsp;<\/p>\n<p>NORRK\u00d6PING <strong>Lager p\u00e5 lager, men de \u00e4r tunna.<\/strong> S\u00e5 mycket som Ulla-Pia K\u00f6n\u00f6nen skrapar s\u00e5 kr\u00e4vs det stadiga pann\u00e5er som ger motst\u00e5nd. Med ett personligt bildalfabet och fria fantasier intar konstn\u00e4ren Galleri Kronan med utst\u00e4llningen &#8221;Skepnader&#8221;.<\/p>\n<p><strong>\u2013 Det blir som en reliefm\u00e5lning i slut\u00e4ndan tycker jag.<\/strong><\/p>\n<p>Ulla-Pia K\u00f6n\u00f6nen reflekterar \u00f6ver <em>Uppe mot<\/em>, d\u00e4r ett huvud lagts p\u00e5 tv\u00e4rs \u00f6ver ett ljusf\u00e4lt och f\u00e5r hela bilden att sv\u00e4va som Chagalls lyckliga brudpar. Konstn\u00e4ren redovisar blandtekniken med olja, akryl och rispapper. Allt ordentligt f\u00e4st s\u00e5 att det ska h\u00e5lla f\u00f6r tid och evighet. P\u00e5 pann\u00e5, inte p\u00e5 duk.<\/p>\n<p>\u2013 Jag beh\u00f6ver stadigt underlag som ger motst\u00e5nd och t\u00e5l mer. Jag har ett konstant missn\u00f6je medan jag arbetar. Jag menar inte att jag \u00e4r arg, men jag \u00e4r inte n\u00f6jd f\u00f6rr\u00e4n jag \u00e4r klar.<\/p>\n<p>&nbsp;<\/p>\n<p><a title=\"Ulla-Pia K\u00f6n\u00f6nen st\u00e4ller ut p\u00e5 Galleri Kronan\" href=\"https:\/\/www.flickr.com\/photos\/kultursidan\/29886000857\/in\/album-72157699995778481\/\"><img loading=\"lazy\" decoding=\"async\" src=\"https:\/\/farm2.staticflickr.com\/1958\/29886000857_95d8a28e4e.jpg\" alt=\"Ulla-Pia K\u00f6n\u00f6nen st\u00e4ller ut p\u00e5 Galleri Kronan\" width=\"500\" height=\"331\" \/><\/a><br \/>\n<em>Tema med variationer. Ulla-Pia K\u00f6n\u00f6nen st\u00e4ller ut p\u00e5 Galleri Kronan.<\/em><\/p>\n<p>&nbsp;<\/p>\n<p><strong>Det \u00e4r mycket pann\u00e5erna ska uth\u00e4rda.<\/strong> Lager av f\u00e4rg, som l\u00e4ggs p\u00e5 och skrapas bort, ristas i, klistras p\u00e5, skrapas igen, fram och tillbaka i ett arbetets andningsrytm. Det ger en transparans till m\u00e5lningarna. Hela ytan anv\u00e4nds, beh\u00f6vs en ram m\u00e5lar konstn\u00e4ren dit den sj\u00e4lv.<\/p>\n<p>Lika mycket som Ulla-Pia K\u00f6n\u00f6nens m\u00e5leri inneh\u00e5ller \u00e5terkommande motiv\/bildalfabet \u2013 ol\u00e4sliga dagboksblad, hundlika varelser, flytande m\u00f6nster \u2013 lika mycket till\u00e5ter sig konstn\u00e4ren att fantisera fritt. Symboliken \u00e4r ibland tydlig, k\u00f6nsvarelser, ansikten, ibland mer ogripbar, in mot konstn\u00e4rens privata zoner. Det \u00e4r komplext, ibland obehagligt och groteskt, ibland n\u00e4stan v\u00e4nligt.<\/p>\n<p><strong>N\u00f6jd \u00e4r hon med Galleri Kronans rymliga och omv\u00e4xlande lokal d\u00e4r utst\u00e4llningen &#8221;Skepnader&#8221; r\u00f6r sig, ropar mellan rummen. <\/strong>I entr\u00e9rummet h\u00e4nger de lite st\u00f6rre m\u00e5lningarna i blandteknik. M\u00e4nskliga och djuriska. F\u00e4rgspr\u00e5ket \u00e4r oftast ljust, motiven \u00e4r oftare linjerade \u00e4n fyllda.<\/p>\n<p>Men helt s\u00e4ker kan man aldrig vara. Oljem\u00e5lningen <em>Flickorna<\/em> l\u00e5ter enbart tv\u00e5 kvinnohuvuden lysa i gr\u00f6nskimrande m\u00f6rker. \u00c4r de under ytan som anas h\u00f6gt uppe eller \u00e4r de nedanf\u00f6r en h\u00f6g horisont? Deras h\u00e5r lyfts upp\u00e5t (medan de sjunker).<\/p>\n<p>&nbsp;<\/p>\n<p><a title=\"Ulla-Pia K\u00f6n\u00f6nen \u2013 Beh\u00e5llare\" href=\"https:\/\/www.flickr.com\/photos\/kultursidan\/44773630932\/in\/album-72157699995778481\/\"><img loading=\"lazy\" decoding=\"async\" src=\"https:\/\/farm2.staticflickr.com\/1976\/44773630932_923c42b517.jpg\" alt=\"Ulla-Pia K\u00f6n\u00f6nen \u2013 Beh\u00e5llare\" width=\"379\" height=\"500\" \/><\/a><br \/>\n<em>Skrapningar, str\u00e4ckningar, ristningar. Beh\u00e5llare ing\u00e5r i serien med olja\/temperam\u00e5lningar. <\/em><\/p>\n<p>&nbsp;<\/p>\n<p><strong>\u2013 Ett inre landskap, kommenterar hon <em>Beh\u00e5llare<\/em> som h\u00e4nger i det inre rummet,<\/strong> d\u00e4r en serie temperam\u00e5lningar relaterar till organiska motiv, kanske en fr\u00f6kapsel.<\/p>\n<p>H\u00e4r leker konstn\u00e4ren \u00e4ven med akvareller, passepartouten bara blir \u00e4nnu ett lager att m\u00e5la p\u00e5. Som dr\u00f6mmar som g\u00e5r i varandra.<\/p>\n<p><strong>Kronans lilla galleri, det minsta rummet, rymmer en serie lite enklare akvareller, \u00e5tminstone utan m\u00e5nga lager.<\/strong> N\u00e5gra mer \u00e5t arkitekturskissh\u00e5llet, andra mer organiska eller med gestalter.<\/p>\n<p>Tv\u00e5 kantiga skepnader r\u00f6r vid varandra, de kan lika g\u00e4rna vara astronauter som kl\u00e4dda i traditionell arabisk dr\u00e4kt. <em>P\u00e5 v\u00e4g<\/em> heter bilden.<\/p>\n<p>\u2013 Jag t\u00e4nker p\u00e5 flyktingar, vilket liv de har. Det \u00e4r ett allvarligt \u00e4mne men jag g\u00f6r det p\u00e5 ett lekfullt s\u00e4tt. Jag vill inte g\u00f6ra det j\u00e4ttetydligt, hellre symbolisera bilderna s\u00e5 att betraktaren kan anv\u00e4nda sin egen fantasi, s\u00e4ger Ulla-Pia K\u00f6n\u00f6nen.<\/p>\n<p>\u2013 Jag tycker om att experimentera.<\/p>\n<p><em>\u00a9 Text: Ann-Charlotte Sandelin<br \/>\n\u00a9 Foto: Nils-G\u00f6ran Tillgren<\/em><\/p>\n<p>BILDSPEL \u2013 KLICKA P\u00c5 BILDENS PILAR<\/p>\n<p><a data-flickr-embed='true' href='https:\/\/www.flickr.com\/photos\/kultursidan\/albums\/72157699995778481' title='Ulla-Pia K\u00f6n\u00f6nen, Galleri Kronan 2018 by Kultursidan, on Flickr'><img src='https:\/\/live.staticflickr.com\/1841\/44773631832_c0e2fa9061_z.jpg' width='800' height='600' alt='Ulla-Pia K\u00f6n\u00f6nen \u2013 Boplats, B\u00e4van, Tittut'><\/a><script async src='https:\/\/embedr.flickr.com\/assets\/client-code.js' charset='utf-8'><\/script><\/p>\n<blockquote>\n<h4>GALLERI KRONAN Norrk\u00f6ping<\/h4>\n<p>H\u00f6sten 2018<br \/>\n<strong>Utst\u00e4llningar<\/strong><\/p>\n<p style=\"padding-left: 30px;\">1\u201316 september<br \/>\n<strong>Gebbe Bj\u00f6rkman<\/strong><br \/>\n\u201dF\u00e5glar p\u00e5 mitt s\u00e4tt\u201d<br \/>\nOlja och akvarell<\/p>\n<p>\u202822 september \u2013 7 oktober<br \/>\n<strong>Ulla Pia K\u00f6n\u00f6nen<\/strong><br \/>\n\u201d Skepnader\u201d<br \/>\nM\u00e5leri och blandteknik<\/p>\n<p style=\"padding-left: 30px;\">13\u201328 oktober<br \/>\n<strong>Lina Bjerneld<\/strong><br \/>\n\u201dKan inte minnas vem jag var ig\u00e5r\u201d<br \/>\nM\u00e5leri<\/p>\n<p style=\"padding-left: 30px;\">3\u201318 november<br \/>\n<strong>H\u00e5kan Wennstr\u00f6m<\/strong><br \/>\n\u201dJazz Savann och Tombstone Blues\u201d<br \/>\nTeckning, film, objekt<\/p>\n<p style=\"padding-left: 30px;\">24 november \u2013 9 december<br \/>\n<strong>Ann-Mari Tamminen Meuller<\/strong><br \/>\n\u201dSlaggsten och j\u00e4rnoxid. Ode till ett landskap\u201d<br \/>\nM\u00e5leri och objekt<\/p>\n<\/blockquote>\n<p>L\u00c4NKAR<br \/>\nUlla-Pia K\u00f6n\u00f6nen <a href=\"https:\/\/www.svenskakonstnarer.se\/start\/plus_artist.php?chr=11&amp;aid=3661\" target=\"_blank\" rel=\"noopener\">hemsida<\/a><br \/>\nGalleri Kronan <a href=\"http:\/\/www.gallerikronan.se\" target=\"_blank\" rel=\"noopener\">hemsida<\/a> <a href=\"https:\/\/www.facebook.com\/Galleri-Kronan-222739187788587\/?fref=ts\" target=\"_blank\" rel=\"noopener\">Facebook<\/a><\/p>\n","protected":false},"excerpt":{"rendered":"<p>NORRK\u00d6PING Lager p\u00e5 lager, men de \u00e4r tunna. S\u00e5 mycket som Ulla-Pia K\u00f6n\u00f6nen skrapar s\u00e5 kr\u00e4vs det stadiga pann\u00e5er som ger motst\u00e5nd. Med ett personligt bildalfabet och fria fantasier intar konstn\u00e4ren Galleri Kronan med utst\u00e4llningen Skepnader. <a class=\"continue-reading-link\" href=\"https:\/\/www.kultursidan.nu\/?p=38203\">L\u00e4s mer <span class=\"meta-nav\">&rarr; <\/span><\/a><\/p>\n","protected":false},"author":1001006,"featured_media":0,"comment_status":"closed","ping_status":"open","sticky":false,"template":"","format":"standard","meta":{"_jetpack_memberships_contains_paid_content":false,"footnotes":""},"categories":[7],"tags":[14],"class_list":["post-38203","post","type-post","status-publish","format-standard","hentry","category-norrkoping","tag-konst"],"jetpack_featured_media_url":"","jetpack_sharing_enabled":true,"_links":{"self":[{"href":"https:\/\/www.kultursidan.nu\/index.php?rest_route=\/wp\/v2\/posts\/38203","targetHints":{"allow":["GET"]}}],"collection":[{"href":"https:\/\/www.kultursidan.nu\/index.php?rest_route=\/wp\/v2\/posts"}],"about":[{"href":"https:\/\/www.kultursidan.nu\/index.php?rest_route=\/wp\/v2\/types\/post"}],"author":[{"embeddable":true,"href":"https:\/\/www.kultursidan.nu\/index.php?rest_route=\/wp\/v2\/users\/1001006"}],"replies":[{"embeddable":true,"href":"https:\/\/www.kultursidan.nu\/index.php?rest_route=%2Fwp%2Fv2%2Fcomments&post=38203"}],"version-history":[{"count":2,"href":"https:\/\/www.kultursidan.nu\/index.php?rest_route=\/wp\/v2\/posts\/38203\/revisions"}],"predecessor-version":[{"id":38206,"href":"https:\/\/www.kultursidan.nu\/index.php?rest_route=\/wp\/v2\/posts\/38203\/revisions\/38206"}],"wp:attachment":[{"href":"https:\/\/www.kultursidan.nu\/index.php?rest_route=%2Fwp%2Fv2%2Fmedia&parent=38203"}],"wp:term":[{"taxonomy":"category","embeddable":true,"href":"https:\/\/www.kultursidan.nu\/index.php?rest_route=%2Fwp%2Fv2%2Fcategories&post=38203"},{"taxonomy":"post_tag","embeddable":true,"href":"https:\/\/www.kultursidan.nu\/index.php?rest_route=%2Fwp%2Fv2%2Ftags&post=38203"}],"curies":[{"name":"wp","href":"https:\/\/api.w.org\/{rel}","templated":true}]}}