{"id":38247,"date":"2018-09-24T18:57:57","date_gmt":"2018-09-24T17:57:57","guid":{"rendered":"https:\/\/intelligent-friend-7861.standoutwp.com\/?p=38247"},"modified":"2018-09-26T15:39:40","modified_gmt":"2018-09-26T14:39:40","slug":"tips-1-tandkonst-filmsvan-svartsang","status":"publish","type":"post","link":"https:\/\/www.kultursidan.nu\/?p=38247","title":{"rendered":"Tips 1: Tandkonst, filmsvan &#038; svarts\u00e5ng"},"content":{"rendered":"<p><img loading=\"lazy\" decoding=\"async\" class=\"alignnone size-medium wp-image-38248\" src=\"https:\/\/www.kultursidan.nu\/wp-content\/uploads\/2018\/09\/1-NoVo-567x415.jpg\" alt=\"\" width=\"567\" height=\"415\" srcset=\"https:\/\/www.kultursidan.nu\/wp-content\/uploads\/2018\/09\/1-NoVo-567x415.jpg 567w, https:\/\/www.kultursidan.nu\/wp-content\/uploads\/2018\/09\/1-NoVo-768x562.jpg 768w, https:\/\/www.kultursidan.nu\/wp-content\/uploads\/2018\/09\/1-NoVo-1024x749.jpg 1024w, https:\/\/www.kultursidan.nu\/wp-content\/uploads\/2018\/09\/1-NoVo-150x110.jpg 150w, https:\/\/www.kultursidan.nu\/wp-content\/uploads\/2018\/09\/1-NoVo-455x333.jpg 455w, https:\/\/www.kultursidan.nu\/wp-content\/uploads\/2018\/09\/1-NoVo.jpg 1080w\" sizes=\"auto, (max-width: 567px) 100vw, 567px\" \/><br \/>\n<em>Sl\u00e4cker lyset. Norrk\u00f6pings Vokalensemble g\u00f6r det i m\u00f6rkret, p\u00e5 Stadsmuseet.<\/em><\/p>\n<p>&nbsp;<\/p>\n<h1><span style=\"color: #ff0000;\">Visst \u00e4r det fr\u00e4nt?!<\/span><\/h1>\n<p>&nbsp;<\/p>\n<p>NORRK\u00d6PING <strong>F\u00f6r att Kulturnatten fortfarande kan \u00f6verraska.<\/strong> Konst hos tandl\u00e4karen. Osedda kortfilmer. S\u00e5ng i m\u00f6rkret. Visst \u00e4r det fr\u00e4nt?! V\u00e5ra medarbetare pl\u00f6jer och v\u00e4ljer bland 181 programpunkter inf\u00f6r l\u00f6rdagens folkvandring p\u00e5 stan.<\/p>\n<p style=\"padding-left: 30px;\"><em>10\u201322<\/em> <strong>Livet \u00e4r som en dans<\/strong> \u2013 Riita Englund st\u00e4ller ut f\u00e4rgsprakande, sensuella och eleganta oljem\u00e5lningar p\u00e5 Mikael Saksis tandl\u00e4karpraktik, Repslagargatan 3. <em><strong>F\u00f6r att<\/strong><\/em> bra konst \u00e4r b\u00e4ttre \u00e4n tandl\u00e4karskr\u00e4ck.<\/p>\n<p style=\"padding-left: 30px;\"><em>13.30<\/em> <strong>Guldsvanen<\/strong>, Flimmers kortfilmst\u00e4vling f\u00f6r unga filmskapare, \u00e4ger rum i Hallarna, Tunnbindaregatan 37. <em><strong>F\u00f6r att<\/strong><\/em> tr\u00e4ffa framtidens stora filmare innan alla andra gjort det.<\/p>\n<p style=\"padding-left: 30px;\"><em>14.00<\/em> <strong>Camerata Obscura med NoVo<\/strong>, Norrk\u00f6pings vokalensemble, som ger en minikonsert i ett m\u00f6rklagt rum p\u00e5 Stadsmuseet. <em><strong>F\u00f6r att<\/strong><\/em> det \u00e4r fr\u00e4nt att g\u00f6ra det i m\u00f6rkret.<\/p>\n<p><em>\u00a9 Text: Ann-Charlotte Sandelin<br \/>\n\u00a9 Foto: NoVo<\/em><\/p>\n<blockquote>\n<h4>NORRK\u00d6PING<\/h4>\n<p>29 september 2018<br \/>\n<strong>Kulturnatten<\/strong><\/p><\/blockquote>\n<p>L\u00c4NKAR<br \/>\nKulturnatten <a href=\"http:\/\/letscreate.norrkoping.se\/kulturnatten\/program-2018.html\" target=\"_blank\" rel=\"noopener\">program<\/a><\/p>\n","protected":false},"excerpt":{"rendered":"<p>NORRK\u00d6PING F\u00f6r att Kulturnatten fortfarande kan \u00f6verraska. Konst hos tandl\u00e4karen. Osedda kortfilmer. S\u00e5ng i m\u00f6rkret. Visst \u00e4r det fr\u00e4nt?! V\u00e5ra medarbetare pl\u00f6jer och v\u00e4ljer bland 181 programpunkter inf\u00f6r l\u00f6rdagens folkvandring p\u00e5 stan. <a class=\"continue-reading-link\" href=\"https:\/\/www.kultursidan.nu\/?p=38247\">L\u00e4s mer <span class=\"meta-nav\">&rarr; <\/span><\/a><\/p>\n","protected":false},"author":1001006,"featured_media":0,"comment_status":"closed","ping_status":"open","sticky":false,"template":"","format":"standard","meta":{"_jetpack_memberships_contains_paid_content":false,"footnotes":""},"categories":[7],"tags":[38,14,36,13],"class_list":["post-38247","post","type-post","status-publish","format-standard","hentry","category-norrkoping","tag-film","tag-konst","tag-kulturnatten","tag-musik"],"jetpack_featured_media_url":"","jetpack_sharing_enabled":true,"_links":{"self":[{"href":"https:\/\/www.kultursidan.nu\/index.php?rest_route=\/wp\/v2\/posts\/38247","targetHints":{"allow":["GET"]}}],"collection":[{"href":"https:\/\/www.kultursidan.nu\/index.php?rest_route=\/wp\/v2\/posts"}],"about":[{"href":"https:\/\/www.kultursidan.nu\/index.php?rest_route=\/wp\/v2\/types\/post"}],"author":[{"embeddable":true,"href":"https:\/\/www.kultursidan.nu\/index.php?rest_route=\/wp\/v2\/users\/1001006"}],"replies":[{"embeddable":true,"href":"https:\/\/www.kultursidan.nu\/index.php?rest_route=%2Fwp%2Fv2%2Fcomments&post=38247"}],"version-history":[{"count":8,"href":"https:\/\/www.kultursidan.nu\/index.php?rest_route=\/wp\/v2\/posts\/38247\/revisions"}],"predecessor-version":[{"id":38291,"href":"https:\/\/www.kultursidan.nu\/index.php?rest_route=\/wp\/v2\/posts\/38247\/revisions\/38291"}],"wp:attachment":[{"href":"https:\/\/www.kultursidan.nu\/index.php?rest_route=%2Fwp%2Fv2%2Fmedia&parent=38247"}],"wp:term":[{"taxonomy":"category","embeddable":true,"href":"https:\/\/www.kultursidan.nu\/index.php?rest_route=%2Fwp%2Fv2%2Fcategories&post=38247"},{"taxonomy":"post_tag","embeddable":true,"href":"https:\/\/www.kultursidan.nu\/index.php?rest_route=%2Fwp%2Fv2%2Ftags&post=38247"}],"curies":[{"name":"wp","href":"https:\/\/api.w.org\/{rel}","templated":true}]}}