{"id":38256,"date":"2018-09-25T11:07:32","date_gmt":"2018-09-25T10:07:32","guid":{"rendered":"https:\/\/intelligent-friend-7861.standoutwp.com\/?p=38256"},"modified":"2018-09-25T11:07:32","modified_gmt":"2018-09-25T10:07:32","slug":"killtraff-med-simon-egler-eftermetoo","status":"publish","type":"post","link":"https:\/\/www.kultursidan.nu\/?p=38256","title":{"rendered":"Killtr\u00e4ff med Simon Egler #eftermetoo"},"content":{"rendered":"<p><img loading=\"lazy\" decoding=\"async\" class=\"alignnone size-medium wp-image-38257\" src=\"https:\/\/www.kultursidan.nu\/wp-content\/uploads\/2018\/09\/DSCF0824-567x378.jpg\" alt=\"\" width=\"567\" height=\"378\" srcset=\"https:\/\/www.kultursidan.nu\/wp-content\/uploads\/2018\/09\/DSCF0824-567x378.jpg 567w, https:\/\/www.kultursidan.nu\/wp-content\/uploads\/2018\/09\/DSCF0824-768x512.jpg 768w, https:\/\/www.kultursidan.nu\/wp-content\/uploads\/2018\/09\/DSCF0824-1024x683.jpg 1024w, https:\/\/www.kultursidan.nu\/wp-content\/uploads\/2018\/09\/DSCF0824-150x100.jpg 150w, https:\/\/www.kultursidan.nu\/wp-content\/uploads\/2018\/09\/DSCF0824-500x333.jpg 500w, https:\/\/www.kultursidan.nu\/wp-content\/uploads\/2018\/09\/DSCF0824.jpg 1200w\" sizes=\"auto, (max-width: 567px) 100vw, 567px\" \/><br \/>\n<em>V\u00e4lkommen. Simon Egler bjuder in till manliga samtal p\u00e5 ABF Bergslagsg\u00e5rden.<\/em><\/p>\n<p>&nbsp;<\/p>\n<h1><span style=\"color: #ff0000;\">\u201dDet har tagit m\u00e5nga \u00e5r att bli fri\u201d<\/span><\/h1>\n<p>&nbsp;<\/p>\n<p>NORRK\u00d6PING <strong>Helkv\u00e4ll med grabbarna? Simon Egler bjuder.<\/strong> Men inte med stark\u00f6l och ryggdunk utan till samtal och lyssnande. Organisationen M\u00c4N vill med <em>#eftermetoo<\/em> diskutera manligt v\u00e5ld, f\u00f6r\u00e4ndra mansrollen och p\u00e5 sikt samh\u00e4llet. Start ikv\u00e4ll p\u00e5 ABF Bergslagsg\u00e5rden.<\/p>\n<p><strong>\u2013 Jag som man har k\u00e4nt mig ensam i min mansroll, s\u00e4ger Simon Egler,<\/strong> som omvandlar m\u00e5ndagens lunchpaus till en tr\u00e4ff p\u00e5 ABF Bergslagsg\u00e5rden.<\/p>\n<p>Det syns inte p\u00e5 honom. En helt vanlig, m\u00f6jligen ovanligt trevlig kille med ett stort leende. Han kan v\u00e4l inte ha ett problem i hela v\u00e4rlden. Kanske det \u00e4r just det som g\u00f6r att han t\u00e4nker l\u00e4ngre \u00e4n m\u00e5nga andra och \u00e4r beredd att handla efter det.<\/p>\n<p>\u2013 Jag har inte tyckt att jag bidragit till #metoo. Men jag har insett att jag har ett st\u00f6rre ansvar, framf\u00f6r allt i min kontakt med andra m\u00e4n.<\/p>\n<p><strong>Simon Egler talar om maskulinitetsnormen.<\/strong> Den som best\u00e4mmer vad som r\u00e4knas som manligt. Det handlar inte om n\u00e5gon naturlag, eftersom det ser olika ut i olika kulturer och \u00f6ver olika tider. Allts\u00e5 \u201dnutida svensk man\u201d.<\/p>\n<p>\u2013 Om man inte anpassade sig i grundskolan s\u00e5 fick man stryk.<\/p>\n<p>Normen som \u00e4r som sn\u00e4vast p\u00e5 mellanstadiet och h\u00f6gstadiet i skolan, och som individen har att f\u00f6rh\u00e5lla sig till och f\u00f6rs\u00f6ka v\u00e4xa upp och mogna ifr\u00e5n i vuxenlivet.<\/p>\n<p>\u2013 Det formar en och man tar det det med sig ut och tror att det \u00e4r spelreglerna f\u00f6r m\u00e4n. Det har tagit mig m\u00e5nga \u00e5r att bli fri.<\/p>\n<p><strong>\u2013 Det jag t\u00e4nker \u00e4r viktigast \u00e4r v\u00e5ldstraditionen.<\/strong> Varf\u00f6r \u00e4r m\u00e4n \u00f6verrepresenterade vid v\u00e5lds- och sexualbrott? Jag vill inte vara en del av det och jag vill inte definieras som man utifr\u00e5n v\u00e5ldspotentialen.<\/p>\n<p>\u2013 D\u00e5 m\u00e5ste vi m\u00e4n som tycker som jag visa oss aktiva, mer \u00e4n trycka \u201dgilla\u201d p\u00e5 Facebook, forts\u00e4tter han.<\/p>\n<p>&nbsp;<\/p>\n<p><a title=\"Simon Egler\" href=\"https:\/\/www.flickr.com\/photos\/kultursidan\/43992261565\/in\/album-72157701466946614\/\"><img loading=\"lazy\" decoding=\"async\" src=\"https:\/\/farm2.staticflickr.com\/1925\/43992261565_8fe13030b3.jpg\" alt=\"Simon Egler\" width=\"500\" height=\"356\" \/><\/a><br \/>\n<em>En ny mansroll f\u00f6r\u00e4ndrar samh\u00e4llet. Simon Egler vill vara en del av den f\u00f6r\u00e4ndringen.<\/em><\/p>\n<p>&nbsp;<\/p>\n<p><strong>Ikv\u00e4ll tisdag st\u00e5r Simon Egler f\u00f6r v\u00e4rdskapet n\u00e4r organisationerna M\u00c4N och Under kevlaret bjuder in till ett f\u00f6rsta storm\u00f6te med samtal om mansroller p\u00e5 ABF Bergslagsg\u00e5rden.<\/strong> Det f\u00f6ljs upp redan dagen d\u00e4rp\u00e5 med samtalsledarutbildning f\u00f6r de som vill ta p\u00e5 sig rollen att leda samtal.<\/p>\n<p>Simon startade Norrk\u00f6pings lokalgrupp av M\u00c4N sent p\u00e5 h\u00f6sten 2017. I \u00d6sterg\u00f6tland finns mellan 30 och 50 medlemmar, han hoppas att de blir fler.<\/p>\n<p>\u2013 Efter #metoo \u00e4r det mycket r\u00e4dsla och f\u00f6rvirring. Vad kan vi som m\u00e4n g\u00f6ra?<\/p>\n<p><strong>Merparten av alla #metoo-ber\u00e4ttelser har stannat inom de icke offentliga Facebookgrupper som v\u00e4xte fram, fr\u00e4mst inom yrkeskategorier.<\/strong> Det handlar om utsattheten, inte om namngivande av f\u00f6r\u00f6vare. M\u00e5nga \u00f6vergrepp ligger l\u00e5ngt tillbaka i tiden, juridiskt preskriberade men \u00e4nd\u00e5 lika livsstympande som om de intr\u00e4ffade ig\u00e5r.<\/p>\n<p>M\u00e4n har inte haft tillg\u00e5ng till de h\u00e4r grupperna. Det som sl\u00e4ppts ut har till merparten varit p\u00e5 de utsattas villkor, som n\u00e4r sk\u00e5despelare runt om i landet l\u00e4ste h\u00f6gt. Dessutom tidningsskriverier, Svenska Akademiens kris.<\/p>\n<p>Simon Egler har l\u00e4st en bok, med anonymiserade ber\u00e4ttelser. Tung l\u00e4sning om m\u00e4ns v\u00e5ld mot kvinonor. Inte alla m\u00e4n, men deprimerande m\u00e5nga m\u00e4n.<\/p>\n<p><strong>S\u00e5 vad syftar #eftermetoo-projektet till?<\/strong><\/p>\n<p>\u2013 Vi vill erbjuda samtal i ett tryggt sammanhang.<\/p>\n<p>Simon Egler f\u00f6rklarar att gruppsamtalen inte handlar om terapi utan \u00e4r till f\u00f6r reflektion och f\u00f6r att \u00f6ppna upp f\u00f6r djupare samtal m\u00e4n emellan. Fr\u00e5gorna kan handla om k\u00e4nsliga \u00e4mnen f\u00f6r tuffa killar. \u201dHur tror ni att pornografi p\u00e5verkat er sexualitet?\u201d<\/p>\n<p>\u2013 Vi ber\u00e4ttar, vi lyssnar. Vi ger inte gensvar, erbjuder inga l\u00f6sningar. Har man st\u00f6rre problem ska man v\u00e4nda sig till professionella terapeuter. Det h\u00e4r \u00e4r mer f\u00f6r att \u00f6ppna f\u00f6r f\u00f6r att f\u00f6r\u00e4ndra mansrollen. Att v\u00e5ga visa sig s\u00e5rbar, att inte beh\u00f6vs vara stark, att inte beh\u00f6va veta allting.<\/p>\n<p><em>\u00a9 Text och foto: Ann-Charlotte Sandelin\u2028<\/em><\/p>\n<blockquote>\n<h4>ABF BERGSLAGSG\u00c5RDEN Norrk\u00f6ping<\/h4>\n<p>25 september 2018 kl 17<br \/>\n<strong>#eftermetoo<\/strong><br \/>\nPanelsamtal<br \/>\nAl\u00e1n Ali, M\u00c4N:s ordf\u00f6rande<br \/>\nHarry Sk\u00e4rlund, Under Kevlaret<br \/>\nV\u00e4rd: M\u00c4N, Norrk\u00f6ping<\/p>\n<p>26 september<br \/>\n<strong>Samtalsledarutbildning<\/strong><\/p><\/blockquote>\n<p>L\u00c4NKAR<br \/>\nM\u00c4N <a href=\"https:\/\/mfj.se\" target=\"_blank\" rel=\"noopener\">hemsida<\/a>\u00a0 <a href=\"https:\/\/www.facebook.com\/manforjamdstalldhetnorrkoping\/\" target=\"_blank\" rel=\"noopener\">Facebook<\/a>\u00a0 <a href=\"https:\/\/www.facebook.com\/events\/2045659179083943\/\" target=\"_blank\" rel=\"noopener\">#eftermetooNkp\/FB-evenemang<\/a><br \/>\nABF Bergslagsg\u00e5rden <a href=\"https:\/\/www.facebook.com\/ABF-Bergslagsg\u00e5rden-Norrk\u00f6ping-331446280304571\/\" target=\"_blank\" rel=\"noopener\">Facebook<\/a><\/p>\n","protected":false},"excerpt":{"rendered":"<p>NORRK\u00d6PING Helkv\u00e4ll med grabbarna? Simon Egler bjuder. Men inte med stark\u00f6l och ryggdunk utan till samtal och lyssnande. Organisationen M\u00c4N vill med #eftermetoo diskutera manligt v\u00e5ld, f\u00f6r\u00e4ndra mansrollen och p\u00e5 sikt samh\u00e4llet. Start ikv\u00e4ll p\u00e5 ABF Bergslagsg\u00e5rden. <a class=\"continue-reading-link\" href=\"https:\/\/www.kultursidan.nu\/?p=38256\">L\u00e4s mer <span class=\"meta-nav\">&rarr; <\/span><\/a><\/p>\n","protected":false},"author":1001006,"featured_media":0,"comment_status":"closed","ping_status":"open","sticky":false,"template":"","format":"standard","meta":{"_jetpack_memberships_contains_paid_content":false,"footnotes":""},"categories":[7],"tags":[54,89],"class_list":["post-38256","post","type-post","status-publish","format-standard","hentry","category-norrkoping","tag-evenemang","tag-personportratt"],"jetpack_featured_media_url":"","jetpack_sharing_enabled":true,"_links":{"self":[{"href":"https:\/\/www.kultursidan.nu\/index.php?rest_route=\/wp\/v2\/posts\/38256","targetHints":{"allow":["GET"]}}],"collection":[{"href":"https:\/\/www.kultursidan.nu\/index.php?rest_route=\/wp\/v2\/posts"}],"about":[{"href":"https:\/\/www.kultursidan.nu\/index.php?rest_route=\/wp\/v2\/types\/post"}],"author":[{"embeddable":true,"href":"https:\/\/www.kultursidan.nu\/index.php?rest_route=\/wp\/v2\/users\/1001006"}],"replies":[{"embeddable":true,"href":"https:\/\/www.kultursidan.nu\/index.php?rest_route=%2Fwp%2Fv2%2Fcomments&post=38256"}],"version-history":[{"count":5,"href":"https:\/\/www.kultursidan.nu\/index.php?rest_route=\/wp\/v2\/posts\/38256\/revisions"}],"predecessor-version":[{"id":38262,"href":"https:\/\/www.kultursidan.nu\/index.php?rest_route=\/wp\/v2\/posts\/38256\/revisions\/38262"}],"wp:attachment":[{"href":"https:\/\/www.kultursidan.nu\/index.php?rest_route=%2Fwp%2Fv2%2Fmedia&parent=38256"}],"wp:term":[{"taxonomy":"category","embeddable":true,"href":"https:\/\/www.kultursidan.nu\/index.php?rest_route=%2Fwp%2Fv2%2Fcategories&post=38256"},{"taxonomy":"post_tag","embeddable":true,"href":"https:\/\/www.kultursidan.nu\/index.php?rest_route=%2Fwp%2Fv2%2Ftags&post=38256"}],"curies":[{"name":"wp","href":"https:\/\/api.w.org\/{rel}","templated":true}]}}