{"id":38360,"date":"2018-10-03T17:10:12","date_gmt":"2018-10-03T16:10:12","guid":{"rendered":"https:\/\/intelligent-friend-7861.standoutwp.com\/?p=38360"},"modified":"2018-10-03T17:10:12","modified_gmt":"2018-10-03T16:10:12","slug":"fredman-och-kraus-i-bellmans-vankrets","status":"publish","type":"post","link":"https:\/\/www.kultursidan.nu\/?p=38360","title":{"rendered":"Fredman och Kraus i Bellmans v\u00e4nkrets"},"content":{"rendered":"<p><img loading=\"lazy\" decoding=\"async\" class=\"alignnone size-medium wp-image-38361\" src=\"https:\/\/www.kultursidan.nu\/wp-content\/uploads\/2018\/10\/unspecified1-567x378.jpg\" alt=\"\" width=\"567\" height=\"378\" srcset=\"https:\/\/www.kultursidan.nu\/wp-content\/uploads\/2018\/10\/unspecified1-567x378.jpg 567w, https:\/\/www.kultursidan.nu\/wp-content\/uploads\/2018\/10\/unspecified1-768x512.jpg 768w, https:\/\/www.kultursidan.nu\/wp-content\/uploads\/2018\/10\/unspecified1-1024x683.jpg 1024w, https:\/\/www.kultursidan.nu\/wp-content\/uploads\/2018\/10\/unspecified1-150x100.jpg 150w, https:\/\/www.kultursidan.nu\/wp-content\/uploads\/2018\/10\/unspecified1-500x333.jpg 500w, https:\/\/www.kultursidan.nu\/wp-content\/uploads\/2018\/10\/unspecified1.jpg 1200w\" sizes=\"auto, (max-width: 567px) 100vw, 567px\" \/><br \/>\n<em>M\u00e5nga str\u00e4ngar p\u00e5 sin luta. Stig Jacobsson ber\u00e4ttade om Carl Michael Bellman under h\u00f6stens andra f\u00f6redrag i serien &#8221;D\u00e4r l\u00e5g ett skimmer \u00f6ver Gustavs dagar&#8221;.<\/em><\/p>\n<p>&nbsp;<\/p>\n<h1><span style=\"color: #ff0000;\">Han kunde inte skriva noter<\/span><\/h1>\n<p>&nbsp;<\/p>\n<p>S\u00d6DERK\u00d6PING <strong>&#8221;Bellman \u00e4r st\u00f6rre \u00e4n man tror.&#8221;<\/strong> S\u00e5 l\u00f6d Stig Jacobssons avslutningsreplik sedan han ber\u00e4ttat om skalden, med mera, Carl Michael Bellman p\u00e5 Stinsen i S\u00f6derk\u00f6ping i tisdags kv\u00e4ll.<\/p>\n<p><strong><em>Kretsen kring Bellman<\/em> var rubriken p\u00e5 f\u00f6redraget som ing\u00e5r i serien &#8221;D\u00e4r l\u00e5g ett skimmer \u00f6ver Gustavs dagar&#8221;. <\/strong>Som framg\u00e5r av kv\u00e4llens rubrik, handlade det inte enbart om Bellman utan om kretsen kring honom.<\/p>\n<p>Kretsen bestod av en rad originella personer. M\u00e5nga diktare och musiker, en del existerade i verkligheten, andra var mer eller mindre p\u00e5hittade.<\/p>\n<p><strong>Carl Michael var en lokal k\u00e4ndis i Stockholm redan innan Gustav III kom till makten. <\/strong>Efter den oblodiga statskuppen i augusti 1772 skrev han <em>Gustafs sk\u00e5l<\/em>, en hyllningss\u00e5ng till kungen, som blev f\u00f6rtjust och undrade vem upphovsmannen var.<\/p>\n<p>Kungen gav Bellman en anst\u00e4llning, n\u00e4mligen som sekreterare vid Nummerlotteriet, och hans framtida f\u00f6rs\u00f6rjning var s\u00e4krad.<\/p>\n<p><strong>\u2013 Bellman hade m\u00e5nga str\u00e4ngar p\u00e5 sin luta, som Stig Jacobsson konstaterade.<\/strong><br \/>\n\u2013 Han komponerade musik utan att kunna skriva noter.<\/p>\n<p>Han skrev dikter, s\u00e5nger, epistlar och till och med s\u00e5ngspel. Det mesta \u00e4r bortgl\u00f6mt idag. Men en del av hans s\u00e5nger nynnar vi p\u00e5 \u2013 ibland utan att veta att det \u00e4r Bellman som \u00e4r upphovsmannen.<\/p>\n<p>Ta till exempel <em>Ja m\u00e5 hon leva,<\/em> fast melodin hade andra ord fr\u00e5n b\u00f6rjan. Eller <em>Bj\u00f6rnen sover<\/em> och <em>Gubben Noa,<\/em> som f\u00f6rresten har samma melodi.<\/p>\n<p>&nbsp;<\/p>\n<p><a title=\"Stig Jacobsson \u2013 Kretsen kring Bellman\" href=\"https:\/\/www.flickr.com\/photos\/kultursidan\/45077491701\/in\/album-72157700451831501\/\"><img loading=\"lazy\" decoding=\"async\" src=\"https:\/\/farm2.staticflickr.com\/1924\/45077491701_4a0dc12ea7.jpg\" alt=\"Stig Jacobsson \u2013 Kretsen kring Bellman\" width=\"500\" height=\"324\" \/><\/a><br \/>\n<em>Uppskattat. Stig Jacobsson visar bilder och spelar musik f\u00f6r publiken p\u00e5 Stinsen.<\/em><\/p>\n<p>&nbsp;<\/p>\n<p><strong>Det mest k\u00e4nda \u00e4r kanske \u00e4nd\u00e5 &#8221;Fredmans epistlar&#8221;.<\/strong> Bellman hade t\u00e4nkt att det skulle bli hundra, men s\u00e5 m\u00e5nga blev det inte, det blev 82.<\/p>\n<p>Texterna handlar om Fredman, som i verkligheten var en framg\u00e5ngsrik urmakare och aff\u00e4rsman som av olika anledningar hamnade bland stadens a-lagare. F\u00f6ga anade han att hans namn skulle leva vidare i en rad s\u00e5ngtexter.<\/p>\n<p>De handlar om Ulla Winblad som i verkliga livet hette Maria Kristina Kiellstr\u00f6m och var en gift fabriksarbeterska som inte gillade Bellmans &#8221;fula visor&#8221; om henne. Corporal Mollberg var ryttare vid livregementet men blev aldrig korpral och Fader Movitz, som i epistlarna trakterar de flesta instrument, l\u00e4mnade bara efter sig en basfiol.<\/p>\n<p><strong>Stig Jacobsson visade bilder och m\u00e5lningar &#8221;fr\u00e5n tiden&#8221;.<\/strong> Och vi fick lyssna till en myckenhet musik, s\u00e5dan som inte framf\u00f6rs s\u00e5 ofta.\u00a0 Som Fredmans s\u00e5ng nr 26 <em>D\u00e4rutinnan\u00a0 beskrives hans egen begravning.<\/em><\/p>\n<p>Mycket \u00e4r sorgligt, som <em>Farv\u00e4l mitt k\u00e4ra barn.<\/em> En sorges\u00e5ng \u00f6ver sonen Elis, f\u00f6dd som nummer tv\u00e5 av Bellmans och hans hustru Lovisas fyra barn. Elis dog i kopporna som tv\u00e5\u00e5ring.<\/p>\n<p>B\u00e5de till den texten och till <em>Mozarts d\u00f6d<\/em> komponerades musiken av tons\u00e4ttaren Joseph Martin Kraus, \u00e4ven han en i kretsen kring Gustav III.<\/p>\n<p>\u2013 F\u00f6rmodligen har de tv\u00e5 sett en notis i Stockholmsposten om att Wolfgang Amadeus Mozart avlidit i Wien, s\u00e4ger Stig Jacobsson.<\/p>\n<p><strong>Mycket intressant fick vi i publiken veta \u00e4ven vid detta musikk\u00e5seri.<\/strong> Om vi gl\u00f6mmer en del s\u00e5 har vi det p\u00e5 papper. Som vanligt delade f\u00f6redragsh\u00e5llaren ut ett genomarbetat bakgrundsmaterial, denna g\u00e5ng om gestalterna som f\u00f6rekommer i Fredmans epistlar. Tack f\u00f6r det.<\/p>\n<p>N\u00e4sta f\u00f6redrag i serien har titeln <em>Hovkapellet<\/em> och handlar om Kungliga Hovkapellet i Stockholm som grundades 1526 och som idag \u00e4r den \u00e4ldsta orkestern i v\u00e4rlden.<\/p>\n<p><em>\u00a9 Text: Bibi Friedrichsen<br \/>\n\u00a9 Foto: Boy Svedberg<\/em><\/p>\n<blockquote>\n<h4>STINSEN S\u00f6derk\u00f6ping<\/h4>\n<p>H\u00f6sten 2018 kl 17.30<br \/>\n<strong>D\u00e4r l\u00e5g ett skimmer \u00f6ver Gustavs dagar<\/strong><br \/>\nMusikk\u00e5serier<br \/>\nStig Jacobsson<br \/>\nArr: S\u00f6derk\u00f6pings Kulturkontor samt Folkuniversitetet<\/p>\n<p style=\"padding-left: 30px;\">18 september<br \/>\n<strong>Den gustavianska operan<\/strong><\/p>\n<p>2 oktober<br \/>\n<strong>Kretsen kring Bellman<\/strong><\/p>\n<p style=\"padding-left: 30px;\">23 oktober<br \/>\n<strong>Hovkapellet<\/strong><\/p>\n<p style=\"padding-left: 30px;\">20 november<br \/>\n<strong>Slutet p\u00e5 en guld\u00e5lder<\/strong><\/p>\n<\/blockquote>\n<p>L\u00c4NKAR<br \/>\nS\u00f6derk\u00f6pings kommun \/Kulturkontoret <a href=\"http:\/\/www.soderkoping.se\/kultur-fritid\/kultur\/\" target=\"_blank\" rel=\"noopener\">hemsida<\/a> <a href=\"https:\/\/www.facebook.com\/soderkopingskommun\/\" target=\"_blank\" rel=\"noopener\">Facebook<\/a><br \/>\nStig Jacobsson om svensk guld\u00e5lder <a href=\"https:\/\/www.kultursidan.nu\/?p=38177\" target=\"_blank\" rel=\"noopener\">reportage<\/a> Kultursidan.nu 19\/9 2018<\/p>\n","protected":false},"excerpt":{"rendered":"<p>S\u00d6DERK\u00d6PING Urmakare Fredman, han med epistlarna. Om honom och andra personer i och utanf\u00f6r den omsjungna v\u00e4nkretsen ber\u00e4ttade Stig Jacobsson i sitt f\u00f6redrag om Carl Michael Bellman p\u00e5 Stinsen. <a class=\"continue-reading-link\" href=\"https:\/\/www.kultursidan.nu\/?p=38360\">L\u00e4s mer <span class=\"meta-nav\">&rarr; <\/span><\/a><\/p>\n","protected":false},"author":1001006,"featured_media":0,"comment_status":"closed","ping_status":"open","sticky":false,"template":"","format":"standard","meta":{"_jetpack_memberships_contains_paid_content":false,"footnotes":""},"categories":[6],"tags":[13],"class_list":["post-38360","post","type-post","status-publish","format-standard","hentry","category-soderkoping","tag-musik"],"jetpack_featured_media_url":"","jetpack_sharing_enabled":true,"_links":{"self":[{"href":"https:\/\/www.kultursidan.nu\/index.php?rest_route=\/wp\/v2\/posts\/38360","targetHints":{"allow":["GET"]}}],"collection":[{"href":"https:\/\/www.kultursidan.nu\/index.php?rest_route=\/wp\/v2\/posts"}],"about":[{"href":"https:\/\/www.kultursidan.nu\/index.php?rest_route=\/wp\/v2\/types\/post"}],"author":[{"embeddable":true,"href":"https:\/\/www.kultursidan.nu\/index.php?rest_route=\/wp\/v2\/users\/1001006"}],"replies":[{"embeddable":true,"href":"https:\/\/www.kultursidan.nu\/index.php?rest_route=%2Fwp%2Fv2%2Fcomments&post=38360"}],"version-history":[{"count":2,"href":"https:\/\/www.kultursidan.nu\/index.php?rest_route=\/wp\/v2\/posts\/38360\/revisions"}],"predecessor-version":[{"id":38363,"href":"https:\/\/www.kultursidan.nu\/index.php?rest_route=\/wp\/v2\/posts\/38360\/revisions\/38363"}],"wp:attachment":[{"href":"https:\/\/www.kultursidan.nu\/index.php?rest_route=%2Fwp%2Fv2%2Fmedia&parent=38360"}],"wp:term":[{"taxonomy":"category","embeddable":true,"href":"https:\/\/www.kultursidan.nu\/index.php?rest_route=%2Fwp%2Fv2%2Fcategories&post=38360"},{"taxonomy":"post_tag","embeddable":true,"href":"https:\/\/www.kultursidan.nu\/index.php?rest_route=%2Fwp%2Fv2%2Ftags&post=38360"}],"curies":[{"name":"wp","href":"https:\/\/api.w.org\/{rel}","templated":true}]}}