{"id":38449,"date":"2018-10-09T14:35:53","date_gmt":"2018-10-09T13:35:53","guid":{"rendered":"https:\/\/intelligent-friend-7861.standoutwp.com\/?p=38449"},"modified":"2018-10-09T14:35:53","modified_gmt":"2018-10-09T13:35:53","slug":"mets-aida-inledde-hostens-live-pa-bio","status":"publish","type":"post","link":"https:\/\/www.kultursidan.nu\/?p=38449","title":{"rendered":"Mets Aida inledde h\u00f6stens Live p\u00e5 Bio"},"content":{"rendered":"<p><img loading=\"lazy\" decoding=\"async\" class=\"alignnone size-medium wp-image-38450\" src=\"https:\/\/www.kultursidan.nu\/wp-content\/uploads\/2018\/10\/Aida-Luxortempelt-567x325.jpg\" alt=\"\" width=\"567\" height=\"325\" srcset=\"https:\/\/www.kultursidan.nu\/wp-content\/uploads\/2018\/10\/Aida-Luxortempelt-567x325.jpg 567w, https:\/\/www.kultursidan.nu\/wp-content\/uploads\/2018\/10\/Aida-Luxortempelt-768x440.jpg 768w, https:\/\/www.kultursidan.nu\/wp-content\/uploads\/2018\/10\/Aida-Luxortempelt-1024x587.jpg 1024w, https:\/\/www.kultursidan.nu\/wp-content\/uploads\/2018\/10\/Aida-Luxortempelt-150x86.jpg 150w, https:\/\/www.kultursidan.nu\/wp-content\/uploads\/2018\/10\/Aida-Luxortempelt.jpg 1200w\" sizes=\"auto, (max-width: 567px) 100vw, 567px\" \/><br \/>\n<em>Storslaget. General Radam\u00e8s int\u00e5g. Metropolitan tycks ha lyft templet i Luxor till New York.<\/em><\/p>\n<p>&nbsp;<\/p>\n<h1><span style=\"color: #ff0000;\">Anna Netrebko sista divan?<\/span><\/h1>\n<p>&nbsp;<\/p>\n<p>RECENSION\/ NORRK\u00d6PING <strong>En diva ur tiden. En diva p\u00e5 scenen.<\/strong> Ryska sopranen Anna Netrebko sj\u00f6ng titelrollen i Verdis <em>Aida<\/em> p\u00e5 Metropolitans scen i l\u00f6rdags. H\u00f6stens premi\u00e4r f\u00f6r direkts\u00e4nda Live p\u00e5 Bio.<\/p>\n<p><strong>V\u00e4rldens kanske st\u00f6rsta operas\u00e5ngerska genom tiderna, divan \u2013 den gudomliga \u2013 Montserrat Caball\u00e9, dog i helgen.<\/strong> I den m\u00e5n en gammaldags \u201ddiva\u201d finns kvar i v\u00e4rlden \u00e4r det ryskan Anna Netrebko, som givetvis sjunger premi\u00e4rer p\u00e5 v\u00e4rldens st\u00f6rsta och b\u00e4sta operascen \u2013 Metropolitan Opera i New York.<\/p>\n<p>\u00c4ven om Anna \u00e4r en \u201dklassisk\u201d diva i m\u00e5nga avseenden med kontroversiella och ibland motbjudande \u00e5sikter, ett imponerande yttre och en enorm sj\u00e4lvs\u00e4kerhet \u00e4r hon ocks\u00e5 modern och l\u00e4gger dagligen ut en massa bilder p\u00e5 Instagram samt har flera fanklubbar p\u00e5 Facebook.<\/p>\n<p>&nbsp;<\/p>\n<p><a title=\"Aida\" href=\"https:\/\/www.flickr.com\/photos\/kultursidan\/30262633517\/in\/album-72157696377179040\/\"><img loading=\"lazy\" decoding=\"async\" src=\"https:\/\/farm2.staticflickr.com\/1950\/30262633517_b6d2a2ec4f.jpg\" alt=\"Aida\" width=\"333\" height=\"500\" \/><\/a><br \/>\n<em>In i d\u00f6den. Radam\u00e8s och Aida i det sv\u00e5ra valet mellan plikten mot nationen och k\u00e4rleken. I rollerna Alexandrs Antonenko och Anna Netrebko.<br \/>\n<\/em><\/p>\n<p>&nbsp;<\/p>\n<p><strong>Mot sig i rollen som etiopiska prinsessan, numera slavinnan Aida har hon dock en kl\u00e4md och pressad tenor med fult slagvibrato i Aleksandrs Antonenkos general Radam\u00e8s.<\/strong> Han \u00e4r \u00e4nd\u00e5 passabel i n\u00e5gra av de k\u00e4nsligaste scenerna, d\u00e5 tyv\u00e4rr pinsamt nog s\u00e4ndningen ofta krackelerade (\u201dbad or no signal\u201d).<\/p>\n<p>Faraos dotter Amneris, Aidas h\u00e4rskarinna, l\u00e4t oftast bra men tenderade att f\u00f6rs\u00f6ka \u00f6verskrida sina r\u00f6stresurser, helt i on\u00f6dan d\u00e5 Anita Rachvelishvili har en stor r\u00f6st. B\u00e4st rent vokalt var kanske \u00f6verstepr\u00e4sten Ramfis, Dmitry Belosselskij.<\/p>\n<p><strong>Lite m\u00e4rkligt \u00e4r det att Anna Netbebko som Aida fortfarande \u00e4r sminkad till afrikanska.<\/strong> Nu \u00e4r hon f\u00f6rst\u00e5s som etiopisk prinsessa \u201dmer svart\u201d \u00e4n nordafrikanen Otello d\u00e4r man slutat med \u201df\u00e4rgningen\u201d. F\u00f6r en g\u00e5ngs skull kanske Met skulle m\u00e5 bra av mer \u201dpolitisk korrekthet\u201d. Anna ser mer ut som en rysk turist som legat f\u00f6r l\u00e4nge p\u00e5 Solkusten \u00e4n som \u201didiomatisk\u201d i sin roll.<\/p>\n<p>&nbsp;<\/p>\n<p><a title=\"Aida\" href=\"https:\/\/www.flickr.com\/photos\/kultursidan\/31327709088\/in\/album-72157696377179040\/\"><img loading=\"lazy\" decoding=\"async\" src=\"https:\/\/farm2.staticflickr.com\/1905\/31327709088_0434a0eed3.jpg\" alt=\"Aida\" width=\"333\" height=\"500\" \/><\/a><br \/>\n<em>Perspektiv. Faraos dotter Amneris sj\u00f6ngs av Anita Rachvelishvili.<\/em><\/p>\n<p>&nbsp;<\/p>\n<p><strong>M\u00e5nga sceniska effekter, bland annat i den klassiska Triumfscenen, var riktigt h\u00e4ftiga och enormt p\u00e5kostade.<\/strong> De intima scenerna fungerade ocks\u00e5 trots att hj\u00e4lten saknade all s\u00f6tma i r\u00f6sten. Det var \u00e4nd\u00e5 p\u00e5 det stora hela en \u00f6vertygande premi\u00e4r fr\u00e5n operans v\u00e4rldsledare Metropolitan.<\/p>\n<p><strong>L\u00f6rdagens upps\u00e4ttning av <em>Aida<\/em> direkts\u00e4ndes till biografer runt om i v\u00e4rlden.<\/strong> H\u00e4r i Sverige genom Folkets Hus och parker till bland annat Cnema i Norrk\u00f6ping och Folkan Bio i Gusum. (Lilla teatern i Norrk\u00f6ping har lagt ner den sidan av sin verksamhet.)<\/p>\n<p><em>\u00a9 Text: Lars Henriksson<br \/>\n\u00a9 Foto: Metropolitan Opera<\/em><\/p>\n<blockquote>\n<h4>CNEMA Norrk\u00f6ping<\/h4>\n<p>6 oktober 2018<br \/>\n<strong>Aida<\/strong><br \/>\nOpera<br \/>\nMusik: Guiseppe Verdi<br \/>\nLibretto: Antonio Ghislanzoni<br \/>\nDirigent: Nicola Luisotti<br \/>\nProducent: Sonja Frisell<br \/>\nRegi: Stephen Pickover<br \/>\nLives\u00e4nd fr\u00e5n Metropolitan Opera, New York, via Folkets hus och pParker<\/p>\n<p style=\"padding-left: 30px;\">MEDVERKANDE<br \/>\nAida: Anna Netrebko<br \/>\nRadam\u00e8s: Alexandrs Antonenko<br \/>\nAmneris: Anita Rachvelishvili<br \/>\nAmonasro: Quinn Kelsey<br \/>\nRamfis: Dmitry Belosselskij<br \/>\nFarao: Ryan Speedo Green<br \/>\nSamt Metropolitans k\u00f6r och orkester<\/p>\n<\/blockquote>\n<h4><\/h4>\n<blockquote>\n<h4>Live p\u00e5 Bio<\/h4>\n<p>H\u00f6sten 2018<br \/>\nDirekts\u00e4ndningar och inspelade program via Folkets hus och Parker<\/p>\n<h6 style=\"padding-left: 30px;\">Opera<\/h6>\n<p style=\"padding-left: 30px;\">6 okt <strong>Aida<\/strong> (Met) Cnema\/Gusum<br \/>\n20 okt <strong>Simson och Delila<\/strong> (Met) Cnema\/Gusum<br \/>\n27 okt <strong>Flickan fr\u00e5n Vilda V\u00e4stern<\/strong> (Met) Cnema\/Gusum<br \/>\n10 nov <strong>Marnie<\/strong> (Met) Cnema\/Gusum<br \/>\n1 dec <strong>Rigoletto<\/strong> (Kgl Operan) Cnema<br \/>\n15 dec <strong>La Traviata<\/strong> (Met) Cnema\/Gusum<\/p>\n<h6 style=\"padding-left: 30px;\">Balett<\/h6>\n<p style=\"padding-left: 30px;\">11 nov <strong>Sylfiden<\/strong> (Bolsjoj)<\/p>\n<h6 style=\"padding-left: 30px;\">Musik<\/h6>\n<p style=\"padding-left: 30px;\">14 okt<strong> Cliff Richard Live: 60th Anniversary Tour<\/strong> Gusum 12\/10<br \/>\n17 nov <strong>Jonas Kaufmann \u2013 Under the Stars<\/strong> (Waldb\u00fchne, Berlin) Cnema<br \/>\n29 november <strong>In search of Beethoven \u2013 musikbiografi<\/strong> Cnema<br \/>\n16 dec <strong>Jul i v\u00e5rt hus \u2013 Julkonsert fr\u00e5n G\u00f6teborgs Konserthus<\/strong> Cnema\/Finsp\u00e5ng<br \/>\n27 dec <strong>The Rolling Stones: Ol\u00e9 Ol\u00e9 Ol\u00e9 \u2013 A Trip Across Latin America<\/strong> Cnema<\/p>\n<h6 style=\"padding-left: 30px;\">Konst<\/h6>\n<p style=\"padding-left: 30px;\">3 dec <strong>N\u00e4ckrosor av Monet \u2013 vattnets och ljusets magi<\/strong> Gusum Finsp\u00e5ng 12\/12<br \/>\n11 dec <strong>C\u00e9zanne \u2013 Portraits of a Life<\/strong> Cnema<\/p>\n<h6 style=\"padding-left: 30px;\">\u00d6vrigt<\/h6>\n<p style=\"padding-left: 30px;\">8 okt <strong>Doktor Who: The Woman Who Fell To Earth<\/strong> Cnema<\/p>\n<\/blockquote>\n<p style=\"padding-left: 30px;\">L\u00c4NKAR<br \/>\nGiuseppi Verdi <a href=\"https:\/\/sv.wikipedia.org\/wiki\/Giuseppe_Verdi\" target=\"_blank\" rel=\"noopener\">Wikipedia<\/a>\u00a0<a href=\"https:\/\/sv.wikipedia.org\/wiki\/Aida\" target=\"_blank\" rel=\"noopener\">Aida<\/a><br \/>\nFolkets hus och parker <a href=\"http:\/\/www.fhp.nu\/Hem\/\" target=\"_blank\" rel=\"noopener\">hemsida<\/a> <a href=\"https:\/\/www.facebook.com\/livepabio\/\" target=\"_blank\" rel=\"noopener\">Live p\u00e5 bio\/Facebook<\/a><\/p>\n","protected":false},"excerpt":{"rendered":"<p>RECENSION\/ NORRK\u00d6PING En diva ur tiden. En diva p\u00e5 scenen. Ryska sopranen Anna Netrebko sj\u00f6ng titelrollen i Verdis Aida p\u00e5 Metropolitans scen i l\u00f6rdags. H\u00f6stens premi\u00e4r f\u00f6r direkts\u00e4nda Live p\u00e5 Bio. <a class=\"continue-reading-link\" href=\"https:\/\/www.kultursidan.nu\/?p=38449\">L\u00e4s mer <span class=\"meta-nav\">&rarr; <\/span><\/a><\/p>\n","protected":false},"author":1001006,"featured_media":0,"comment_status":"closed","ping_status":"open","sticky":false,"template":"","format":"standard","meta":{"_jetpack_memberships_contains_paid_content":false,"footnotes":""},"categories":[4,7,10],"tags":[41,14,13,11],"class_list":["post-38449","post","type-post","status-publish","format-standard","hentry","category-finspong","category-norrkoping","category-valdemarsvik","tag-dans","tag-konst","tag-musik","tag-opera"],"jetpack_featured_media_url":"","jetpack_sharing_enabled":true,"_links":{"self":[{"href":"https:\/\/www.kultursidan.nu\/index.php?rest_route=\/wp\/v2\/posts\/38449","targetHints":{"allow":["GET"]}}],"collection":[{"href":"https:\/\/www.kultursidan.nu\/index.php?rest_route=\/wp\/v2\/posts"}],"about":[{"href":"https:\/\/www.kultursidan.nu\/index.php?rest_route=\/wp\/v2\/types\/post"}],"author":[{"embeddable":true,"href":"https:\/\/www.kultursidan.nu\/index.php?rest_route=\/wp\/v2\/users\/1001006"}],"replies":[{"embeddable":true,"href":"https:\/\/www.kultursidan.nu\/index.php?rest_route=%2Fwp%2Fv2%2Fcomments&post=38449"}],"version-history":[{"count":5,"href":"https:\/\/www.kultursidan.nu\/index.php?rest_route=\/wp\/v2\/posts\/38449\/revisions"}],"predecessor-version":[{"id":38455,"href":"https:\/\/www.kultursidan.nu\/index.php?rest_route=\/wp\/v2\/posts\/38449\/revisions\/38455"}],"wp:attachment":[{"href":"https:\/\/www.kultursidan.nu\/index.php?rest_route=%2Fwp%2Fv2%2Fmedia&parent=38449"}],"wp:term":[{"taxonomy":"category","embeddable":true,"href":"https:\/\/www.kultursidan.nu\/index.php?rest_route=%2Fwp%2Fv2%2Fcategories&post=38449"},{"taxonomy":"post_tag","embeddable":true,"href":"https:\/\/www.kultursidan.nu\/index.php?rest_route=%2Fwp%2Fv2%2Ftags&post=38449"}],"curies":[{"name":"wp","href":"https:\/\/api.w.org\/{rel}","templated":true}]}}