{"id":38480,"date":"2018-10-11T15:14:41","date_gmt":"2018-10-11T14:14:41","guid":{"rendered":"https:\/\/intelligent-friend-7861.standoutwp.com\/?p=38480"},"modified":"2018-11-12T19:34:55","modified_gmt":"2018-11-12T18:34:55","slug":"witt-didong-larsson-och-pettersson","status":"publish","type":"post","link":"https:\/\/www.kultursidan.nu\/?p=38480","title":{"rendered":"Witt, Didong, Larsson och Pettersson"},"content":{"rendered":"<p><img loading=\"lazy\" decoding=\"async\" class=\"alignnone size-medium wp-image-38481\" src=\"https:\/\/www.kultursidan.nu\/wp-content\/uploads\/2018\/10\/DSCF2070-567x378.jpg\" alt=\"\" width=\"567\" height=\"378\" srcset=\"https:\/\/www.kultursidan.nu\/wp-content\/uploads\/2018\/10\/DSCF2070-567x378.jpg 567w, https:\/\/www.kultursidan.nu\/wp-content\/uploads\/2018\/10\/DSCF2070-768x512.jpg 768w, https:\/\/www.kultursidan.nu\/wp-content\/uploads\/2018\/10\/DSCF2070-1024x683.jpg 1024w, https:\/\/www.kultursidan.nu\/wp-content\/uploads\/2018\/10\/DSCF2070-150x100.jpg 150w, https:\/\/www.kultursidan.nu\/wp-content\/uploads\/2018\/10\/DSCF2070-500x333.jpg 500w, https:\/\/www.kultursidan.nu\/wp-content\/uploads\/2018\/10\/DSCF2070.jpg 1200w\" sizes=\"auto, (max-width: 567px) 100vw, 567px\" \/><br \/>\n<em>Rotsak. Detalj ur Paola Didongs\u00a0 D\u2019une danse souterraine. Hela den underjordiska dansen kan ses p\u00e5 Galleri Sander p\u00e5 NP33.<\/em><\/p>\n<p>&nbsp;<\/p>\n<h1><span style=\"color: #ff0000;\">Var och en i sitt eget rum<\/span><\/h1>\n<p>&nbsp;<\/p>\n<p>NORRK\u00d6PING <strong>Fr\u00e5n f\u00e5glar p\u00e5 rutiga golv och och fantasifulla skapelser till trolska naturdetaljer och vidstr\u00e4ckta fj\u00e4ll.<\/strong> Fotografen Henrik Witt, grafikern Paola Didong, akvarellisten Emma Larsson och f\u00e5gelm\u00e5laren Johan Pettersson st\u00e4ller ut p\u00e5 NP33.<\/p>\n<p>Johan Pettersson ger rum och abstrakta landskap liv med f\u00e5glar i rum och landskap. Emma Larsson komponerar anade gestalter. Paola Didongs grafik ber\u00e4ttar sagor. Henrik Witt f\u00e5ngades av och f\u00e5ngar sk\u00f6nheten till fj\u00e4lls. Var och en intar sitt eget rum i det stora galleriets bottenv\u00e5ning.<\/p>\n<p>&nbsp;<\/p>\n<p><a title=\"Johan Pettersson \u2013 Hake &amp; skog\" href=\"https:\/\/www.flickr.com\/photos\/kultursidan\/44334878965\/in\/album-72157700746515871\/\"><img loading=\"lazy\" decoding=\"async\" src=\"https:\/\/farm2.staticflickr.com\/1940\/44334878965_e237e0e9a0.jpg\" alt=\"Johan Pettersson \u2013 Hake &amp; skog\" width=\"500\" height=\"333\" \/><\/a><br \/>\n<em>Hake &amp; skog. Johan Pettersson m\u00e5lar in den popul\u00e4ra f\u00e5geln i olika slags landskap, h\u00e4r i skogen d\u00e4r den trivs.<\/em><\/p>\n<p>&nbsp;<\/p>\n<h2>Johan Pettersson<\/h2>\n<p>&nbsp;<\/p>\n<p><strong>Vad \u00e4r det vi ser?<\/strong> Johan Pettersson kombinerar. Hans rum och landskap befolkas av en f\u00e5gel. Rummen \u00e4r rutiga golv som f\u00f6rlorar sig i fj\u00e4rran, eller en yta med en \u00f6verd\u00e5dig rosenbukett. Landskapen skrapade, antydda.<\/p>\n<p><strong>F\u00e5glarna snor \u00e5t sig blicken direkt.<\/strong> R\u00f6dhaken tycks vara ett favoritobjekt, n\u00e5gra skator tittar upp fr\u00e5n sin svagt nyanserade f\u00e4rgbakgrund. Den st\u00f6rsta f\u00e5geln \u00e4r dock en knubbig pilfink p\u00e5 ett rutigt golv. Men varf\u00f6r har alla f\u00e5glar f\u00f6rkortade stj\u00e4rtar och stora ben? Gulliga juveniler, fast i vuxen dr\u00e4kt.<\/p>\n<p>&nbsp;<\/p>\n<p><a title=\"Emma Larsson\" href=\"https:\/\/www.flickr.com\/photos\/kultursidan\/45245354011\/in\/album-72157702100933014\/\"><img loading=\"lazy\" decoding=\"async\" src=\"https:\/\/farm2.staticflickr.com\/1976\/45245354011_57fa697aa1.jpg\" alt=\"Emma Larsson\" width=\"500\" height=\"333\" \/><\/a><br \/>\n<em>Tolkningsbart. Emma Larssons fantasifulla akvarellm\u00e5leri bygger intressanta kompositioner.<\/em><\/p>\n<p>&nbsp;<\/p>\n<h2>Emma Larsson<\/h2>\n<p>&nbsp;<\/p>\n<p><strong>Signaturen EL v\u00e4nder E:et bakochfram.<\/strong> Inga titlar, inte ens Utan titel. Akvarell och tusch p\u00e5 papper. Kompositioner av knappt antydda figurer i skiftande f\u00e4rgst\u00e4llningar, fr\u00e5n nedtonat till uppraffat.<\/p>\n<p><strong>En outsinlig fantasi.<\/strong> Huruvida den \u00e4r lekfull v\u00e4rld f\u00f6r en prinsessa eller en skr\u00e4ckfylld v\u00e4rld om natten ligger\u2026<\/p>\n<p>\u2026i betraktarens \u00f6ga. Men om n\u00e5got \u00e5terkommer bland dessa eventuella djur, v\u00e4xter, fiskar, m\u00e4n, kvinnor s\u00e5 \u00e4r det \u00f6gon.<\/p>\n<p>&nbsp;<\/p>\n<p><a title=\"Paola Didong\" href=\"https:\/\/www.flickr.com\/photos\/kultursidan\/43432331610\/in\/album-72157702300808085\/\"><img loading=\"lazy\" decoding=\"async\" src=\"https:\/\/farm2.staticflickr.com\/1961\/43432331610_c3392ea27f.jpg\" alt=\"Paola Didong\" width=\"500\" height=\"333\" \/><\/a><br \/>\n<em>Fortk\u00f6rare. Eller bara en ruttnande tr\u00e4drot d\u00e4r nytt liv gror i Paola Didongs naturromantiska grafik? &#8221;Repousses&#8221; \u00e4r franska f\u00f6r &#8221;\u00e5terv\u00e4xt&#8221;.<\/em><\/p>\n<p>&nbsp;<\/p>\n<h2>Paola Didong<\/h2>\n<p>&nbsp;<\/p>\n<p><strong>Paola Didong har \u00e5terv\u00e4nt till Vikbolandet efter sina m\u00e5nga \u00e5r i Paris.<\/strong> Naturen har hon inp\u00e5 knutarna, \u00e5tminstone i sin uts\u00f6kta sepiaf\u00e4rgade grafik. Spr\u00e5ket tar hon med sig, titlarna \u00e4r p\u00e5 franska.<\/p>\n<p>Bilderna tycks s\u00f6kta ur tomtars och trolls rike. En ruttnande tr\u00e4dstam som tagits \u00f6ver av svampar och l\u00e4mnar fartr\u00e4nder i sin framfart. En rot som slingrar sig om en annan p\u00e5 v\u00e4g ned\u00e5t mot de m\u00f6rka djupen. Ur rotstocken mot ljuset i <em>D\u2019une danse souterraine<\/em>, f\u00e5ngar det som spirar upp\u00e5t med f\u00f6tter i r\u00f6tter. Spretar de inte lite glatt?<\/p>\n<p><strong>Om det nu \u00e4r skogen.<\/strong> De organiska m\u00f6nstren som vrids och myllrar kan lika g\u00e4rna h\u00f6ra hemma i en mikrov\u00e4rld. Och vad best\u00e5r den stolta p\u00e5f\u00e5geln av egentligen?<\/p>\n<p>&nbsp;<\/p>\n<p><a title=\"Henrik Witt \u2013 Rahpa\u00e4dno, Sarek\" href=\"https:\/\/www.flickr.com\/photos\/kultursidan\/43432378590\/in\/album-72157674373728868\/\"><img loading=\"lazy\" decoding=\"async\" src=\"https:\/\/farm2.staticflickr.com\/1946\/43432378590_44e1740e29.jpg\" alt=\"Henrik Witt \u2013 Rahpa\u00e4dno, Sarek\" width=\"500\" height=\"333\" \/><\/a><br \/>\n<em>Rahpa\u00e4dnos vattendelta. Sarek \u00e4r en or\u00f6rd nationalpark och ska s\u00e5 f\u00f6rbli. Hit g\u00e5r inga v\u00e4gar. Helikoptrar f\u00e5r inte landa d\u00e4r, eller ens flyga \u00f6ver.<\/em><\/p>\n<p>&nbsp;<\/p>\n<h2>Henrik Witt<\/h2>\n<p>&nbsp;<\/p>\n<p><strong>\u2013 Jag har skrivit alla politionsangivelser p\u00e5 samiska. <\/strong>Fotografen Henrik Witt m\u00f6ter upp en m\u00e5ndag. Hans foton h\u00e4nger i det svarta galleriet l\u00e4ngst in bortom ramverkstan. Utst\u00e4llningen kan enkelt delas upp i tre \u2013 fj\u00e4llens storslagna sk\u00f6nhet, att g\u00e5 p\u00e5 tur, kameralek.<\/p>\n<p><strong>Fj\u00e4llen \u00e4r en gammal k\u00e4rlek.<\/strong> Henrik blev neddragen till nationalparken Sarek som ung och v\u00e4nkretsen \u00e5terv\u00e4nde g\u00e4rna ett par g\u00e5nger om \u00e5ret. Under sm\u00e5barns\u00e5ren blev det uppeh\u00e5ll men sedan \u00e5terv\u00e4nde han. Om och om igen.<\/p>\n<p>\u2013 F\u00f6r att kunna \u00e5ka m\u00e5ste jag ha ett jobb.<\/p>\n<p>Allts\u00e5 fotograferar han f\u00f6r naturtidningar. Henrik f\u00f6rs\u00e4krar att han fortfarande kan se sk\u00f6nheten. Fj\u00e4llandskapet f\u00f6r\u00e4ndras \u00e5ret om, fr\u00e5n v\u00e5rvinterns karghet till h\u00f6stens l\u00e5gande f\u00e4rger.<\/p>\n<p><strong>Om de l\u00e5ngsiktiga f\u00f6r\u00e4ndringarna talar han mer l\u00e5gm\u00e4lt.<\/strong> Jag m\u00e5ste fr\u00e5ga: Vad kom klimatforskarna, som han f\u00f6ljde n\u00e4r de m\u00e4tte sn\u00f6djupet i Kebnekaises n\u00e4rhet, fram till?<\/p>\n<p>\u2013 Det h\u00e4nder s\u00e5 extremt mycket extremt fort, f\u00e5r han till sist ur sig.<\/p>\n<p>Han ber\u00e4ttar om Isfallsglaci\u00e4ren i Tarfaladalen d\u00e4r han \u00e5kte skidor s\u00e5 sent som f\u00f6rra \u00e5ret. Nyligen rasade glaci\u00e4rens tunga 60 meter, den som str\u00e4ckt sig \u00e4nda ner till sj\u00f6n under tidigt 1900-tal. De rynkiga fj\u00e4llkedjorna med Kebnekajses tv\u00e5 toppar st\u00e5r alltmer nakna.<\/p>\n<p>&nbsp;<\/p>\n<p><a title=\"Henrik Witt \u2013 Arkadien # 13 \u2013 G\u00e1idumjaure\" href=\"https:\/\/www.flickr.com\/photos\/kultursidan\/43432378790\/in\/album-72157674373728868\/\"><img loading=\"lazy\" decoding=\"async\" src=\"https:\/\/farm2.staticflickr.com\/1934\/43432378790_15456d56ee.jpg\" alt=\"Henrik Witt \u2013 Arkadien # 13 \u2013 G\u00e1idumjaure\" width=\"500\" height=\"333\" \/><\/a><br \/>\n<em>G\u00e1idumjaure. Bilden ing\u00e5r i serien Arkadien, den d\u00e4r Henrik Witt leker med kamerafilmen.<\/em><\/p>\n<p>&nbsp;<\/p>\n<p><strong>Kameralekens syfte \u00e4r just det.<\/strong> Att slippa sitt professionella kunnande, att ge slumpen utrymme. En \u201dplastkamera\u201d laddad med film i storformat som kan vridas fram som det faller sig.<\/p>\n<p>\u2013 Dubbelexponering! Och h\u00e4r har jag vridit mig runt upp mot tr\u00e4det.<\/p>\n<p>Den framvridna filmen blir till breda med l\u00e5ga bilder som blir fixpunkter i rummet. Gl\u00f6dande h\u00f6stbj\u00f6rkar, fast det \u00e4r nog bara en eller tv\u00e5, b\u00e5de st\u00e5r upp och ligger ner. Ett fj\u00e4llvatten f\u00f6rskjuts g\u00e5ng efter annan, samma tr\u00e4d, samma stenar, samma kr\u00f6k. En tredje bild g\u00e5r fr\u00e5n det abstrakta f\u00e5ngandet av vattnets och himlens ljus mot bergens massiva m\u00f6rker till vilan i det avfotograferade n\u00e4r kameran till\u00e5tits stanna upp.<\/p>\n<p><strong>G\u00e5 p\u00e5 tur.<\/strong> Stadiga k\u00e4ngor mot uppfloffande sn\u00f6. Skidstavar i motljus. Kl\u00e4der p\u00e5 tork i taniga fj\u00e4llbj\u00f6rkar. Alla dessa fj\u00e4llb\u00e4ckar och sm\u00e5 vattenfall.<\/p>\n<p>\u2013 Jag tror jag ska visa serien under &#8221;Spegla&#8221;, d\u00e5 ska vi vara i Garaget, s\u00e4ger Henrik Witt och pekar ut\u00e5t till.<\/p>\n<p><em>\u00a9 Text och foto: Ann-Charlotte Sandelin<\/em><\/p>\n<p>HENRIK WITT \u2013 BILDSPEL \u2013 KLICKA P\u00c5 BILDENS PILAR<\/p>\n<p><a data-flickr-embed='true' href='https:\/\/www.flickr.com\/photos\/kultursidan\/sets\/72157674373728868' title='Henrik Witt, Galleri Sander\/NP33 2018 by Kultursidan, on Flickr'><img src='https:\/\/live.staticflickr.com\/1974\/43432379100_816b7fdeeb_z.jpg' width='800' height='600' alt='Henrik Witt st\u00e4ller ut p\u00e5 NP33'><\/a><script async src='https:\/\/embedr.flickr.com\/assets\/client-code.js' charset='utf-8'><\/script><\/p>\n<p>PAOLA DIDONG \u2013 BILDSPEL \u2013 KLICKA P\u00c5 BILDENS PILAR<\/p>\n<p><a data-flickr-embed='true' href='https:\/\/www.flickr.com\/photos\/kultursidan\/sets\/72157702300808085' title='Paola Didong, Galleri Sander\/NP33 2018 by Kultursidan, on Flickr'><img src='https:\/\/live.staticflickr.com\/1963\/43432331720_5477320fde_z.jpg' width='800' height='600' alt='Paola Didong'><\/a><script async src='https:\/\/embedr.flickr.com\/assets\/client-code.js' charset='utf-8'><\/script><\/p>\n<p>EMMA LARSSON \u2013 BILDSPEL \u2013 KLICKA P\u00c5 BILDENS PILAR<\/p>\n<p><a data-flickr-embed='true' href='https:\/\/www.flickr.com\/photos\/kultursidan\/sets\/72157702100933014' title='Emma Larsson, Galleri Sander\/NP33 2018 by Kultursidan, on Flickr'><img src='https:\/\/live.staticflickr.com\/1976\/44334735115_9b0d49deac_z.jpg' width='800' height='600' alt='Emma Larsson'><\/a><script async src='https:\/\/embedr.flickr.com\/assets\/client-code.js' charset='utf-8'><\/script><\/p>\n<p>JOHAN PETTERSSON \u2013 BILDSPEL \u2013 KLICKA P\u00c5 BILDENS PILAR<\/p>\n<p><a data-flickr-embed='true' href='https:\/\/www.flickr.com\/photos\/kultursidan\/sets\/72157700746515871' title='Johan Pettersson, Galleri Sander\/NP33 2018 by Kultursidan, on Flickr'><img src='https:\/\/live.staticflickr.com\/1955\/31371615648_db97c727e5_z.jpg' width='800' height='600' alt='Johan Pettersson'><\/a><script async src='https:\/\/embedr.flickr.com\/assets\/client-code.js' charset='utf-8'><\/script><\/p>\n<blockquote>\n<h4>GALLERI SANDER\/NP33 Norrk\u00f6ping<\/h4>\n<p>H\u00f6sten 2018<\/p>\n<p>29 september \u2013 13 oktober 2018<br \/>\n<strong>Henrik Witt<\/strong><br \/>\nFotografi<br \/>\n<strong>Paola Didong<\/strong><br \/>\nGrafik<br \/>\n<strong>Emma Larsson<\/strong><br \/>\nAkvarell och tusch<br \/>\n<strong>Johan Pettersson<\/strong><br \/>\nM\u00e5leri<\/p>\n<p style=\"padding-left: 30px;\">19\u201321 oktober 2018<br \/>\n<strong>SPEGLA \u2013 fotografiska dagar<\/strong><br \/>\n<strong>Francois Gillet, Katarina Grip Ho\u0308o\u0308k, Aron Mattson,<\/strong><br \/>\n<strong>Zara Carpenter, Johanna Syre\u0301n, Simon Johansson, Therese Ban<br \/>\n<\/strong><em>Samt en rad lokala yrkesfotografer och fotoklubbar<\/em><\/p>\n<p style=\"padding-left: 30px;\">10\u201325 november 2018<em><strong><br \/>\n<\/strong><\/em><strong>Jens Ferm<br \/>\n<\/strong><em>M\u00e5leri<\/em><\/p>\n<div style=\"padding-left: 30px;\">1\u201320 december 2018<strong><br \/>\n<\/strong><\/div>\n<div style=\"padding-left: 30px;\"><strong>Samlingsutst\u00e4llning<\/strong><\/div>\n<\/blockquote>\n<p>L\u00c4NKAR<br \/>\nHenrik Witt <a href=\"http:\/\/www.henrikwitt.se\" target=\"_blank\" rel=\"noopener\">hemsida<\/a><br \/>\nPaola Didong <a href=\"http:\/\/www.paoladidong.com\/index.php\/sv\/\" target=\"_blank\" rel=\"noopener\">hemsida<\/a><br \/>\nJohan Pettersson <a href=\"http:\/\/www.johanpetterson.se\" target=\"_blank\" rel=\"noopener\">hemsida<\/a><br \/>\nGalleri Sander\/NP33 <a href=\"http:\/\/www.np33.se\" target=\"_blank\" rel=\"noopener\">hemsida<\/a> <a href=\"https:\/\/www.facebook.com\/np33.se?fref=ts\" target=\"_blank\" rel=\"noopener\">Facebook<\/a><\/p>\n","protected":false},"excerpt":{"rendered":"<p>NORRK\u00d6PING Fr\u00e5n f\u00e5glar p\u00e5 rutiga golv och och fantasifulla skapelser till trolska naturdetaljer och vidstr\u00e4ckta fj\u00e4ll. Fotografen Henrik Witt, grafikern Paola Didong, akvarellisten Emma Larsson och f\u00e5gelm\u00e5laren Johan Pettersson st\u00e4ller ut p\u00e5 NP33. <a class=\"continue-reading-link\" href=\"https:\/\/www.kultursidan.nu\/?p=38480\">L\u00e4s mer <span class=\"meta-nav\">&rarr; <\/span><\/a><\/p>\n","protected":false},"author":1001006,"featured_media":0,"comment_status":"closed","ping_status":"open","sticky":false,"template":"","format":"standard","meta":{"_jetpack_memberships_contains_paid_content":false,"footnotes":""},"categories":[7],"tags":[17,14],"class_list":["post-38480","post","type-post","status-publish","format-standard","hentry","category-norrkoping","tag-foto","tag-konst"],"jetpack_featured_media_url":"","jetpack_sharing_enabled":true,"_links":{"self":[{"href":"https:\/\/www.kultursidan.nu\/index.php?rest_route=\/wp\/v2\/posts\/38480","targetHints":{"allow":["GET"]}}],"collection":[{"href":"https:\/\/www.kultursidan.nu\/index.php?rest_route=\/wp\/v2\/posts"}],"about":[{"href":"https:\/\/www.kultursidan.nu\/index.php?rest_route=\/wp\/v2\/types\/post"}],"author":[{"embeddable":true,"href":"https:\/\/www.kultursidan.nu\/index.php?rest_route=\/wp\/v2\/users\/1001006"}],"replies":[{"embeddable":true,"href":"https:\/\/www.kultursidan.nu\/index.php?rest_route=%2Fwp%2Fv2%2Fcomments&post=38480"}],"version-history":[{"count":4,"href":"https:\/\/www.kultursidan.nu\/index.php?rest_route=\/wp\/v2\/posts\/38480\/revisions"}],"predecessor-version":[{"id":38993,"href":"https:\/\/www.kultursidan.nu\/index.php?rest_route=\/wp\/v2\/posts\/38480\/revisions\/38993"}],"wp:attachment":[{"href":"https:\/\/www.kultursidan.nu\/index.php?rest_route=%2Fwp%2Fv2%2Fmedia&parent=38480"}],"wp:term":[{"taxonomy":"category","embeddable":true,"href":"https:\/\/www.kultursidan.nu\/index.php?rest_route=%2Fwp%2Fv2%2Fcategories&post=38480"},{"taxonomy":"post_tag","embeddable":true,"href":"https:\/\/www.kultursidan.nu\/index.php?rest_route=%2Fwp%2Fv2%2Ftags&post=38480"}],"curies":[{"name":"wp","href":"https:\/\/api.w.org\/{rel}","templated":true}]}}