{"id":38560,"date":"2018-10-15T10:22:27","date_gmt":"2018-10-15T09:22:27","guid":{"rendered":"https:\/\/intelligent-friend-7861.standoutwp.com\/?p=38560"},"modified":"2018-10-15T10:22:27","modified_gmt":"2018-10-15T09:22:27","slug":"eva-bostrom-lovisa-lesse-pa-radhuset","status":"publish","type":"post","link":"https:\/\/www.kultursidan.nu\/?p=38560","title":{"rendered":"Eva Bostr\u00f6m &#038; Lovisa Lesse p\u00e5 R\u00e5dhuset"},"content":{"rendered":"<p><img loading=\"lazy\" decoding=\"async\" class=\"alignnone size-medium wp-image-38561\" src=\"https:\/\/www.kultursidan.nu\/wp-content\/uploads\/2018\/10\/2M8A2392-567x381.jpg\" alt=\"\" width=\"567\" height=\"381\" srcset=\"https:\/\/www.kultursidan.nu\/wp-content\/uploads\/2018\/10\/2M8A2392-567x381.jpg 567w, https:\/\/www.kultursidan.nu\/wp-content\/uploads\/2018\/10\/2M8A2392-768x516.jpg 768w, https:\/\/www.kultursidan.nu\/wp-content\/uploads\/2018\/10\/2M8A2392-1024x688.jpg 1024w, https:\/\/www.kultursidan.nu\/wp-content\/uploads\/2018\/10\/2M8A2392-150x101.jpg 150w, https:\/\/www.kultursidan.nu\/wp-content\/uploads\/2018\/10\/2M8A2392-496x333.jpg 496w, https:\/\/www.kultursidan.nu\/wp-content\/uploads\/2018\/10\/2M8A2392.jpg 1200w\" sizes=\"auto, (max-width: 567px) 100vw, 567px\" \/><br \/>\n<em>Utsnitt. Eva Bostr\u00f6ms fulsnygga hund i gicl\u00e9e-teknik charmar p\u00e5 utst\u00e4llningen i Galleri R\u00e5dhuset i S\u00f6derk\u00f6ping.<\/em><\/p>\n<p>&nbsp;<\/p>\n<h1><span style=\"color: #ff0000;\">Fr\u00e5n kossor till tuppar<\/span><\/h1>\n<p>&nbsp;<\/p>\n<p>S\u00d6DERK\u00d6PING <strong>S\u00f6derk\u00f6pings konstf\u00f6renings oktoberutst\u00e4llning g\u00e5r i naturens tecken.<\/strong> Djur, gr\u00f6nsaker, frukter och blommor pryder v\u00e4ggarna i de tre visningsrummen i Galleri R\u00e5dhuset.<\/p>\n<p>Konstn\u00e4rerna Eva Bostr\u00f6m och Lovisa Lesse delar p\u00e5 utrymmet.\u00a0Den gemensamma n\u00e4mnaren djur och natur f\u00f6renar dem.\u00a0Uttrycksmedlen skiljer dem \u00e5t.<\/p>\n<p>&nbsp;<\/p>\n<p><a title=\"Kohuvud i gicl\u00e9e-teknik. Eva Bostr\u00f6m presenterar den som nordtysk Hohenzollernras.\" href=\"https:\/\/www.flickr.com\/photos\/kultursidan\/43518010500\/in\/album-72157674511028498\/\"><img loading=\"lazy\" decoding=\"async\" src=\"https:\/\/farm2.staticflickr.com\/1926\/43518010500_6144286949.jpg\" alt=\"Kohuvud i gicl\u00e9e-teknik. Eva Bostr\u00f6m presenterar den som nordtysk Hohenzollernras.\" width=\"500\" height=\"341\" \/><\/a><br \/>\n<em>Kohuvud i gicl\u00e9e-teknik. Eva Bostr\u00f6m presenterar den som nordtysk Hohenzollernras.<\/em><\/p>\n<p>&nbsp;<\/p>\n<h2>Eva Bostr\u00f6m<\/h2>\n<p>&nbsp;<\/p>\n<p><strong>Eva Bostr\u00f6m st\u00e4ller ut i S\u00f6derk\u00f6ping f\u00f6r f\u00f6rsta g\u00e5ngen.<\/strong>\u00a0Det \u00e4r faktiskt s\u00e5 att det \u00e4r f\u00f6rsta g\u00e5ngen hon \u00e4r i S\u00f6derk\u00f6ping.<\/p>\n<p>\u2013 Vilken fin stad, s\u00e4ger hon och f\u00f6rs\u00e4krar att hon kommer att \u00e5terv\u00e4nda. Kanske n\u00e4sta sommar.<\/p>\n<p>Somrarna tillbringar hon i \u00d6sterg\u00f6tland, n\u00e4rmare best\u00e4mt i Torpa i Ydre. Den \u00f6vriga tiden p\u00e5 \u00e5ret \u00e4r hon bosatt i \u00d6sterrike.<\/p>\n<p><strong>Eva Bostr\u00f6m antyder att hon halkade in p\u00e5 konstn\u00e4rsbanan p\u00e5 ett bananskal.<\/strong> Tur f\u00f6r oss konstintresserade \u00e5sk\u00e5dare som annars inte f\u00e5tt se hennes \u00f6verd\u00e5digt f\u00e4rgrika konst.<\/p>\n<p>&nbsp;<\/p>\n<p><a title=\"Sensuellt omslingrande gr\u00f6nsaker. Paprikor? Pepperoni? Eva Bostr\u00f6m har l\u00e5tit sig inspireras.\" href=\"https:\/\/www.flickr.com\/photos\/kultursidan\/44420350975\/in\/album-72157674511028498\/\"><img loading=\"lazy\" decoding=\"async\" src=\"https:\/\/farm2.staticflickr.com\/1927\/44420350975_95d500a020.jpg\" alt=\"Sensuellt omslingrande gr\u00f6nsaker. Paprikor? Pepperoni? Eva Bostr\u00f6m har l\u00e5tit sig inspireras.\" width=\"500\" height=\"396\" \/><\/a><br \/>\n<em>Sensuellt omslingrande gr\u00f6nsaker. Paprikor? Pepperoni? Eva Bostr\u00f6m har l\u00e5tit sig inspireras.<\/em><\/p>\n<p>&nbsp;<\/p>\n<p><strong>Hon m\u00e5lar mest i akryl, n\u00e5gon g\u00e5ng i olja.<\/strong> Detaljrikt, noggrant in i minsta detalj. En del av tavlorna utvecklar hon vidare till litografier eller gicl\u00e9e.<\/p>\n<p>\u2013 Gicl\u00e9e \u00e4r en teknik som blir allt vanligare ber\u00e4ttar Eva Bostr\u00f6m.<\/p>\n<p>Det \u00e4r en konstn\u00e4rlig grafisk teknik i form av bl\u00e4ckstr\u00e5leutskrift p\u00e5 dator.\u00a0Gicl\u00e9emetoden g\u00f6r det m\u00f6jligt f\u00f6r konstn\u00e4ren att erbjuda sina konstverk i sm\u00e5 upplagor.<\/p>\n<p><strong>Jag fastnar fr\u00e4mst f\u00f6r ett stort kohuvud i svartvitt.<\/strong> Otroligt att t\u00e4nka sig att den svarta f\u00e4rgen har\u00a0skrivits\u00a0 ut med bl\u00e4ck p\u00e5 en speciell skrivare.<\/p>\n<p>&nbsp;<\/p>\n<p><a title=\"Lovisa Lesse visar n\u00e5gra av sina 3D illustrationer. De har ett djup som g\u00f6r att man vill kliva rakt in i bilden.\" href=\"https:\/\/www.flickr.com\/photos\/kultursidan\/44420351225\/in\/album-72157674511028498\/\"><img loading=\"lazy\" decoding=\"async\" src=\"https:\/\/farm2.staticflickr.com\/1976\/44420351225_1c4fe84b20.jpg\" alt=\"Lovisa Lesse visar n\u00e5gra av sina 3D illustrationer. De har ett djup som g\u00f6r att man vill kliva rakt in i bilden.\" width=\"500\" height=\"336\" \/><\/a><br \/>\n<em>Lovisa Lesse visar n\u00e5gra av sina 3D illustrationer. De har ett djup som g\u00f6r att man vill kliva rakt in i bilden.<\/em><\/p>\n<p>&nbsp;<\/p>\n<h2>Lovisa Lesse<\/h2>\n<p>&nbsp;<\/p>\n<p><strong>Att Lovisa Lesse \u00e4r f\u00f6rtjust i tuppar g\u00e5r inte att ta miste p\u00e5.<\/strong> Tv\u00e5 hela v\u00e4ggar fyller hon med fotografier av m\u00e4nniskor som h\u00e5ller tuppar i famnen.<\/p>\n<p>Lovisa Lesse bor i\u00a0 Dyhult\u00a0 s\u00f6der om S\u00f6derk\u00f6ping. D\u00e4r har hon bland annat en stor h\u00f6nsg\u00e5rd.<\/p>\n<p>\u2013 Alla som kommer p\u00e5 bes\u00f6k fotograferas med en tupp i famnen. En del \u00e4lskar det, andra inte. N\u00e5gra f\u00f6redrar i st\u00e4llet att h\u00e5lla i en kyckling eller ett \u00e4gg.<\/p>\n<p><strong>\u00c4r det konst?<\/strong> Kanske snarare ett slags igenk\u00e4nnandets dokumentation. Redan vid vernissagen i l\u00f6rdags visade det sig att flera bes\u00f6kare k\u00e4nde igen n\u00e5gon person p\u00e5 bilderna. Kanske till och med sig sj\u00e4lva.<\/p>\n<p>&nbsp;<\/p>\n<p><a title=\"P\u00e5 Lovisa Lesses linjesk\u00f6na tuschteckningar f\u00e5r m\u00e4nniskan st\u00e5 tillbaka f\u00f6r djuren.\" href=\"https:\/\/www.flickr.com\/photos\/kultursidan\/43518011300\/in\/album-72157674511028498\/\"><img loading=\"lazy\" decoding=\"async\" src=\"https:\/\/farm2.staticflickr.com\/1967\/43518011300_39854f1299.jpg\" alt=\"P\u00e5 Lovisa Lesses linjesk\u00f6na tuschteckningar f\u00e5r m\u00e4nniskan st\u00e5 tillbaka f\u00f6r djuren.\" width=\"500\" height=\"240\" \/><\/a><br \/>\n<em>P\u00e5 Lovisa Lesses linjesk\u00f6na tuschteckningar f\u00e5r m\u00e4nniskan st\u00e5 tillbaka f\u00f6r djuren.<\/em><\/p>\n<p>&nbsp;<\/p>\n<p><strong>F\u00f6rutom fotografierna visar Lovisa Lesse tuschteckningar, ocks\u00e5 de med m\u00e4nniskor och tuppar i fokus.<\/strong>\u00a0Hon tecknar med pensel och flytande tusch p\u00e5 akvarellpapper. Stilrent med b\u00f6ljande linjer. N\u00e5gra 3D-illustrationer fascinerar. De bjuder verkligen betraktaren att kliva rakt in i bilden.<\/p>\n<p>\u2013 Ett s\u00e4tt att skapa som tar l\u00e5ng tid och fordrar mycket t\u00e5lamod, ber\u00e4ttar Lovisa Lesse.<\/p>\n<p>Hon har inspirerats till 3D-verken genom att arbeta med modellteater.\u00a0Lovisa Lesse \u00e4r f\u00f6dd i Norrk\u00f6ping. Hon har illustrerat en rad b\u00f6cker, bland annat n\u00e5gra av Sune-b\u00f6ckerna.<\/p>\n<p>&nbsp;<\/p>\n<p><strong>Konstf\u00f6reningens ordf\u00f6rande Anders Svensson h\u00e4lsade konstn\u00e4rerna v\u00e4lkomna vid utst\u00e4llningens \u00f6ppnande p\u00e5 l\u00f6rdagen.<\/strong> Deras konstverk visas till och med den 28 oktober.<\/p>\n<p><em>\u00a9 Text: Bibi Friedrichsen<br \/>\n\u00a9 Foto: Boy Svedberg<\/em><\/p>\n<p>BILDSPEL \u2013 KLICKA P\u00c5 BILDENS PILAR<\/p>\n<p><a data-flickr-embed='true' href='https:\/\/www.flickr.com\/photos\/kultursidan\/albums\/72157674511028498' title='Eva Bostr\u00f6m, Lovisa Lesse, Galleri R\u00e5dhuset 2018 by Kultursidan, on Flickr'><img src='https:\/\/live.staticflickr.com\/1956\/43518011110_26a449ac8a_z.jpg' width='800' height='600' alt='S\u00f6derk\u00f6pings konstf\u00f6renings ordf\u00f6rande Anders Svensson h\u00e4lsar oktober m\u00e5nads utst\u00e4llare v\u00e4lkomna. T v. Eva Bostr\u00f6m, t h Lovisa Lesse. I bakgrunden syns Eva Bostr\u00f6ms f\u00e4rgsprakande tulpaner.'><\/a><script async src='https:\/\/embedr.flickr.com\/assets\/client-code.js' charset='utf-8'><\/script><\/p>\n<blockquote>\n<h4>GALLERI R\u00c5DHUSET S\u00f6derk\u00f6ping<\/h4>\n<p>13\u201328 oktober 2018<br \/>\n<strong>Eva Bostr\u00f6m<\/strong><br \/>\nM\u00e5leri och litografi<br \/>\n<strong>Lovisa Lesse<\/strong><br \/>\nFoto och 3D-illustrationer<br \/>\nArr: S\u00f6derk\u00f6pings konstf\u00f6rening<\/p><\/blockquote>\n<p>L\u00c4NKAR<br \/>\nEva Bostr\u00f6m <a href=\"http:\/\/evabostrom.se\" target=\"_blank\" rel=\"noopener\">hemsida<\/a><br \/>\nLovisa Lesse <a href=\"http:\/\/www.lesse.se\" target=\"_blank\" rel=\"noopener\">hemsida<\/a><br \/>\nS\u00f6derk\u00f6pings konstf\u00f6rening <a href=\"https:\/\/soderkopingskonstforening.wordpress.com\" target=\"_blank\" rel=\"noopener\">hemsida<\/a> <a href=\"https:\/\/www.facebook.com\/S\u00f6derk\u00f6pings-Konstf\u00f6rening-1013415402045954\" target=\"_blank\" rel=\"noopener\">Facebook<\/a><\/p>\n","protected":false},"excerpt":{"rendered":"<p>S\u00d6DERK\u00d6PING S\u00f6derk\u00f6pings konstf\u00f6renings oktoberutst\u00e4llning g\u00e5r i naturens tecken. Djur, gr\u00f6nsaker, frukter och blommor pryder v\u00e4ggarna i de tre visningsrummen i Galleri R\u00e5dhuset. Konstn\u00e4rerna Eva Bostr\u00f6m och Lovisa Lesse delar p\u00e5 utrymmet.  <a class=\"continue-reading-link\" href=\"https:\/\/www.kultursidan.nu\/?p=38560\">L\u00e4s mer <span class=\"meta-nav\">&rarr; <\/span><\/a><\/p>\n","protected":false},"author":1001006,"featured_media":0,"comment_status":"closed","ping_status":"open","sticky":false,"template":"","format":"standard","meta":{"_jetpack_memberships_contains_paid_content":false,"footnotes":""},"categories":[6],"tags":[17,14],"class_list":["post-38560","post","type-post","status-publish","format-standard","hentry","category-soderkoping","tag-foto","tag-konst"],"jetpack_featured_media_url":"","jetpack_sharing_enabled":true,"_links":{"self":[{"href":"https:\/\/www.kultursidan.nu\/index.php?rest_route=\/wp\/v2\/posts\/38560","targetHints":{"allow":["GET"]}}],"collection":[{"href":"https:\/\/www.kultursidan.nu\/index.php?rest_route=\/wp\/v2\/posts"}],"about":[{"href":"https:\/\/www.kultursidan.nu\/index.php?rest_route=\/wp\/v2\/types\/post"}],"author":[{"embeddable":true,"href":"https:\/\/www.kultursidan.nu\/index.php?rest_route=\/wp\/v2\/users\/1001006"}],"replies":[{"embeddable":true,"href":"https:\/\/www.kultursidan.nu\/index.php?rest_route=%2Fwp%2Fv2%2Fcomments&post=38560"}],"version-history":[{"count":4,"href":"https:\/\/www.kultursidan.nu\/index.php?rest_route=\/wp\/v2\/posts\/38560\/revisions"}],"predecessor-version":[{"id":38565,"href":"https:\/\/www.kultursidan.nu\/index.php?rest_route=\/wp\/v2\/posts\/38560\/revisions\/38565"}],"wp:attachment":[{"href":"https:\/\/www.kultursidan.nu\/index.php?rest_route=%2Fwp%2Fv2%2Fmedia&parent=38560"}],"wp:term":[{"taxonomy":"category","embeddable":true,"href":"https:\/\/www.kultursidan.nu\/index.php?rest_route=%2Fwp%2Fv2%2Fcategories&post=38560"},{"taxonomy":"post_tag","embeddable":true,"href":"https:\/\/www.kultursidan.nu\/index.php?rest_route=%2Fwp%2Fv2%2Ftags&post=38560"}],"curies":[{"name":"wp","href":"https:\/\/api.w.org\/{rel}","templated":true}]}}