{"id":38642,"date":"2018-10-20T10:21:07","date_gmt":"2018-10-20T09:21:07","guid":{"rendered":"https:\/\/intelligent-friend-7861.standoutwp.com\/?p=38642"},"modified":"2018-10-20T10:21:07","modified_gmt":"2018-10-20T09:21:07","slug":"hammaren-kerola-och-eidem-staller-ut","status":"publish","type":"post","link":"https:\/\/www.kultursidan.nu\/?p=38642","title":{"rendered":"Hammar\u00e9n, Kerola och Eidem st\u00e4ller ut"},"content":{"rendered":"<p><img loading=\"lazy\" decoding=\"async\" class=\"alignnone size-medium wp-image-38643\" src=\"https:\/\/www.kultursidan.nu\/wp-content\/uploads\/2018\/10\/unspecified-567x357.jpg\" alt=\"\" width=\"567\" height=\"357\" srcset=\"https:\/\/www.kultursidan.nu\/wp-content\/uploads\/2018\/10\/unspecified-567x357.jpg 567w, https:\/\/www.kultursidan.nu\/wp-content\/uploads\/2018\/10\/unspecified-768x483.jpg 768w, https:\/\/www.kultursidan.nu\/wp-content\/uploads\/2018\/10\/unspecified-1024x644.jpg 1024w, https:\/\/www.kultursidan.nu\/wp-content\/uploads\/2018\/10\/unspecified-150x94.jpg 150w, https:\/\/www.kultursidan.nu\/wp-content\/uploads\/2018\/10\/unspecified-529x333.jpg 529w, https:\/\/www.kultursidan.nu\/wp-content\/uploads\/2018\/10\/unspecified.jpg 1200w\" sizes=\"auto, (max-width: 567px) 100vw, 567px\" \/><br \/>\n<em>Tillsammans. Stina Eidem, Nina Kerola och Anette Hammar\u00e9n intar var sitt rum p\u00e5 Konstforum.<\/em><\/p>\n<p>&nbsp;<\/p>\n<h1><span style=\"color: #ff0000;\">\u201dK\u00e4ra platser d\u00e4r jag vill vara\u201d<\/span><\/h1>\n<p>&nbsp;<\/p>\n<p>NORRK\u00d6PING <strong>Grafik med mera.<\/strong> Tre konstn\u00e4rer p\u00e5 Konstforum. Anette Hammar\u00e9n ruvar inifr\u00e5n skogens gr\u00f6nska. Nina Kerola granskar barndomsminnen ur \u00e4nnu ett vuxenperspektiv. Stina Eidem s\u00f6ker \u00f6gonblicket med blyertspennans hj\u00e4lp.<\/p>\n<p>I entr\u00e9rummet m\u00f6ts de, innan de sicksackar sig in i var sitt rum. H\u00e4r finns m\u00e5leri med olja och akvarell, rentav hundar i brons. Mest grafik i flera olika tekniker.<\/p>\n<p>&nbsp;<\/p>\n<p><a title=\"Anette Hammar\u00e9n \u2013 Dans och Stj\u00e4rnor\" href=\"https:\/\/www.flickr.com\/photos\/kultursidan\/45443929061\/in\/album-72157702444995704\/\"><img loading=\"lazy\" decoding=\"async\" src=\"https:\/\/farm2.staticflickr.com\/1962\/45443929061_4a5813a023.jpg\" alt=\"Anette Hammar\u00e9n \u2013 Dans och Stj\u00e4rnor\" width=\"500\" height=\"310\" \/><\/a><br \/>\n<em>Anette Hammar\u00e9n med bilderna Dans och Stj\u00e4rnor, i en serie med astronomiska motiv.<\/em><\/p>\n<p>&nbsp;<\/p>\n<h2>Anette Hammar\u00e9n<\/h2>\n<p>&nbsp;<\/p>\n<p><strong>Anette Hammar\u00e9n st\u00e4llde ut p\u00e5 Konstforum h\u00f6sten 2010.<\/strong> Dunkla landskap, som tycktes fotograferade om natten. Landskapet \u00e4r kvar och nu ber\u00e4ttar hon om naturen i Vallentuna, den hon kallar sitt \u201dskafferi\u201d. Skog och vatten, som skiftar i gr\u00f6nt.<\/p>\n<p>\u2013 Jag har k\u00e4ra platser d\u00e4r jag vill vara, som jag skapar ifr\u00e5n men inte avbildar, f\u00f6rklarar Anette Hammar\u00e9n motivvalen.<\/p>\n<p><strong>I entr\u00e9rummet m\u00f6ter den stilla <em>Tj\u00e4rnen<\/em>, Anette Hammar\u00e9ns enda m\u00e5lning, en vattenspegel i ett t\u00e4tbevuxet landskap.<\/strong> Kanske det sn\u00f6ar, kanske skogen \u00e4r elektrifierad.<\/p>\n<p>H\u00e4r finns ocks\u00e5 <em>Fj\u00e4ril<\/em> i mjukgrundsteknik som f\u00f6rklaras som att teckna p\u00e5 sm\u00f6rpapper som vilar p\u00e5 ett tunt lager vax p\u00e5 pl\u00e5ten. N\u00e4r sm\u00f6rpapperet dras bort f\u00f6ljer vaxet med, hur mycket \u00e4r os\u00e4kert. D\u00e4r inget vax skyddar pl\u00e5ten etsas den i syrabadet. Allts\u00e5 blir d\u00e4r en bild, en fj\u00e4ril, grankottar och fina ormbunksblad.<\/p>\n<p>\u2013 Jag har m\u00e5lat med guldf\u00e4rg, till\u00e4gger hon.<\/p>\n<p>&nbsp;<\/p>\n<p><a title=\"Anette Hammar\u00e9n \u2013 Geodesi\" href=\"https:\/\/www.flickr.com\/photos\/kultursidan\/44528961615\/in\/album-72157702444995704\/\"><img loading=\"lazy\" decoding=\"async\" src=\"https:\/\/farm2.staticflickr.com\/1928\/44528961615_dd72ef7fd3.jpg\" alt=\"Anette Hammar\u00e9n \u2013 Geodesi\" width=\"500\" height=\"331\" \/><\/a><br \/>\n<em>Geodesi. Vanligtvis utg\u00e5r Anette Hammar\u00e9n fr\u00e5n sitt eget landskap n\u00e4r hon arbetar. Den h\u00e4r g\u00e5ngen funderar hon kring en tidig lantm\u00e4tares syn p\u00e5 landskap.<\/em><\/p>\n<p>&nbsp;<\/p>\n<p><strong>I Hamnrummet finns en serie med nattmotiv, stj\u00e4rnbilder \u00f6ver landskap.<\/strong> Astronomisk sagost\u00e4mning framkallad av akvatint i kombination med fotopolymer.<\/p>\n<p>Anette Hammar\u00e9n g\u00e4star \u00e4ven stora Tr\u00e4dg\u00e5rdsrummet med collaget \u00c5rstiderna, d\u00e4r hon \u201dm\u00e5lar\u201d med smala remsor fr\u00e5n gamla grafiska blad. Konstn\u00e4ren p\u00e5minner om att grafik trycks med oljef\u00e4rg. Resultatet \u00e4r ett str\u00e5lskimrande landskap med vatten och himmel.<\/p>\n<p>\u2013 Det \u00e4r en soppa, nej det \u00e4r essensen av det jag h\u00e5ller p\u00e5 med. Ett koncentrat kanske man kan s\u00e4ga, s\u00f6ker konstn\u00e4ren sig fram.<\/p>\n<p><strong>Och s\u00e5 finns d\u00e4r <em>Geodesi<\/em>.<\/strong> Den h\u00e4r g\u00e5ngen heter tekniken h\u00e5rdgrund, allts\u00e5 ristning direkt i pl\u00e5ten. Tre torn i ett antytt landskap, pr\u00f6vat av tunna svarta streck mot ljusa f\u00e4rger.<\/p>\n<p>\u2013 Min mans \u00e4ldre sl\u00e4kting var geodetiker f\u00f6r Lantm\u00e4teriet. De byggde tornen av tr\u00e4, sedan kl\u00e4ttrade de upp i dem f\u00f6r att m\u00e4ta landskapets topografi, h\u00f6jden. Jag funderar \u00f6ver hur han s\u00e5g p\u00e5 landskapet.<\/p>\n<p>&nbsp;<\/p>\n<p><a title=\"Nina Kerola \u2013 Stranden II\" href=\"https:\/\/www.flickr.com\/photos\/kultursidan\/44529032485\/in\/album-72157696758991610\/\"><img loading=\"lazy\" decoding=\"async\" src=\"https:\/\/farm2.staticflickr.com\/1943\/44529032485_e9ac2f3c73.jpg\" alt=\"Nina Kerola \u2013 Stranden II\" width=\"332\" height=\"500\" \/><\/a><br \/>\n<em>Stranden utanf\u00f6r Bj\u00f6rneborg var ett sommarparadis f\u00f6r Nina Kerola n\u00e4r hon var barn. I grafiken \u00e5terv\u00e4nder hon till minnenas landskap.<\/em><\/p>\n<p>&nbsp;<\/p>\n<h2>Nina Kerola<\/h2>\n<p>&nbsp;<\/p>\n<p><strong>Nina Kerola r\u00f6r sig i minnenas landskap.<\/strong> 2013 delade hon med sig av barndomens sommarminnen fr\u00e5n campingsemester hos Galleri Sander p\u00e5 NP33. D\u00e5 med lekfulla Musse Pigg\u00f6ron och japanskt r\u00f6d sol p\u00e5 himlen.<\/p>\n<p><strong>Nu \u00e4r det \u00e4nnu mer sparsmakat.<\/strong> \u00c4nnu mer svart mot vita rymder, gr\u00e5toner men inte platt svartvitt s\u00e4ger hon sig str\u00e4va mot. St\u00e4mningen \u00e4r dr\u00f6msk. Absolut inga mus\u00f6ron. Men konstn\u00e4ren befolkar \u00e5ter sina bilder med sig sj\u00e4lv, vi kommer henne n\u00e4rmare.<\/p>\n<p>\u2013 Minnen \u00e4r viktigt f\u00f6r mig. Jag jobbar med ett tema med olika platser jag minns, ber\u00e4ttar Nina Kerola som i utst\u00e4llningen \u00e5ter v\u00e4nder tillbaka till det Finland d\u00e4r v\u00e4xte upp och som hon l\u00e4mnade.<\/p>\n<p><strong>Hennes bilder tar mest plats i Tr\u00e4dg\u00e5rdsrummet.<\/strong> Det \u00e4r d\u00e4r serien med hennes flytt fr\u00e5n huset, huset som hon flyttar\/b\u00e4r. N\u00e5gra viktiga detaljer lyfts fram med f\u00e4rgens hj\u00e4lp.<\/p>\n<p>\u2013 Lite humor, jag kan inte b\u00e4ra huset med mig, kommenterar hon.<\/p>\n<p><strong>Fallsk\u00e4rmar \u00e4r ett tema i n\u00e5gra av bilderna.<\/strong> Vackrast \u00e4r <em>Den h\u00e4r platsen<\/em> d\u00e4r himlen fylls av runda fallsk\u00e4rmar. Inga linor, inga kroppar. Den unga kvinnan ser upp mot dem. De skulle kunna vara maneter eller kapsyler.<\/p>\n<p>\u2013 Man faller. Det \u00e4r en os\u00e4kerhet om var man hamnar, reflekterar Nina Kerola.<\/p>\n<p>&nbsp;<\/p>\n<p><a title=\"Nina Kerola \u2013 Sj\u00f6botten\" href=\"https:\/\/www.flickr.com\/photos\/kultursidan\/45392020142\/in\/album-72157696758991610\/\"><img loading=\"lazy\" decoding=\"async\" src=\"https:\/\/farm2.staticflickr.com\/1905\/45392020142_e8ac09e0cc.jpg\" alt=\"Nina Kerola \u2013 Sj\u00f6botten\" width=\"500\" height=\"249\" \/><\/a><br \/>\n<em>Sj\u00f6botten. Den korthuggna vassen str\u00e4cker sig mot o\u00e4ndligheten, eller \u00e5tminstone l\u00e5ngt f\u00f6r gestalten till v\u00e4nster.<\/em><\/p>\n<p>&nbsp;<\/p>\n<p><strong>Vatten och str\u00e4nder.<\/strong> I l\u00e5nga <em>Sj\u00f6botten<\/em> st\u00e5r den unga kvinna som var hon i den korthuggna vassen; pinnarna str\u00e4cker ut sig framf\u00f6r henne, l\u00e5ngt l\u00e5ngt bort. F\u00f6r den som \u00e4r i b\u00f6rjan av livet k\u00e4nns framtiden o\u00e4ndlig, t\u00e4nker jag.<\/p>\n<p><strong>Tekniken \u00e4r fotopolymer.<\/strong> Nina Kerola komponerar, l\u00e4gger samman, upprepar, vinklar, och drar ifr\u00e5n. S\u00e4rskilt drar hon ifr\u00e5n. Hon menar att tomheten ger djup i hennes bilder.<\/p>\n<p>\u2013 Det \u00e4r kanske d\u00e4rf\u00f6r man blir grafiker f\u00f6r att man \u00e4lskar processen. Det \u00e4r meditation.<\/p>\n<p>&nbsp;<\/p>\n<p><a title=\"Stina Eidem med akvareller\" href=\"https:\/\/www.flickr.com\/photos\/kultursidan\/45444200971\/in\/album-72157701074986031\/\"><img loading=\"lazy\" decoding=\"async\" src=\"https:\/\/farm2.staticflickr.com\/1926\/45444200971_9b66495c7b.jpg\" alt=\"Stina Eidem med akvareller\" width=\"500\" height=\"331\" \/><\/a><br \/>\n<em>Akvareller. Med stillsamma modeller har Stina Eidem inte startat med pennan utan med penseln direkt.<\/em><\/p>\n<p>&nbsp;<\/p>\n<h2>Stina Eidem<\/h2>\n<p>&nbsp;<\/p>\n<p><strong>\u2013 Jag har inga som helst fantasier utan utg\u00e5r fr\u00e5n teckningen, klarg\u00f6r Stina Eidem. <\/strong>Stora rummet \u00e4r hennes med akvareller, grafik, skulptur.<\/p>\n<p>Med penna p\u00e5 papper kommer hon uppenbarligen l\u00e5ngt. Tecknar av, tecknar av, g\u00e4rna i fr\u00e4mmande land som Artist in Residence f\u00f6r att s\u00f6ka nya motiv. P\u00e5 gatorna i Paris eller i Kina k\u00e4nner hon sig fri att teckna. Tills \u00f6gonblicket uppst\u00e5r, hon ser det direkt \u2013 handen har f\u00e5ngat motivet.<\/p>\n<p>\u2013 Det \u00e4r i \u00f6gonblicken saker h\u00e4nder! Man m\u00e5ste vara snabb. Grunden ligger i teckningen.<\/p>\n<p>&nbsp;<\/p>\n<p><a title=\"Stina Eidem \u2013 Liten och Stor kinesisk mops\" href=\"https:\/\/www.flickr.com\/photos\/kultursidan\/44529148515\/in\/album-72157701074986031\/\"><img loading=\"lazy\" decoding=\"async\" src=\"https:\/\/farm2.staticflickr.com\/1919\/44529148515_75446cd1eb.jpg\" alt=\"Stina Eidem \u2013 Liten och Stor kinesisk mops\" width=\"500\" height=\"331\" \/><\/a><br \/>\n<em>\u00d6gonblickets f\u00e5ngst. Stina Eidems penna fann mopsivern. Sedan har hon \u00f6verf\u00f6rt den till grafik eller som h\u00e4r till brons \u2013 Liten kinesisk mops och Stor kinesisk mops.<\/em><\/p>\n<p>&nbsp;<\/p>\n<p><strong>Teckningarna f\u00e5r vi inte se h\u00e4r p\u00e5 Konstforum, d\u00e4remot det som kommer sedan.<\/strong> Det \u00e4r s\u00e5 vi f\u00e5r m\u00f6ta <em>Kinesisk mops<\/em> med ansiktet som \u00e4r s\u00e5 platt att hela framkroppen tycks ha k\u00f6rt in i en lastbil. Den finns som linjegrafik, tekniken kallas carborundum\/chinecoll\u00e9, och som tv\u00e5 snedst\u00e4llda skulpturer i brons, en lite st\u00f6rre och en lite mindre. Mopsivern g\u00e5r inte att ta miste p\u00e5.<\/p>\n<p><strong><em>Den rika kinesen<\/em> och <em>Den fattiga kinesen<\/em> passerade Stina Eidems penna p\u00e5 gatan.<\/strong> H\u00e4r h\u00e4nger de som akvareller p\u00e5 rispapper. Penseln lyfter kl\u00e4derna i l\u00e5nga drag.<\/p>\n<p><strong>Utan att ta v\u00e4gen om pennan lyckas hon f\u00e5 l\u00e5na uppstoppade djur p\u00e5 allehanda naturmuseer.<\/strong> F\u00e5glar och en hermelin st\u00e5r modell f\u00f6r akvarell.<\/p>\n<p>\u2013 T\u00e4nk vilken lycka att f\u00e5 k\u00f6ra fram en vagn med dem. Jag kan m\u00e5la direkt och f\u00e5r m\u00e5la hela dan!<\/p>\n<p><em>\u00a9 Text: Ann-Charlotte Sandelin<br \/>\n\u00a9 Foto: Nils-G\u00f6ran Tillgren<\/em><\/p>\n<p>ANETTE HAMMAR\u00c9N \u2013 BILDSPEL \u2013 KLICKA P\u00c5 BILDENS PILAR<\/p>\n<p><a data-flickr-embed='true' href='https:\/\/www.flickr.com\/photos\/kultursidan\/sets\/72157702444995704' title='Anette Hammar\u00e9n, Konstforum 2018 by Kultursidan, on Flickr'><img src='https:\/\/live.staticflickr.com\/1930\/45443928521_8814beec77_z.jpg' width='800' height='600' alt='Anette Hammar\u00e9n \u2013 \u00c5rstiderna'><\/a><script async src='https:\/\/embedr.flickr.com\/assets\/client-code.js' charset='utf-8'><\/script><\/p>\n<p>NINA KEROLA \u2013 BILDSPEL \u2013 KLICKA P\u00c5 BILDENS PILAR<\/p>\n<p><a data-flickr-embed='true' href='https:\/\/www.flickr.com\/photos\/kultursidan\/sets\/72157696758991610' title='Nina Kerola, Konstforum 2018 by Kultursidan, on Flickr'><img src='https:\/\/live.staticflickr.com\/1909\/44529032335_86ae4a1f6e_z.jpg' width='800' height='600' alt='Nina Kerola \u2013 Den h\u00e4r platsen'><\/a><script async src='https:\/\/embedr.flickr.com\/assets\/client-code.js' charset='utf-8'><\/script><\/p>\n<p>STINA EIDEM \u2013 BILDSPEL \u2013 KLICKA P\u00c5 BILDENS PILAR<\/p>\n<p><a data-flickr-embed='true' href='https:\/\/www.flickr.com\/photos\/kultursidan\/sets\/72157701074986031' title='Stina Eidem, Konstforum 2018 by Kultursidan, on Flickr'><img src='https:\/\/live.staticflickr.com\/1907\/44529148285_77b82f5f79_z.jpg' width='800' height='600' alt='Stina Eidem st\u00e4ller ut p\u00e5 Konstforum'><\/a><script async src='https:\/\/embedr.flickr.com\/assets\/client-code.js' charset='utf-8'><\/script><\/p>\n<blockquote>\n<h4>KONSTFORUM &amp; STUDION Norrk\u00f6ping<\/h4>\n<p>H\u00f6sten 2018<\/p>\n<p style=\"padding-left: 30px;\">8\u201323 september 2018<br \/>\n<strong>Pontus Raud<\/strong><br \/>\n<strong>N\u00f6dv\u00e4ndiga relationer<\/strong><br \/>\nM\u00e5leri, grafik<\/p>\n<p style=\"padding-left: 30px;\">8\u201323 september 2018<br \/>\n<strong>Viola Tar<\/strong><br \/>\nFotografi<\/p>\n<p style=\"padding-left: 30px;\">29 september \u2013 14 oktober 2018<br \/>\n<strong>Mats Lyd\u00e9n<\/strong><br \/>\nM\u00e5leri<br \/>\n<strong>Anders Adelgren<\/strong><br \/>\nM\u00e5leri<\/p>\n<p style=\"padding-left: 30px;\">29 september \u2013 14 oktober 2018<br \/>\n<strong>Jan Allan<\/strong><br \/>\nFotografi<\/p>\n<p>20 oktober \u2013 4 november 2018<br \/>\n<strong>Anette Hammar\u00e9n<\/strong><br \/>\nM\u00e5leri, grafik<br \/>\n<strong>Nina Kerola<\/strong><br \/>\nGrafik<br \/>\n<strong>Stina Eidem<\/strong><br \/>\nM\u00e5leri, grafik, skulptur<\/p>\n<p>21 oktober \u2013 4 november 2018<br \/>\n<strong>Moa Liverstam<\/strong><br \/>\nFotografi<\/p>\n<p style=\"padding-left: 30px;\">10\u201325 november 2018<br \/>\n<strong>Per Serre<\/strong><br \/>\nM\u00e5leri<\/p>\n<p style=\"padding-left: 30px;\">11\u201325 november 2018<br \/>\n<strong>Anna Julkunen<\/strong><br \/>\nFotografi<\/p>\n<p style=\"padding-left: 30px;\">1\u201316 december 2018<br \/>\n<strong>\u00d6stg\u00f6taforum<\/strong><\/p>\n<\/blockquote>\n<p>L\u00c4NKAR<br \/>\nAnette Hammar\u00e9n <a href=\"http:\/\/annettehammaren.com\" target=\"_blank\" rel=\"noopener\">hemsida<\/a><br \/>\nNina Kerola <a href=\"http:\/\/ninakerola.se\" target=\"_blank\" rel=\"noopener\">hemsida<\/a><br \/>\nStina Eidem <a href=\"http:\/\/www.stinaeidem.se\" target=\"_blank\" rel=\"noopener\">hemsida<\/a><br \/>\nKonstforum <a href=\"http:\/\/konstforumnorrkoping.se\" target=\"_blank\" rel=\"noopener\">hemsida<\/a> <a href=\"https:\/\/www.facebook.com\/pages\/Konstforum-Norrk%C3%B6ping\/436387379718835?fref=ts\" target=\"_blank\" rel=\"noopener\">Facebook<\/a><br \/>\nJan Allan, Mats Lyd\u00e9n, Anders Adelgren <a href=\"http:\/\/A\" target=\"_blank\" rel=\"noopener\">reportage<\/a> Kultursidan.nu 4\/10 2018<br \/>\nPontus Raud och Viola Tar p\u00e5 Konstforum <a href=\"https:\/\/www.kultursidan.nu\/?p=38182\" target=\"_blank\" rel=\"noopener\">reportage<\/a> Kultursidan.nu 19\/9 2018<br \/>\nKerola, Sipil\u00e4 och Sweeney p\u00e5 NP33 <a href=\"https:\/\/www.kultursidan.nu\/?p=12323\" target=\"_blank\" rel=\"noopener\">reportage<\/a> Kultursidan.nu 25\/9 2013<br \/>\nNovember-konst i alla riktningar <a href=\"https:\/\/www.kultursidan.nu\/?p=581\" target=\"_blank\" rel=\"noopener\">reportage<\/a> Kultursidan.nu 11\/11 2010<\/p>\n","protected":false},"excerpt":{"rendered":"<p>NORRK\u00d6PING Grafik med mera. Tre konstn\u00e4rer intar varsitt rum p\u00e5 Konstforum. Anette Hammar\u00e9n ruvar inifr\u00e5n skogens gr\u00f6nska. Nina Kerola granskar barndomsminnen ur \u00e4nnu ett vuxenperspektiv. Stina Eidem s\u00f6ker \u00f6gonblicket med blyertspennans hj\u00e4lp. <a class=\"continue-reading-link\" href=\"https:\/\/www.kultursidan.nu\/?p=38642\">L\u00e4s mer <span class=\"meta-nav\">&rarr; <\/span><\/a><\/p>\n","protected":false},"author":1001006,"featured_media":0,"comment_status":"closed","ping_status":"open","sticky":false,"template":"","format":"standard","meta":{"_jetpack_memberships_contains_paid_content":false,"footnotes":""},"categories":[7],"tags":[14],"class_list":["post-38642","post","type-post","status-publish","format-standard","hentry","category-norrkoping","tag-konst"],"jetpack_featured_media_url":"","jetpack_sharing_enabled":true,"_links":{"self":[{"href":"https:\/\/www.kultursidan.nu\/index.php?rest_route=\/wp\/v2\/posts\/38642","targetHints":{"allow":["GET"]}}],"collection":[{"href":"https:\/\/www.kultursidan.nu\/index.php?rest_route=\/wp\/v2\/posts"}],"about":[{"href":"https:\/\/www.kultursidan.nu\/index.php?rest_route=\/wp\/v2\/types\/post"}],"author":[{"embeddable":true,"href":"https:\/\/www.kultursidan.nu\/index.php?rest_route=\/wp\/v2\/users\/1001006"}],"replies":[{"embeddable":true,"href":"https:\/\/www.kultursidan.nu\/index.php?rest_route=%2Fwp%2Fv2%2Fcomments&post=38642"}],"version-history":[{"count":4,"href":"https:\/\/www.kultursidan.nu\/index.php?rest_route=\/wp\/v2\/posts\/38642\/revisions"}],"predecessor-version":[{"id":38647,"href":"https:\/\/www.kultursidan.nu\/index.php?rest_route=\/wp\/v2\/posts\/38642\/revisions\/38647"}],"wp:attachment":[{"href":"https:\/\/www.kultursidan.nu\/index.php?rest_route=%2Fwp%2Fv2%2Fmedia&parent=38642"}],"wp:term":[{"taxonomy":"category","embeddable":true,"href":"https:\/\/www.kultursidan.nu\/index.php?rest_route=%2Fwp%2Fv2%2Fcategories&post=38642"},{"taxonomy":"post_tag","embeddable":true,"href":"https:\/\/www.kultursidan.nu\/index.php?rest_route=%2Fwp%2Fv2%2Ftags&post=38642"}],"curies":[{"name":"wp","href":"https:\/\/api.w.org\/{rel}","templated":true}]}}